{"id":589667,"date":"2025-12-10T01:49:18","date_gmt":"2025-12-10T01:49:18","guid":{"rendered":"https:\/\/www.europesays.com\/fr\/589667\/"},"modified":"2025-12-10T01:49:18","modified_gmt":"2025-12-10T01:49:18","slug":"la-proposition-choc-de-la-pdg-de-france-televisions-delphine-ernotte-avant-son-audition-a-lassemblee","status":"publish","type":"post","link":"https:\/\/www.europesays.com\/fr\/589667\/","title":{"rendered":"la proposition choc de la PDG de France T\u00e9l\u00e9visions Delphine Ernotte avant son audition \u00e0 l\u2019Assembl\u00e9e"},"content":{"rendered":"<p>\n    <strong>ENTRETIEN EXCLUSIF &#8211; <\/strong>En plein conflit entre CNews et l\u2019audiovisuel public, Delphine Ernotte propose d\u2019instaurer un syst\u00e8me de pluralisme externe.<\/p>\n<p class=\"fig-paragraph\"><a href=\"http:\/\/www.lefigaro.fr\/medias\/france-televisions-en-2026-mon-objectif-est-d-arriver-a-zero-deficit-previent-delphine-ernotte-20251113\" data-fig-type=\"NewsFlash\" data-gtm-custom-categorie=\"navigation\" data-gtm-custom-action=\"crossclick\" data-gtm-custom-label=\"Contextuel\" data-gtm-event=\"customEventSPE\" data-fig-domain=\"LEFIGARO\" target=\"_blank\" rel=\"noopener\">Delphine Ernotte<\/a>\u00a0se sait attendue au tournant. \u00c0 15\u00a0h\u00a030 ce mercredi, la pr\u00e9sidente de\u00a0<a href=\"http:\/\/www.lefigaro.fr\/medias\/france-televisions-et-radio-france-reclament-1-5-million-d-euros-de-dedommagement-a-cnews-a-europe-1-et-au-jdd-20251119\" data-fig-type=\"Article\" data-gtm-custom-categorie=\"navigation\" data-gtm-custom-action=\"crossclick\" data-gtm-custom-label=\"Contextuel\" data-gtm-event=\"customEventSPE\" data-fig-domain=\"LEFIGARO\" target=\"_blank\" rel=\"noopener\">France T\u00e9l\u00e9visions<\/a>\u00a0sera auditionn\u00e9e \u00e0 l\u2019Assembl\u00e9e nationale devant la commission d\u2019enqu\u00eate parlementaire sur l\u2019audiovisuel public cr\u00e9\u00e9e dans le sillage de \u00ab\u00a0l\u2019affaire Legrand-Cohen\u00a0\u00bb, du nom des deux journalistes du service public accus\u00e9s de connivence avec le PS. \u00ab\u00a0L\u2019audiovisuel public est financ\u00e9 par tous les Fran\u00e7ais, il est donc parfaitement l\u00e9gitime que la repr\u00e9sentation nationale s\u2019y int\u00e9resse, confie Delphine Ernotte. J\u2019aborde ces travaux avec s\u00e9r\u00e9nit\u00e9 pour d\u00e9fendre nos missions, le travail de nos salari\u00e9s et surtout r\u00e9fl\u00e9chir \u00e0 l\u2019avenir de notre t\u00e9l\u00e9vision publique.\u00a0\u00bb<\/p>\n<p class=\"fig-paragraph\">Dans la guerre ouverte entre les entreprises audiovisuelles publiques et les m\u00e9dias du groupe de\u00a0<a href=\"http:\/\/www.lefigaro.fr\/medias\/scission-de-vivendi-la-cour-de-cassation-donne-gain-de-cause-a-bollore-20251128\" data-fig-type=\"NewsFlash\" data-gtm-custom-categorie=\"navigation\" data-gtm-custom-action=\"crossclick\" data-gtm-custom-label=\"Contextuel\" data-gtm-event=\"customEventSPE\" data-fig-domain=\"LEFIGARO\" target=\"_blank\" rel=\"noopener\">Vincent Bollor\u00e9<\/a>, chaque mot et chaque silence de son intervention seront analys\u00e9s et comment\u00e9s. \u00ab\u00a0Lorsque j\u2019ai candidat\u00e9 \u00e0 un troisi\u00e8me mandat, je me doutais que \u00e7a n\u2019allait pas \u00eatre simple, reconna\u00eet la dirigeante. Mais je ne\u2026<\/p>\n<p class=\"fig-premium-paywall__infos\">\n        Cet article est r\u00e9serv\u00e9 aux abonn\u00e9s.        Il vous reste 91% \u00e0 d\u00e9couvrir.\n    <\/p>\n<p>                <img  data- alt=\"Le Figaro\" class=\"fig-img--complete fig-img\"\/><\/p>\n<p class=\"fig-premium-paywall__title\">Vente Flash<\/p>\n<p class=\"fig-premium-paywall__subtitle\">-50% sur l&rsquo;abonnement num\u00e9rique<\/p>\n<p class=\"fig-premium-paywall__connect\">\n                D\u00e9j\u00e0 abonn\u00e9\u00a0?                <a class=\"fig-premium-paywall__connect-link\" href=\"https:\/\/connect.lefigaro.fr\/login?client=horizon_web&amp;type=main&amp;redirect_uri=https%3A%2F%2Fwww.lefigaro.fr%2Fmedias%2Fs-inspirer-de-la-presse-et-accepter-les-chaines-d-opinion-la-proposition-choc-de-la-pdg-de-france-televisions-delphine-ernotte-avant-son-audition-a-l-assemblee-20251209\" data-js-gtm=\"{&quot;customCategorie&quot;: &quot;conversion&quot;, &quot;customAction&quot;: &quot;before_Landing_Connexion_paywall_auto&quot;, &quot;customLabel&quot;: &quot;bGVmaWdhcm8uZnJfXzFmMGQ1MGMyLTgwOTktNmJiNC1hNjAxLTY3NDA5MGI5ZTY4ZV9fQXJ0aWNsZQ==_S\u2019inspirer de la presse et accepter les cha\u00eenes d\u2019opinion\u00a0: la proposition choc de la PDG de France T\u00e9l\u00e9visions Delphine Ernotte avant son audition \u00e0 l\u2019Assembl\u00e9e_321&quot;, &quot;customIDSPE&quot;: &quot;bGVmaWdhcm8uZnJfXzFmMGQ1MGMyLTgwOTktNmJiNC1hNjAxLTY3NDA5MGI5ZTY4ZV9fQXJ0aWNsZQ==&quot;, &quot;event&quot;: &quot;customEventSPE&quot;}\" target=\"_blank\" rel=\"noopener\"><br \/>\n                    Connectez-vous<br \/>\n                <\/a>\n            <\/p>\n","protected":false},"excerpt":{"rendered":"ENTRETIEN EXCLUSIF &#8211; En plein conflit entre CNews et l\u2019audiovisuel public, Delphine Ernotte propose d\u2019instaurer un syst\u00e8me de&hellip;\n","protected":false},"author":2,"featured_media":589668,"comment_status":"","ping_status":"","sticky":false,"template":"","format":"standard","meta":{"footnotes":""},"categories":[4],"tags":[11,11255,1011,27,2400,12,25],"class_list":{"0":"post-589667","1":"post","2":"type-post","3":"status-publish","4":"format-standard","5":"has-post-thumbnail","7":"category-france","8":"tag-actualites","9":"tag-delphine-ernotte","10":"tag-fr","11":"tag-france","12":"tag-france-televisions","13":"tag-news","14":"tag-republique-francaise"},"share_on_mastodon":{"url":"https:\/\/pubeurope.com\/@fr\/115692762990687190","error":""},"_links":{"self":[{"href":"https:\/\/www.europesays.com\/fr\/wp-json\/wp\/v2\/posts\/589667","targetHints":{"allow":["GET"]}}],"collection":[{"href":"https:\/\/www.europesays.com\/fr\/wp-json\/wp\/v2\/posts"}],"about":[{"href":"https:\/\/www.europesays.com\/fr\/wp-json\/wp\/v2\/types\/post"}],"author":[{"embeddable":true,"href":"https:\/\/www.europesays.com\/fr\/wp-json\/wp\/v2\/users\/2"}],"replies":[{"embeddable":true,"href":"https:\/\/www.europesays.com\/fr\/wp-json\/wp\/v2\/comments?post=589667"}],"version-history":[{"count":0,"href":"https:\/\/www.europesays.com\/fr\/wp-json\/wp\/v2\/posts\/589667\/revisions"}],"wp:featuredmedia":[{"embeddable":true,"href":"https:\/\/www.europesays.com\/fr\/wp-json\/wp\/v2\/media\/589668"}],"wp:attachment":[{"href":"https:\/\/www.europesays.com\/fr\/wp-json\/wp\/v2\/media?parent=589667"}],"wp:term":[{"taxonomy":"category","embeddable":true,"href":"https:\/\/www.europesays.com\/fr\/wp-json\/wp\/v2\/categories?post=589667"},{"taxonomy":"post_tag","embeddable":true,"href":"https:\/\/www.europesays.com\/fr\/wp-json\/wp\/v2\/tags?post=589667"}],"curies":[{"name":"wp","href":"https:\/\/api.w.org\/{rel}","templated":true}]}}