{"id":589669,"date":"2025-12-10T01:50:32","date_gmt":"2025-12-10T01:50:32","guid":{"rendered":"https:\/\/www.europesays.com\/fr\/589669\/"},"modified":"2025-12-10T01:50:32","modified_gmt":"2025-12-10T01:50:32","slug":"des-familles-de-lattentat-du-dc-10-affligees-par-le-journal-dun-prisonnier-le-livre-de-nicolas-sarkozy","status":"publish","type":"post","link":"https:\/\/www.europesays.com\/fr\/589669\/","title":{"rendered":"Des familles de l\u2019attentat du DC-10 \u00ab\u00a0afflig\u00e9es\u00a0\u00bb par \u00ab\u00a0Le Journal d\u2019un prisonnier\u00a0\u00bb, le livre de Nicolas Sarkozy"},"content":{"rendered":"<p>Des familles de<a href=\"https:\/\/www.20minutes.fr\/france\/1446173-20140919-25-ans-attentat-dc10-uta-commemores-fond-menaces-nouvelles\" class=\"c-link c-link--is-underlined\" target=\"_blank\" rel=\"noopener\"> victimes de l\u2019attentat du DC-10<\/a>, parties civiles au proc\u00e8s du financement libyen de la campagne de Nicolas Sarkozy, se sont d\u00e9clar\u00e9es mardi \u00ab\u00a0afflig\u00e9es\u00a0\u00bb par le passage qui leur est consacr\u00e9 dans le livre \u00e9crit par l\u2019ex-chef d\u2019Etat lors de<a href=\"https:\/\/www.20minutes.fr\/politique\/4190060-20251206-laitages-bic-prieres-nicolas-sarkozy-revele-coulisses-passage-prison\" class=\"c-link c-link--is-underlined\" target=\"_blank\" rel=\"noopener\"> son incarc\u00e9ration<\/a>, \u00e0 para\u00eetre ce mercredi.<\/p>\n<p><a href=\"http:\/\/20minutes.fr\/politique\/4190316-20251209-macron-etrille-pen-louee-psg-consoler-passages-retenir-livre-sarkozy-ecrit-prison\" target=\"_blank\" class=\"c-link c-link--is-underlined\" rel=\"noopener\">Dans Le journal d\u2019un prisonnier<\/a>\u00a0d\u00e9di\u00e9 \u00e0 ses trois semaines de d\u00e9tention \u00e0 la prison parisienne de la Sant\u00e9 en octobre-novembre, <a href=\"https:\/\/www.20minutes.fr\/politique\/nicolas_sarkozy\/\" class=\"c-link c-link--is-underlined\" target=\"_blank\" rel=\"noopener\">Nicolas Sarkozy<\/a> \u00ab\u00a0se pr\u00e9sente comme une victime injustement prise pour cible par des familles ingrates et revanchardes\u00a0\u00bb, fustige dans un communiqu\u00e9 transmis \u00e0 l\u2019AFP le <a href=\"https:\/\/www.liberation.fr\/idees-et-debats\/tribunes\/nous-les-filles-du-dc10-etions-au-proces-sarkozy-et-nous-avons-vu-sexercer-une-justice-humaine-et-respectueuse-20251012_4QV4PGWRZFFVFLJWMKKRLI6UYI\/\" rel=\"nofollow noopener\" target=\"_blank\" class=\"c-link c-link--is-underlined\">collectif \u00ab\u00a0Les Filles du DC-10\u00a0\u00bb<\/a>.<\/p>\n<\/p>\n<p>170 personnes tu\u00e9es dans l\u2019attaque<\/p>\n<p>\u00ab\u00a0Une fois encore, Nicolas Sarkozy inverse les r\u00f4les, faisant croire qu\u2019il serait la v\u00e9ritable victime, celle de la douleur des familles du DC-10. C\u2019est un choix assum\u00e9\u00a0: d\u00e9former les faits et escamoter la v\u00e9rit\u00e9\u00a0\u00bb, regrette ce groupe de filles, m\u00e8res et soeurs de morts du DC-10.<\/p>\n<p>Le 19 septembre\u00a01989, 170 personnes de 18 nationalit\u00e9s ont \u00e9t\u00e9 tu\u00e9es dans l\u2019attaque pr\u00e9par\u00e9e par les services secrets libyens contre l\u2019avion d\u2019UTA au-dessus du Niger.<\/p>\n<p>Nicolas Sarkozy a \u00e9t\u00e9 condamn\u00e9 pour avoir laiss\u00e9 ses deux plus proches collaborateurs, Brice Hortefeux et Claude Gu\u00e9ant, d\u00e9marcher en vue d\u2019un financement de sa campagne pr\u00e9sidentielle de\u00a02007 un haut dignitaire libyen, Abdallah Senoussi, alors que celui-ci \u00e9tait sous le coup d\u2019une condamnation \u00e0 la r\u00e9clusion criminelle \u00e0 perp\u00e9tuit\u00e9 pour cet attentat. En contrepartie, ils lui auraient laiss\u00e9 miroiter un examen de sa situation judiciaire.<\/p>\n<p>Condamn\u00e9 \u00e0 cinq ans de prison en septembre et \u00e9crou\u00e9 par le tribunal eu \u00e9gard \u00e0 la gravit\u00e9 des faits, Nicolas Sarkozy nie et sera jug\u00e9 en appel du 16\u00a0mars au 3\u00a0juin 2026.<\/p>\n<p>\u00ab\u00a0Nouvelle distorsion de la v\u00e9rit\u00e9\u00a0\u00bb<\/p>\n<p>Dans son ouvrage, Nicolas Sarkozy qualifie les auditions des familles de \u00ab\u00a0l\u2019un des moments les plus \u00e9mouvants\u00a0\u00bb du proc\u00e8s de premi\u00e8re instance. \u00ab\u00a0J\u2019ai \u00e9t\u00e9 boulevers\u00e9 par nombre de ces t\u00e9moignages. Je fus cependant affect\u00e9 par la violence de certains propos \u00e0 mon endroit\u00a0\u00bb, y \u00e9crit l\u2019ancien pr\u00e9sident de la R\u00e9publique.<\/p>\n<p>L\u2019ancien chef de l\u2019\u00c9tat souligne qu\u2019il a re\u00e7u les familles avant la visite de Mouammar Kadhafi \u00e0 Paris en d\u00e9cembre\u00a02007 et qu\u2019il \u00ab\u00a0n'[a] jamais eu le moindre contact avec Abdallah Senoussi, l\u2019auteur de ce monstrueux attentat\u00a0\u00bb, rencontr\u00e9 toutefois par ses proches Claude Gu\u00e9ant et Brice Hortefeux fin\u00a02005, avant et apr\u00e8s sa visite officielle en Libye en tant que ministre de l\u2019Int\u00e9rieur.<\/p>\n<p>\u00ab\u00a0Affirmer n\u2019avoir jamais eu de contact avec l\u2019organisateur de l\u2019attentat du DC-10 est une nouvelle distorsion de la v\u00e9rit\u00e9 [\u2026]. Nicolas Sarkozy ne pouvait ignorer les liens existants entre ses plus proches collaborateurs et le num\u00e9ro\u00a02 libyen\u00a0\u00bb, estiment ces proches des victimes du DC-10.<\/p>\n","protected":false},"excerpt":{"rendered":"Des familles de victimes de l\u2019attentat du DC-10, parties civiles au proc\u00e8s du financement libyen de la campagne&hellip;\n","protected":false},"author":2,"featured_media":589670,"comment_status":"","ping_status":"","sticky":false,"template":"","format":"standard","meta":{"footnotes":""},"categories":[2],"tags":[47,11,1011,27,4367,1380,8168,12,3091,806,807,104],"class_list":{"0":"post-589669","1":"post","2":"type-post","3":"status-publish","4":"format-standard","5":"has-post-thumbnail","7":"category-actualites","8":"tag-actualite","9":"tag-actualites","10":"tag-fr","11":"tag-france","12":"tag-libye","13":"tag-livres","14":"tag-mouammar-kadhafi","15":"tag-news","16":"tag-nicolas-sarkozy","17":"tag-prison","18":"tag-prisonniers","19":"tag-societe"},"share_on_mastodon":{"url":"https:\/\/pubeurope.com\/@fr\/115692766726463958","error":""},"_links":{"self":[{"href":"https:\/\/www.europesays.com\/fr\/wp-json\/wp\/v2\/posts\/589669","targetHints":{"allow":["GET"]}}],"collection":[{"href":"https:\/\/www.europesays.com\/fr\/wp-json\/wp\/v2\/posts"}],"about":[{"href":"https:\/\/www.europesays.com\/fr\/wp-json\/wp\/v2\/types\/post"}],"author":[{"embeddable":true,"href":"https:\/\/www.europesays.com\/fr\/wp-json\/wp\/v2\/users\/2"}],"replies":[{"embeddable":true,"href":"https:\/\/www.europesays.com\/fr\/wp-json\/wp\/v2\/comments?post=589669"}],"version-history":[{"count":0,"href":"https:\/\/www.europesays.com\/fr\/wp-json\/wp\/v2\/posts\/589669\/revisions"}],"wp:featuredmedia":[{"embeddable":true,"href":"https:\/\/www.europesays.com\/fr\/wp-json\/wp\/v2\/media\/589670"}],"wp:attachment":[{"href":"https:\/\/www.europesays.com\/fr\/wp-json\/wp\/v2\/media?parent=589669"}],"wp:term":[{"taxonomy":"category","embeddable":true,"href":"https:\/\/www.europesays.com\/fr\/wp-json\/wp\/v2\/categories?post=589669"},{"taxonomy":"post_tag","embeddable":true,"href":"https:\/\/www.europesays.com\/fr\/wp-json\/wp\/v2\/tags?post=589669"}],"curies":[{"name":"wp","href":"https:\/\/api.w.org\/{rel}","templated":true}]}}