{"id":58967,"date":"2025-04-28T10:09:21","date_gmt":"2025-04-28T10:09:21","guid":{"rendered":"https:\/\/www.europesays.com\/fr\/58967\/"},"modified":"2025-04-28T10:09:21","modified_gmt":"2025-04-28T10:09:21","slug":"lactrice-michelle-pfeiffer-laisse-son-empreinte-a-hollywood-cest-un-reve-devenu-realite-video","status":"publish","type":"post","link":"https:\/\/www.europesays.com\/fr\/58967\/","title":{"rendered":"L&rsquo;actrice Michelle Pfeiffer laisse son empreinte \u00e0 Hollywood : \u00ab\u00a0C&rsquo;est un r\u00eave devenu r\u00e9alit\u00e9\u00a0\u00bb (VID\u00c9O)"},"content":{"rendered":"<p class=\"ap-StoryElement ap-StoryElement--mb ap-StoryText\">Michelle Pfeiffer a pu compter sur la pr\u00e9sence d&rsquo;Elle et Dakota Fanning, l&rsquo;une en noir, l&rsquo;autre en blanc, \u00e0 ses c\u00f4t\u00e9s. Les s\u0153urs avaient respectivement 3 ans et 7 ans quand elles ont fait leurs d\u00e9buts devant la cam\u00e9ra dans Sam, je suis Sam, avec Sean Penn et Michelle Pfeiffer, justement. Elle Fanning l&rsquo;a ensuite retrouv\u00e9e dans Mal\u00e9fique : le pouvoir du mal (2019), et elles ont r\u00e9cemment tourn\u00e9 ensemble Margo&rsquo;s Got Money Trouble, s\u00e9rie bient\u00f4t diffus\u00e9e sur Apple +, produite par David E. Kelly, le mari de l&rsquo;actrice, \u00e9galement pr\u00e9sent au TCL Chinese Theatre.<\/p>\n<p><a href=\"https:\/\/www.parismatch.be\/actualites\/people\/2025\/04\/26\/deces-de-lex-enfant-star-sophie-nyweide-de-nouvelles-revelations-sur-la-mort-de-lactrice-JC477YHMHRG35NYGGV7B5QYDPI\/\" target=\"_blank\" rel=\"noopener noreferrer\" class=\"ap-StoryInterstitialLink ap-StoryElement ap-StoryElement--mb\">D\u00e9c\u00e8s de l&rsquo;ex-enfant star Sophie Nyweide : de nouvelles r\u00e9v\u00e9lations sur la mort de l&rsquo;actrice<\/a>De \u00ab\u00a0Scarface\u00a0\u00bb \u00e0 \u00ab\u00a0Ant-Man et la Gu\u00eape\u00a0\u00bb, la carri\u00e8re prolifique de Michelle Pfeiffer<\/p>\n<p class=\"ap-StoryElement ap-StoryElement--mb ap-StoryText\">R\u00e9v\u00e9l\u00e9e au d\u00e9but des ann\u00e9es 1980, notamment gr\u00e2ce au r\u00f4le d&rsquo;Elvira dans Scarface, avec Al Pacino, Michelle Pfeiffer a marqu\u00e9 le cin\u00e9ma hollywoodien de son empreinte, avec des films tel que Batman : Le D\u00e9fi (1992), Wolf (1994), Esprits rebelles (1995), Apparences (2000), Hairspray (2007), Happy New Year (2011), Mother (2017), et, r\u00e9cemment, plusieurs films de l&rsquo;univers Marvel dans le r\u00f4le de la Gu\u00eape. Si elle a \u00e9t\u00e9 trois fois nomm\u00e9e aux Oscars (Les liaisons dangereuses, 1988, Susie et les Baker Boys, 1989, et Love Field, 1992), elle n&rsquo;a jamais remport\u00e9 de statuette dor\u00e9e.<\/p>\n<p><a href=\"https:\/\/www.parismatch.be\/actualites\/people\/2025\/04\/27\/nicola-coughlan-star-des-chroniques-de-bridgerton-officialise-son-couple-decouvrez-lheureux-elu-6TZOLPABBVG7NHZ7JNGE3JGXRY\/\" target=\"_blank\" rel=\"noopener noreferrer\" class=\"ap-StoryInterstitialLink ap-StoryElement ap-StoryElement--mb\">Nicola Coughlan, star des \u00ab\u00a0Chroniques de Bridgerton\u00a0\u00bb officialise son couple : d\u00e9couvrez l&rsquo;heureux \u00e9lu<\/a><\/p>\n","protected":false},"excerpt":{"rendered":"Michelle Pfeiffer a pu compter sur la pr\u00e9sence d&rsquo;Elle et Dakota Fanning, l&rsquo;une en noir, l&rsquo;autre en blanc,&hellip;\n","protected":false},"author":2,"featured_media":58968,"comment_status":"","ping_status":"","sticky":false,"template":"","format":"standard","meta":{"footnotes":""},"categories":[1354],"tags":[15549,58,59,2081,1346,1011,27,1227,1360],"class_list":{"0":"post-58967","1":"post","2":"type-post","3":"status-publish","4":"format-standard","5":"has-post-thumbnail","7":"category-films","8":"tag-celebrity","9":"tag-divertissement","10":"tag-entertainment","11":"tag-film","12":"tag-films","13":"tag-fr","14":"tag-france","15":"tag-horizontal","16":"tag-movies"},"share_on_mastodon":{"url":"https:\/\/pubeurope.com\/@fr\/114415046853677547","error":""},"_links":{"self":[{"href":"https:\/\/www.europesays.com\/fr\/wp-json\/wp\/v2\/posts\/58967","targetHints":{"allow":["GET"]}}],"collection":[{"href":"https:\/\/www.europesays.com\/fr\/wp-json\/wp\/v2\/posts"}],"about":[{"href":"https:\/\/www.europesays.com\/fr\/wp-json\/wp\/v2\/types\/post"}],"author":[{"embeddable":true,"href":"https:\/\/www.europesays.com\/fr\/wp-json\/wp\/v2\/users\/2"}],"replies":[{"embeddable":true,"href":"https:\/\/www.europesays.com\/fr\/wp-json\/wp\/v2\/comments?post=58967"}],"version-history":[{"count":0,"href":"https:\/\/www.europesays.com\/fr\/wp-json\/wp\/v2\/posts\/58967\/revisions"}],"wp:featuredmedia":[{"embeddable":true,"href":"https:\/\/www.europesays.com\/fr\/wp-json\/wp\/v2\/media\/58968"}],"wp:attachment":[{"href":"https:\/\/www.europesays.com\/fr\/wp-json\/wp\/v2\/media?parent=58967"}],"wp:term":[{"taxonomy":"category","embeddable":true,"href":"https:\/\/www.europesays.com\/fr\/wp-json\/wp\/v2\/categories?post=58967"},{"taxonomy":"post_tag","embeddable":true,"href":"https:\/\/www.europesays.com\/fr\/wp-json\/wp\/v2\/tags?post=58967"}],"curies":[{"name":"wp","href":"https:\/\/api.w.org\/{rel}","templated":true}]}}