{"id":589673,"date":"2025-12-10T01:53:32","date_gmt":"2025-12-10T01:53:32","guid":{"rendered":"https:\/\/www.europesays.com\/fr\/589673\/"},"modified":"2025-12-10T01:53:32","modified_gmt":"2025-12-10T01:53:32","slug":"saint-etienne-jean-pierre-berger-finalement-candidat-de-la-majorite-municipale","status":"publish","type":"post","link":"https:\/\/www.europesays.com\/fr\/589673\/","title":{"rendered":"Saint-\u00c9tienne : Jean-Pierre Berger finalement candidat de la majorit\u00e9 municipale"},"content":{"rendered":"<p><img width=\"487\" height=\"298\" src=\"https:\/\/www.europesays.com\/fr\/wp-content\/uploads\/2025\/12\/jeanpierreBerger.jpg\" class=\"attachment-post-thumbnail size-post-thumbnail wp-post-image\" alt=\"\" decoding=\"async\" fetchpriority=\"high\" \/><\/p>\n<p>Jean-Pierre Berger (SdH\/LPI)<\/p>\n<p><strong>Celui qui \u00e9tait jusqu\u2019ici premier adjoint au maire de la ville sera finalement le candidat de la majorit\u00e9 municipale \u00e0 la fonction de maire de la Ville, Marc Chassaub\u00e9n\u00e9 ayant jet\u00e9 l\u2019\u00e9ponge dans un \u00absouci d\u2019apaisement\u00bb.<\/strong><\/p>\n<p>La prochaine s\u00e9ance du conseil municipal de Saint-Etienne se d\u00e9roulera jeudi 11 d\u00e9cembre \u00e0 14h30. Elle d\u00e9signera le maire de la Ville pour la fin du mandat, suite \u00e0 la d\u00e9mission de Ga\u00ebl Perdriau. Alors qu\u2019un conseil municipal devait initialement se tenir ce lundi 8 d\u00e9cembre, les d\u00e9lais de convocation ont contraint \u00e0 la tenue d\u2019une assembl\u00e9e quelques jours plus tard. <\/p>\n<p><img decoding=\"async\" src=\"https:\/\/www.europesays.com\/fr\/wp-content\/uploads\/2025\/04\/abonnezvouslarge.jpg\" alt=\"\" \/><\/p>\n<p>Pour lire la totalit\u00e9 de l&rsquo;article,<strong><a href=\"http:\/\/www.lyonpoleimmo.com\/membership-options-page\/\" target=\"_blank\" rel=\"noopener\">abonnez-vous<\/a> <\/strong>ou <a href=\"http:\/\/www.lyonpoleimmo.com\/senregistrer\/\" target=\"_blank\" rel=\"noopener\"><strong>identifiez-vous<\/strong><\/a>  <\/p>\n<p><strong>Si vous avez appr\u00e9ci\u00e9 cet article, s&rsquo;il vous plait, prenez le temps de <a href=\"#comments\">laisser un commentaire<\/a> ou de <a href=\"http:\/\/www.lyonpoleimmo.com\/feed\/\" target=\"_blank\" rel=\"noopener\">souscrire au flux<\/a> afin de recevoir les futurs articles directement dans votre lecteur de flux.<br \/>\n    <\/strong><\/p>\n<p>\t<a href=\"http:\/\/www.lyonpoleimmo.com\/2025\/12\/09\/93319\/villeurbanne-la-svu-lance-la-collecte-de-cartons-en-cyclologistique\/\" rel=\"bookmark noopener\" title=\"Lien Permanent vers Villeurbanne\u00a0: la SVU lance la collecte de cartons en cyclologistique\" target=\"_blank\">Villeurbanne\u00a0: la SVU lance la collecte de cartons en cyclologistique<\/a><\/p>\n<p>\t<a href=\"http:\/\/www.lyonpoleimmo.com\/2025\/12\/09\/93319\/villeurbanne-la-svu-lance-la-collecte-de-cartons-en-cyclologistique\/\" rel=\"bookmark noopener\" title=\"Lien Permanent vers Villeurbanne\u00a0: la SVU lance la collecte de cartons en cyclologistique\" target=\"_blank\"><\/p>\n<p>La soci\u00e9t\u00e9 villeurbannaise d\u2019urbanisme a lanc\u00e9 ce service gratuit de collecte de cartons aupr\u00e8s des commer\u00e7ants des Gratte-Ciel.<\/p>\n<p><\/a><\/p>\n<p>\t<a href=\"http:\/\/www.lyonpoleimmo.com\/2025\/12\/08\/93287\/fontaines-sur-saone-les-nouveaux-abords-du-college-jean-de-tournes-inaugures\/\" rel=\"bookmark noopener\" title=\"Lien Permanent vers Fontaines-sur-Sa\u00f4ne\u00a0: les nouveaux abords du coll\u00e8ge Jean de Tournes inaugur\u00e9s\" target=\"_blank\">Fontaines-sur-Sa\u00f4ne\u00a0: les nouveaux abords du coll\u00e8ge Jean de Tournes inaugur\u00e9s<\/a><\/p>\n<p>\t<a href=\"http:\/\/www.lyonpoleimmo.com\/2025\/12\/08\/93287\/fontaines-sur-saone-les-nouveaux-abords-du-college-jean-de-tournes-inaugures\/\" rel=\"bookmark noopener\" title=\"Lien Permanent vers Fontaines-sur-Sa\u00f4ne\u00a0: les nouveaux abords du coll\u00e8ge Jean de Tournes inaugur\u00e9s\" target=\"_blank\"><\/p>\n<p><img decoding=\"async\" src=\"https:\/\/www.europesays.com\/fr\/wp-content\/uploads\/2025\/12\/college-fontaines.jpg\" alt=\"null\" \/>Le coll\u00e8ge Jean de Tournes poss\u00e8de d\u00e9sormais un nouveau parvis et une cour r\u00e9am\u00e9nag\u00e9e selon le souhait des coll\u00e9giens, issu d\u2019un budget participatif.<\/p>\n<p><\/a><\/p>\n<p>\t<a href=\"http:\/\/www.lyonpoleimmo.com\/2025\/12\/07\/93265\/fin-des-travaux-sur-la-montee-de-la-boucle\/\" rel=\"bookmark noopener\" title=\"Lien Permanent vers Fin des travaux sur la mont\u00e9e de la Boucle\" target=\"_blank\">Fin des travaux sur la mont\u00e9e de la Boucle<\/a><\/p>\n<p>\t<a href=\"http:\/\/www.lyonpoleimmo.com\/2025\/12\/07\/93265\/fin-des-travaux-sur-la-montee-de-la-boucle\/\" rel=\"bookmark noopener\" title=\"Lien Permanent vers Fin des travaux sur la mont\u00e9e de la Boucle\" target=\"_blank\"><\/p>\n<p>Les travaux d\u2019am\u00e9nagements de la Voie Lyonnaise 7 sont termin\u00e9s sur la mont\u00e9e de la Boucle et sur le carrefour du boulevard des Canuts.<\/p>\n<p><\/a><\/p>\n<p>\t<a href=\"http:\/\/www.lyonpoleimmo.com\/2025\/12\/07\/93259\/projet-le-vallon-a-saint-genis-laval-les-deux-premiers-lots-attribues\/\" rel=\"bookmark noopener\" title=\"Lien Permanent vers Projet \u00able Vallon\u00bb \u00e0 Saint-Genis-Laval : les deux premiers lots attribu\u00e9s\" target=\"_blank\">Projet \u00able Vallon\u00bb \u00e0 Saint-Genis-Laval : les deux premiers lots attribu\u00e9s<\/a><\/p>\n<p>\t<a href=\"http:\/\/www.lyonpoleimmo.com\/2025\/12\/07\/93259\/projet-le-vallon-a-saint-genis-laval-les-deux-premiers-lots-attribues\/\" rel=\"bookmark noopener\" title=\"Lien Permanent vers Projet \u00able Vallon\u00bb \u00e0 Saint-Genis-Laval : les deux premiers lots attribu\u00e9s\" target=\"_blank\"><\/p>\n<p><img decoding=\"async\" src=\"https:\/\/www.europesays.com\/fr\/wp-content\/uploads\/2025\/12\/Le-Vallon-Saint-Genis.jpg\" alt=\"null\" \/>Les HCL ont d\u00e9sign\u00e9, en lien avec la Ville et la M\u00e9tropole de Lyon, l\u2019\u00e9quipe qui r\u00e9alisera les lots E2 et E5 de la ZAC du Vallon, projet urbain qui se traduira \u00e0 terme par la construction de 1.350 logements.<\/p>\n<p><\/a><\/p>\n<p>\t<a href=\"http:\/\/www.lyonpoleimmo.com\/2025\/12\/04\/93227\/rillieux-la-pape-le-grignotage-des-barres-des-rues-boileau-et-renoir-lance\/\" rel=\"bookmark noopener\" title=\"Lien Permanent vers Rillieux-la-Pape : le grignotage des barres des rues Boileau et Renoir lanc\u00e9\" target=\"_blank\">Rillieux-la-Pape : le grignotage des barres des rues Boileau et Renoir lanc\u00e9<\/a><\/p>\n<p>\t<a href=\"http:\/\/www.lyonpoleimmo.com\/2025\/12\/04\/93227\/rillieux-la-pape-le-grignotage-des-barres-des-rues-boileau-et-renoir-lance\/\" rel=\"bookmark noopener\" title=\"Lien Permanent vers Rillieux-la-Pape : le grignotage des barres des rues Boileau et Renoir lanc\u00e9\" target=\"_blank\"><\/p>\n<p><img decoding=\"async\" src=\"https:\/\/www.europesays.com\/fr\/wp-content\/uploads\/2025\/12\/Grignotage-rillieux.jpg\" alt=\"null\" \/>La d\u00e9molition de 128 logements de part et d\u2019autre de l\u2019avenue de l\u2019Europe a \u00e9t\u00e9 lanc\u00e9e ce mercredi.<\/p>\n<p><\/a><\/p>\n<p>\t<a href=\"http:\/\/www.lyonpoleimmo.com\/2025\/11\/25\/93094\/villeurbanne-amenagement-dun-demonstrateur-pour-la-gestion-des-eaux-pluviales\/\" rel=\"bookmark noopener\" title=\"Lien Permanent vers Villeurbanne : am\u00e9nagement d\u2019un d\u00e9monstrateur pour la gestion des eaux pluviales\" target=\"_blank\">Villeurbanne : am\u00e9nagement d\u2019un d\u00e9monstrateur pour la gestion des eaux pluviales<\/a><\/p>\n<p>\t<a href=\"http:\/\/www.lyonpoleimmo.com\/2025\/11\/25\/93094\/villeurbanne-amenagement-dun-demonstrateur-pour-la-gestion-des-eaux-pluviales\/\" rel=\"bookmark noopener\" title=\"Lien Permanent vers Villeurbanne : am\u00e9nagement d\u2019un d\u00e9monstrateur pour la gestion des eaux pluviales\" target=\"_blank\"><\/p>\n<p>La M\u00e9tropole de Lyon am\u00e9nage \u00e0 Villeurbanne un site d\u00e9monstrateur de solutions de gestion des eaux pluviales. Celui-ci prend place sur une parcelle en friche de 1.700 m\u00b2 au sein de l\u2019\u00eelot Mazoyer.<\/p>\n<p><\/a><\/p>\n<p>\t<a href=\"http:\/\/www.lyonpoleimmo.com\/2025\/11\/24\/93079\/le-projet-presquile-a-vivre-obtient-4-etoiles-aux-prix-de-la-participation\/\" rel=\"bookmark noopener\" title=\"Lien Permanent vers Le projet \u00abPresqu\u2019\u00eele \u00e0 vivre\u00bb obtient 4 \u00e9toiles aux prix de la participation\" target=\"_blank\">Le projet \u00abPresqu\u2019\u00eele \u00e0 vivre\u00bb obtient 4 \u00e9toiles aux prix de la participation<\/a><\/p>\n<p>\t<a href=\"http:\/\/www.lyonpoleimmo.com\/2025\/11\/24\/93079\/le-projet-presquile-a-vivre-obtient-4-etoiles-aux-prix-de-la-participation\/\" rel=\"bookmark noopener\" title=\"Lien Permanent vers Le projet \u00abPresqu\u2019\u00eele \u00e0 vivre\u00bb obtient 4 \u00e9toiles aux prix de la participation\" target=\"_blank\"><\/p>\n<p><img decoding=\"async\" src=\"https:\/\/www.europesays.com\/fr\/wp-content\/uploads\/2025\/12\/Ruedelarepublique2.jpg\" \/>La M\u00e9tropole de Lyon a re\u00e7u 4 \u00e9toiles aux dixi\u00e8mes prix de la participation pour le projet de transformation et d\u2019adaptation de la Presqu\u2019\u00eele.<\/p>\n<p><\/a><\/p>\n<p>\t<a href=\"http:\/\/www.lyonpoleimmo.com\/2025\/11\/23\/93039\/livraison-despaces-publics-reamenages-au-sein-du-pup-aynard-lafontaine\/\" rel=\"bookmark noopener\" title=\"Lien Permanent vers Livraison d\u2019espaces publics r\u00e9am\u00e9nag\u00e9s au sein du PUP Aynard-Lafontaine\" target=\"_blank\">Livraison d\u2019espaces publics r\u00e9am\u00e9nag\u00e9s au sein du PUP Aynard-Lafontaine<\/a><\/p>\n<p>\t<a href=\"http:\/\/www.lyonpoleimmo.com\/2025\/11\/23\/93039\/livraison-despaces-publics-reamenages-au-sein-du-pup-aynard-lafontaine\/\" rel=\"bookmark noopener\" title=\"Lien Permanent vers Livraison d\u2019espaces publics r\u00e9am\u00e9nag\u00e9s au sein du PUP Aynard-Lafontaine\" target=\"_blank\"><\/p>\n<p>La M\u00e9tropole de Lyon et la Ville de Villeurbanne livrent une nouvelle phase d\u2019am\u00e9nagements avec 6.500 m2 d\u2019espaces publics dans le quartier Ferrandi\u00e8re-Maisons-Neuves.<\/p>\n<p><\/a><\/p>\n<p>\t<a href=\"http:\/\/www.lyonpoleimmo.com\/2025\/11\/17\/92957\/la-place-des-martyrs-de-la-resistance-a-ete-inauguree\/\" rel=\"bookmark noopener\" title=\"Lien Permanent vers La place des Martyrs de la R\u00e9sistance a \u00e9t\u00e9 inaugur\u00e9e\" target=\"_blank\">La place des Martyrs de la R\u00e9sistance a \u00e9t\u00e9 inaugur\u00e9e<\/a><\/p>\n<p>\t<a href=\"http:\/\/www.lyonpoleimmo.com\/2025\/11\/17\/92957\/la-place-des-martyrs-de-la-resistance-a-ete-inauguree\/\" rel=\"bookmark noopener\" title=\"Lien Permanent vers La place des Martyrs de la R\u00e9sistance a \u00e9t\u00e9 inaugur\u00e9e\" target=\"_blank\"><\/p>\n<p><img decoding=\"async\" src=\"https:\/\/www.europesays.com\/fr\/wp-content\/uploads\/2025\/11\/place-martyrs-resistance4.jpg\" alt=\"null\" \/>La r\u00e9novation de la place des Martyrs de la R\u00e9sistance, inaugur\u00e9e jeudi, a consist\u00e9 en un am\u00e9nagement sobre pour en faire un v\u00e9ritable espace public v\u00e9g\u00e9talis\u00e9, \u00e0 m\u00eame d\u2019accueillir plusieurs usages.<\/p>\n<p><\/a><\/p>\n<p>\t<a href=\"http:\/\/www.lyonpoleimmo.com\/2025\/11\/16\/92933\/le-projet-peyssilieu-a-meyzieu-obtient-un-avis-favorable-de-la-cnac\/\" rel=\"bookmark noopener\" title=\"Lien Permanent vers Le projet Peyssilieu \u00e0 Meyzieu obtient un avis favorable de la CNAC\" target=\"_blank\">Le projet Peyssilieu \u00e0 Meyzieu obtient un avis favorable de la CNAC<\/a><\/p>\n<p>\t<a href=\"http:\/\/www.lyonpoleimmo.com\/2025\/11\/16\/92933\/le-projet-peyssilieu-a-meyzieu-obtient-un-avis-favorable-de-la-cnac\/\" rel=\"bookmark noopener\" title=\"Lien Permanent vers Le projet Peyssilieu \u00e0 Meyzieu obtient un avis favorable de la CNAC\" target=\"_blank\"><\/p>\n<p>La M\u00e9tropole de Lyon a salu\u00e9 cette d\u00e9cision<\/p>\n<p><\/a><\/p>\n<p>\t<a href=\"http:\/\/www.lyonpoleimmo.com\/2025\/10\/30\/92760\/une-future-passerelle-a-horizon-2030-entre-la-saulaie-et-gerland\/\" rel=\"bookmark noopener\" title=\"Lien Permanent vers Une future passerelle \u00e0 horizon 2030 entre La Saulaie et Gerland\" target=\"_blank\">Une future passerelle \u00e0 horizon 2030 entre La Saulaie et Gerland<\/a><\/p>\n<p>\t<a href=\"http:\/\/www.lyonpoleimmo.com\/2025\/10\/30\/92760\/une-future-passerelle-a-horizon-2030-entre-la-saulaie-et-gerland\/\" rel=\"bookmark noopener\" title=\"Lien Permanent vers Une future passerelle \u00e0 horizon 2030 entre La Saulaie et Gerland\" target=\"_blank\"><\/p>\n<p><img decoding=\"async\" src=\"https:\/\/www.europesays.com\/fr\/wp-content\/uploads\/2025\/11\/passerelle-Saulaie-Gerland3.jpg\" alt=\"null\" \/>La M\u00e9tropole de Lyon a pr\u00e9sent\u00e9 en cours de semaine derni\u00e8re la future passerelle entre Gerland et La Saulaie.<\/p>\n<p><\/a><\/p>\n<p>\t<a href=\"http:\/\/www.lyonpoleimmo.com\/2025\/10\/23\/92676\/le-reamenagement-de-la-place-edgar-quinet-est-enclenche\/\" rel=\"bookmark noopener\" title=\"Lien Permanent vers Le r\u00e9am\u00e9nagement de la Place Edgar Quinet est enclench\u00e9\" target=\"_blank\">Le r\u00e9am\u00e9nagement de la Place Edgar Quinet est enclench\u00e9<\/a><\/p>\n<p>\t<a href=\"http:\/\/www.lyonpoleimmo.com\/2025\/10\/23\/92676\/le-reamenagement-de-la-place-edgar-quinet-est-enclenche\/\" rel=\"bookmark noopener\" title=\"Lien Permanent vers Le r\u00e9am\u00e9nagement de la Place Edgar Quinet est enclench\u00e9\" target=\"_blank\"><\/p>\n<p><img decoding=\"async\" src=\"https:\/\/www.europesays.com\/fr\/wp-content\/uploads\/2025\/11\/place-Edgar-Quinet-1.jpg\" alt=\"null\" \/>La M\u00e9tropole et la Ville de Lyon organisaient mercredi une visite de cet espace public qui va conna\u00eetre une profonde transformation dans les prochains mois.<\/p>\n<p><\/a><\/p>\n<p>\t<a href=\"http:\/\/www.lyonpoleimmo.com\/2025\/10\/18\/92562\/on-nest-pas-dans-une-logique-de-betonisation-a-outrance\/\" rel=\"bookmark noopener\" title=\"Lien Permanent vers \u00abOn n\u2019est pas dans une logique de b\u00e9tonisation \u00e0 outrance\u00bb\" target=\"_blank\">\u00abOn n\u2019est pas dans une logique de b\u00e9tonisation \u00e0 outrance\u00bb<\/a><\/p>\n<p>\t<a href=\"http:\/\/www.lyonpoleimmo.com\/2025\/10\/18\/92562\/on-nest-pas-dans-une-logique-de-betonisation-a-outrance\/\" rel=\"bookmark noopener\" title=\"Lien Permanent vers \u00abOn n\u2019est pas dans une logique de b\u00e9tonisation \u00e0 outrance\u00bb\" target=\"_blank\"><\/p>\n<p><img decoding=\"async\" src=\"https:\/\/www.europesays.com\/fr\/wp-content\/uploads\/2025\/10\/JeremieBreaud-1.jpg\" alt=\"null\" \/>J\u00e9r\u00e9mie Br\u00e9aud est maire de Bron et conseiller d\u00e9l\u00e9gu\u00e9 aux grands \u00e9v\u00e8nements de la R\u00e9gion Auvergne-Rh\u00f4ne-Alpes. Nous \u00e9voquons avec lui les diff\u00e9rents grands projets de la ville de Bron, comme la place de la Libert\u00e9, Terraillon, ou encore le renouvellement urbain de Parilly, mais aussi les sujets de tension avec la M\u00e9tropole comme la Voie Lyonnaise 12 ou le r\u00e9am\u00e9nagement de la route de Genas.<\/p>\n<p><\/a><\/p>\n<p>\t<a href=\"http:\/\/www.lyonpoleimmo.com\/2025\/10\/15\/92540\/villeurbanne-inauguration-du-jardin-lina-cretet\/\" rel=\"bookmark noopener\" title=\"Lien Permanent vers Villeurbanne : inauguration du jardin Lina-Cretet\" target=\"_blank\">Villeurbanne : inauguration du jardin Lina-Cretet<\/a><\/p>\n<p>\t<a href=\"http:\/\/www.lyonpoleimmo.com\/2025\/10\/15\/92540\/villeurbanne-inauguration-du-jardin-lina-cretet\/\" rel=\"bookmark noopener\" title=\"Lien Permanent vers Villeurbanne : inauguration du jardin Lina-Cretet\" target=\"_blank\"><\/p>\n<p><img decoding=\"async\" src=\"https:\/\/www.europesays.com\/fr\/wp-content\/uploads\/2025\/11\/jardin-letet.jpg\" alt=\"null\" \/>Le jardin Lina-Cretet, un nouvel espace de nature au c\u0153ur du quartier Mansard, a \u00e9t\u00e9 inaugur\u00e9 ce mercredi.<\/p>\n<p><\/a><\/p>\n<p>\t<a href=\"http:\/\/www.lyonpoleimmo.com\/2025\/10\/12\/92466\/292-km%c2%b2-despaces-enaf-consommes-en-aura-entre-2011-et-2020\/\" rel=\"bookmark noopener\" title=\"Lien Permanent vers 292 km\u00b2 d\u2019espaces ENAF consomm\u00e9s en AURA entre 2011 et 2020\" target=\"_blank\">292 km\u00b2 d\u2019espaces ENAF consomm\u00e9s en AURA entre 2011 et 2020<\/a><\/p>\n<p>\t<a href=\"http:\/\/www.lyonpoleimmo.com\/2025\/10\/12\/92466\/292-km%c2%b2-despaces-enaf-consommes-en-aura-entre-2011-et-2020\/\" rel=\"bookmark noopener\" title=\"Lien Permanent vers 292 km\u00b2 d\u2019espaces ENAF consomm\u00e9s en AURA entre 2011 et 2020\" target=\"_blank\"><\/p>\n<p>Selon l\u2019INSEE, la consommation d\u2019espaces naturels, agricoles ou forestiers en Auvergne-Rh\u00f4ne-Alpes sur la p\u00e9riode repr\u00e9sente 292 km\u00b2 sur un territoire d\u2019un peu moins de 70.000 km\u00b2. L\u2019habitat y contribue aux deux tiers.<\/p>\n<p><\/a><\/p>\n","protected":false},"excerpt":{"rendered":"Jean-Pierre Berger (SdH\/LPI) Celui qui \u00e9tait jusqu\u2019ici premier adjoint au maire de la ville sera finalement le candidat&hellip;\n","protected":false},"author":2,"featured_media":589674,"comment_status":"","ping_status":"","sticky":false,"template":"","format":"standard","meta":{"footnotes":""},"categories":[9653],"tags":[5265,1111,11,2430,1777,674,1011,27,12,25,4001,1352],"class_list":{"0":"post-589673","1":"post","2":"type-post","3":"status-publish","4":"format-standard","5":"has-post-thumbnail","7":"category-saint-etienne","8":"tag-abonnes","9":"tag-actu","10":"tag-actualites","11":"tag-auvergne-rhone-alpes","12":"tag-eu","13":"tag-europe","14":"tag-fr","15":"tag-france","16":"tag-news","17":"tag-republique-francaise","18":"tag-saint-etienne","19":"tag-urbanisme"},"share_on_mastodon":{"url":"https:\/\/pubeurope.com\/@fr\/115692780450401075","error":""},"_links":{"self":[{"href":"https:\/\/www.europesays.com\/fr\/wp-json\/wp\/v2\/posts\/589673","targetHints":{"allow":["GET"]}}],"collection":[{"href":"https:\/\/www.europesays.com\/fr\/wp-json\/wp\/v2\/posts"}],"about":[{"href":"https:\/\/www.europesays.com\/fr\/wp-json\/wp\/v2\/types\/post"}],"author":[{"embeddable":true,"href":"https:\/\/www.europesays.com\/fr\/wp-json\/wp\/v2\/users\/2"}],"replies":[{"embeddable":true,"href":"https:\/\/www.europesays.com\/fr\/wp-json\/wp\/v2\/comments?post=589673"}],"version-history":[{"count":0,"href":"https:\/\/www.europesays.com\/fr\/wp-json\/wp\/v2\/posts\/589673\/revisions"}],"wp:featuredmedia":[{"embeddable":true,"href":"https:\/\/www.europesays.com\/fr\/wp-json\/wp\/v2\/media\/589674"}],"wp:attachment":[{"href":"https:\/\/www.europesays.com\/fr\/wp-json\/wp\/v2\/media?parent=589673"}],"wp:term":[{"taxonomy":"category","embeddable":true,"href":"https:\/\/www.europesays.com\/fr\/wp-json\/wp\/v2\/categories?post=589673"},{"taxonomy":"post_tag","embeddable":true,"href":"https:\/\/www.europesays.com\/fr\/wp-json\/wp\/v2\/tags?post=589673"}],"curies":[{"name":"wp","href":"https:\/\/api.w.org\/{rel}","templated":true}]}}