{"id":589675,"date":"2025-12-10T01:55:25","date_gmt":"2025-12-10T01:55:25","guid":{"rendered":"https:\/\/www.europesays.com\/fr\/589675\/"},"modified":"2025-12-10T01:55:25","modified_gmt":"2025-12-10T01:55:25","slug":"vandoeuvre-les-nancy-lost-highway-en-concert-a-la-mjc-etoile","status":"publish","type":"post","link":"https:\/\/www.europesays.com\/fr\/589675\/","title":{"rendered":"Vand\u0153uvre-l\u00e8s-Nancy. Lost Highway en concert \u00e0 la MJC \u00e9toile"},"content":{"rendered":"<p>Le groupe Lost Highway a rempli la salle de concert de la MJC \u00c9toile, vendredi soir. Une cinquantaine de personnes ont ainsi eu le plaisir d\u2019assister \u00e0 la prestation de ces cinq complices qui font revivre les succ\u00e8s qui ont marqu\u00e9 leur jeunesse. Aujourd\u2019hui retrait\u00e9s, ces cinq amis, qui se connaissent depuis l\u2019\u00e2ge de 18 ans, ont eu envie de renouer avec un r\u00e9pertoire qui est un v\u00e9ritable voyage dans le temps, reprenant des morceaux iconiques, qui ont berc\u00e9 toute une g\u00e9n\u00e9ration.<\/p>\n","protected":false},"excerpt":{"rendered":"Le groupe Lost Highway a rempli la salle de concert de la MJC \u00c9toile, vendredi soir. Une cinquantaine&hellip;\n","protected":false},"author":2,"featured_media":589676,"comment_status":"","ping_status":"","sticky":false,"template":"","format":"standard","meta":{"footnotes":""},"categories":[9635],"tags":[1111,11,1687,1704,1777,674,1011,27,775,6364,1702,12,25,5711],"class_list":{"0":"post-589675","1":"post","2":"type-post","3":"status-publish","4":"format-standard","5":"has-post-thumbnail","7":"category-nancy","8":"tag-actu","9":"tag-actualites","10":"tag-culture-loisirs","11":"tag-edition-nancy-et-agglomeration","12":"tag-eu","13":"tag-europe","14":"tag-fr","15":"tag-france","16":"tag-grand-est","17":"tag-metropole-du-grand-nancy-54b1","18":"tag-nancy","19":"tag-news","20":"tag-republique-francaise","21":"tag-vandoeuvre-les-nancy"},"share_on_mastodon":{"url":"https:\/\/pubeurope.com\/@fr\/115692786523310560","error":""},"_links":{"self":[{"href":"https:\/\/www.europesays.com\/fr\/wp-json\/wp\/v2\/posts\/589675","targetHints":{"allow":["GET"]}}],"collection":[{"href":"https:\/\/www.europesays.com\/fr\/wp-json\/wp\/v2\/posts"}],"about":[{"href":"https:\/\/www.europesays.com\/fr\/wp-json\/wp\/v2\/types\/post"}],"author":[{"embeddable":true,"href":"https:\/\/www.europesays.com\/fr\/wp-json\/wp\/v2\/users\/2"}],"replies":[{"embeddable":true,"href":"https:\/\/www.europesays.com\/fr\/wp-json\/wp\/v2\/comments?post=589675"}],"version-history":[{"count":0,"href":"https:\/\/www.europesays.com\/fr\/wp-json\/wp\/v2\/posts\/589675\/revisions"}],"wp:featuredmedia":[{"embeddable":true,"href":"https:\/\/www.europesays.com\/fr\/wp-json\/wp\/v2\/media\/589676"}],"wp:attachment":[{"href":"https:\/\/www.europesays.com\/fr\/wp-json\/wp\/v2\/media?parent=589675"}],"wp:term":[{"taxonomy":"category","embeddable":true,"href":"https:\/\/www.europesays.com\/fr\/wp-json\/wp\/v2\/categories?post=589675"},{"taxonomy":"post_tag","embeddable":true,"href":"https:\/\/www.europesays.com\/fr\/wp-json\/wp\/v2\/tags?post=589675"}],"curies":[{"name":"wp","href":"https:\/\/api.w.org\/{rel}","templated":true}]}}