{"id":589677,"date":"2025-12-10T01:56:14","date_gmt":"2025-12-10T01:56:14","guid":{"rendered":"https:\/\/www.europesays.com\/fr\/589677\/"},"modified":"2025-12-10T01:56:14","modified_gmt":"2025-12-10T01:56:14","slug":"cest-le-moment-ou-jamais-de-se-faire-vacciner-avant-les-fetes","status":"publish","type":"post","link":"https:\/\/www.europesays.com\/fr\/589677\/","title":{"rendered":"c&rsquo;est le moment ou jamais de se faire vacciner avant les f\u00eates"},"content":{"rendered":"<p class=\"article__intro\">Alors que la bronchiolite est d\u00e9j\u00e0 install\u00e9e en phase \u00e9pid\u00e9mique dans le Grand Est, la grippe, elle, avance doucement mais surement. Actuellement en phase pr\u00e9-\u00e9pid\u00e9mique, notre r\u00e9gion devrait conna\u00eetre son pic de contaminations d&rsquo;ici deux \u00e0 trois semaines. Pharmaciens et autorit\u00e9s sanitaires sont unanimes : pour \u00eatre prot\u00e9g\u00e9 \u00e0 No\u00ebl, l&rsquo;injection doit se faire maintenant.<\/p>\n<p>\n      La Quotidienne Soci\u00e9t\u00e9\n    <\/p>\n<p>\n      De la vie quotidienne aux grands enjeux, recevez tous les jours les sujets qui font la soci\u00e9t\u00e9 locale, comme la justice, l\u2019\u00e9ducation, la sant\u00e9 et la famille.\n    <\/p>\n<p>    France T\u00e9l\u00e9visions utilise votre adresse e-mail afin de vous envoyer la newsletter \u00ab\u00a0La Quotidienne Soci\u00e9t\u00e9\u00a0\u00bb. Vous pouvez vous d\u00e9sinscrire \u00e0 tout moment via le lien en bas de cette newsletter. <a target=\"_blank\" href=\"https:\/\/www.francetelevisions.fr\/groupe\/confidentialite\/politique-de-confidentialite\/politique-de-confidentialite-de-france-televisions-6503\" rel=\"noopener\">Notre politique de confidentialit\u00e9<\/a><\/p>\n<p>Le compte \u00e0 rebours est lanc\u00e9. Si les indicateurs de la Covid-19 restent faibles et stables, ceux des autres virus de l&rsquo;hiver commencent \u00e0 s&rsquo;affoler. Selon le dernier bulletin de <a href=\"https:\/\/www.santepubliquefrance.fr\/maladies-et-traumatismes\/maladies-et-infections-respiratoires\/grippe\/documents\/bulletin-national\/infections-respiratoires-aigues-grippe-bronchiolite-covid-19-.-bulletin-du-3-decembre-2025\" target=\"_blank\" rel=\"noopener noreferrer nofollow\" data-tooltip-url=\"https:\/\/www.santepubliquefrance.fr\/maladies-et-traumatismes\/maladies-et-infections-respiratoires\/grippe\/documents\/bulletin-national\/infections-respiratoires-aigues-grippe-bronchiolite-covid-19-.-bulletin-du-3-decembre-2025\">Sant\u00e9 Publique France<\/a> dat\u00e9 du 3 d\u00e9cembre 2025, le Grand Est est d\u00e9sormais class\u00e9 en phase \u00e9pid\u00e9mique pour la bronchiolite, tout comme sept autres r\u00e9gions de l&rsquo;Hexagone.<\/p>\n<p>Concernant la grippe, la situation \u00e9volue rapidement. Si l&rsquo;\u00cele-de-France, la Normandie et la Nouvelle-Aquitaine sont d\u00e9j\u00e0 en <a href=\"https:\/\/www.franceinfo.fr\/sante\/l-epidemie-de-grippe-a-commence-dans-plusieurs-regions-de-l-hexagone_7656313.html\" target=\"_blank\" rel=\"noopener noreferrer nofollow\" data-tooltip-url=\"https:\/\/www.franceinfo.fr\/sante\/l-epidemie-de-grippe-a-commence-dans-plusieurs-regions-de-l-hexagone_7656313.html\">\u00e9pid\u00e9mie<\/a> d\u00e9clar\u00e9e, le Grand Est demeure pour l&rsquo;instant en phase \u00ab\u00a0pr\u00e9-\u00e9pid\u00e9mique\u00a0\u00bb. Mais ce r\u00e9pit s&rsquo;annonce de courte dur\u00e9e.<\/p>\n<p>Pourquoi cette urgence \u00e0 se faire vacciner cette semaine ? \u00ab\u00a0Le vaccin met 7 \u00e0 10 jours avant d&rsquo;\u00eatre efficace, il est donc encore temps de se faire vacciner pour \u00eatre prot\u00e9g\u00e9 notamment pour les f\u00eates\u00a0\u00bb, explique Laurie Mettavant, pharmacienne \u00e0 Vand\u0153uvre-l\u00e8s-Nancy (Meurthe-et-Moselle), au micro de France 3 Lorraine, \u00ab\u00a0l&rsquo;\u00e9pid\u00e9mie risque d&rsquo;arriver d&rsquo;ici 2 \u00e0 3 semaines dans le Grand Est avec les personnes qui voyagent et se r\u00e9unissent\u00a0\u00bb. Se faire vacciner aujourd&rsquo;hui, c&rsquo;est donc s&rsquo;assurer une immunit\u00e9 au moment o\u00f9 les bises s&rsquo;\u00e9changeront sous le sapin.<\/p>\n<blockquote class=\"ftvi_content_quote\">\n<p class=\"ftvi_citation_quote\">Les gens se rendent compte de l&rsquo;importance de se prot\u00e9ger<\/p>\n<p>Laurie Mettavant, phramacienne<\/p><\/blockquote>\n<p>Marqu\u00e9e par la virulence de la grippe l&rsquo;ann\u00e9e derni\u00e8re, qui avait caus\u00e9 plus de 17 000 d\u00e9c\u00e8s en France, \u00ab\u00a0les gens se rendent compte de l&rsquo;importance de se prot\u00e9ger\u00a0\u00bb, constate Laurie Mettavant, \u00ab\u00a0on a une augmentation de 30% des vaccinations en officine\u00a0\u00bb. \u00c0 la m\u00eame p\u00e9riode, l&rsquo;an dernier, 8,5 millions de doses avaient \u00e9t\u00e9 d\u00e9livr\u00e9es en pharmacie contre 10 millions cette ann\u00e9e. <\/p>\n<p>Cet engouement a d&rsquo;ailleurs provoqu\u00e9 quelques sueurs froides il y a une quinzaine de jours. \u00ab\u00a0On s&rsquo;est retrouv\u00e9 \u00e0 puiser sur les fins de nos stocks beaucoup plus t\u00f4t que les ann\u00e9es pr\u00e9c\u00e9dentes\u00a0\u00bb, confie la pharmacienne. Mais la situation est d\u00e9sormais r\u00e9tablie. Les pharmacies ont recommand\u00e9 des doses et l&rsquo;\u00c9tat dispose d&rsquo;une r\u00e9serve strat\u00e9gique d&rsquo;un million d&rsquo;unit\u00e9s mobilisables si besoin. \u00ab\u00a0Aujourd&rsquo;hui, il n&rsquo;y a aucun risque de p\u00e9nurie, on est bien \u00e9quip\u00e9\u00a0\u00bb, rassure Laurie Mettavant.<\/p>\n<p>Si la vaccination reste le rempart le plus efficace contre les formes graves, Sant\u00e9 Publique France rappelle que la protection ne s&rsquo;arr\u00eate pas \u00e0 la piq\u00fbre.<\/p>\n<p>Face \u00e0 la triple menace Grippe-bronchiolite-Covid, les gestes barri\u00e8res demeurent d&rsquo;actualit\u00e9 : lavage des mains fr\u00e9quent, a\u00e9ration des pi\u00e8ces et port du masque en cas de sympt\u00f4mes ou dans les lieux fr\u00e9quent\u00e9s.<\/p>\n<p>La vaccination est gratuite pour les publics \u00e0 risque : tous les plus de 65 ans, les femmes enceintes, les personnes ob\u00e8ses et de nombreux malades chroniques. Elle l&rsquo;est aussi pour d&rsquo;autres cat\u00e9gories, comme la plupart des soignants.<\/p>\n","protected":false},"excerpt":{"rendered":"Alors que la bronchiolite est d\u00e9j\u00e0 install\u00e9e en phase \u00e9pid\u00e9mique dans le Grand Est, la grippe, elle, avance&hellip;\n","protected":false},"author":2,"featured_media":589678,"comment_status":"","ping_status":"","sticky":false,"template":"","format":"standard","meta":{"footnotes":""},"categories":[9635],"tags":[1111,11,1777,674,1011,27,775,1702,12,25],"class_list":{"0":"post-589677","1":"post","2":"type-post","3":"status-publish","4":"format-standard","5":"has-post-thumbnail","7":"category-nancy","8":"tag-actu","9":"tag-actualites","10":"tag-eu","11":"tag-europe","12":"tag-fr","13":"tag-france","14":"tag-grand-est","15":"tag-nancy","16":"tag-news","17":"tag-republique-francaise"},"share_on_mastodon":{"url":"https:\/\/pubeurope.com\/@fr\/115692790352717965","error":""},"_links":{"self":[{"href":"https:\/\/www.europesays.com\/fr\/wp-json\/wp\/v2\/posts\/589677","targetHints":{"allow":["GET"]}}],"collection":[{"href":"https:\/\/www.europesays.com\/fr\/wp-json\/wp\/v2\/posts"}],"about":[{"href":"https:\/\/www.europesays.com\/fr\/wp-json\/wp\/v2\/types\/post"}],"author":[{"embeddable":true,"href":"https:\/\/www.europesays.com\/fr\/wp-json\/wp\/v2\/users\/2"}],"replies":[{"embeddable":true,"href":"https:\/\/www.europesays.com\/fr\/wp-json\/wp\/v2\/comments?post=589677"}],"version-history":[{"count":0,"href":"https:\/\/www.europesays.com\/fr\/wp-json\/wp\/v2\/posts\/589677\/revisions"}],"wp:featuredmedia":[{"embeddable":true,"href":"https:\/\/www.europesays.com\/fr\/wp-json\/wp\/v2\/media\/589678"}],"wp:attachment":[{"href":"https:\/\/www.europesays.com\/fr\/wp-json\/wp\/v2\/media?parent=589677"}],"wp:term":[{"taxonomy":"category","embeddable":true,"href":"https:\/\/www.europesays.com\/fr\/wp-json\/wp\/v2\/categories?post=589677"},{"taxonomy":"post_tag","embeddable":true,"href":"https:\/\/www.europesays.com\/fr\/wp-json\/wp\/v2\/tags?post=589677"}],"curies":[{"name":"wp","href":"https:\/\/api.w.org\/{rel}","templated":true}]}}