{"id":589679,"date":"2025-12-10T01:57:17","date_gmt":"2025-12-10T01:57:17","guid":{"rendered":"https:\/\/www.europesays.com\/fr\/589679\/"},"modified":"2025-12-10T01:57:17","modified_gmt":"2025-12-10T01:57:17","slug":"au-beausset-une-conference-debat-leve-le-voile-sur-les-terres-rares-ces-metaux-qui-bouleversent-leconomie-mondiale","status":"publish","type":"post","link":"https:\/\/www.europesays.com\/fr\/589679\/","title":{"rendered":"Au Beausset, une conf\u00e9rence-d\u00e9bat l\u00e8ve le voile sur les terres rares, ces m\u00e9taux qui bouleversent l\u2019\u00e9conomie mondiale"},"content":{"rendered":"<p class=\"fs-5 \">\u00ab\u00a0Terres rares, quels sont ces m\u00e9taux convoit\u00e9s qui rendent le monde fou\u00a0? \u00a0\u00bb C\u2019est le titre de la <strong>conf\u00e9rence-d\u00e9bat propos\u00e9e le vendredi 12 d\u00e9cembre \u00e0 18 h 30<\/strong> salle Azur (au-dessus de la poste) par l\u2019<strong>association HARPS <\/strong>(Humanit\u00e9s, arts, philosophies, sciences) de Patrick Penel, en liaison avec le service culturel municipal et l\u2019<strong>association Le Beausset \u00c9v\u00e9nements <\/strong>de Ren\u00e9 Serres, dans le cadre des Rendez-vous du Beausset.<\/p>\n<p class=\"fs-5 \">Ce sujet d\u2019une br\u00fblante actualit\u00e9 sera abord\u00e9 par Laurent Stielj\u00e8s,<strong> g\u00e9ologue<\/strong>, sp\u00e9cialiste des <strong>Sciences de la Terre<\/strong>, directeur de recherche au Bureau national de recherches g\u00e9ologiques et mini\u00e8res.<\/p>\n<p class=\"fs-5 \">\u00ab\u00a0L\u2019actuelle agitation sur les Terres rares et l\u2019actualit\u00e9 de guerre \u00e9conomique internationale nous dictaient d\u2019aborder ce sujet\u00a0\u00bb, confie le Patrick Penel qui remercie l\u2019intervenant \u00ab\u00a0\u00e0 m\u00eame de nous faire mieux percevoir les enjeux\u00a0\u00bb.<\/p>\n<p class=\"fs-5 \">Terres rares, m\u00e9taux rares, m\u00e9taux strat\u00e9giques, sont directement li\u00e9s au d\u00e9veloppement des technologies de pointe actuelles et futures\u00a0: <strong>informatique<\/strong>,<strong> t\u00e9l\u00e9phonie<\/strong>, <strong>\u00e9crans<\/strong>, <strong>automobile<\/strong>, <strong>aviation<\/strong>, <strong>espace<\/strong>, <strong>batteries<\/strong>, <strong>\u00e9nergie solaire<\/strong>, <strong>\u00e9olienne<\/strong>, <strong>sant\u00e9<\/strong>, <strong>t\u00e9l\u00e9communications<\/strong>, <strong>drones<\/strong>, <strong>armements<\/strong>,\u00a0etc.<\/p>\n<p class=\"fs-5 \">Des ressources min\u00e9rales et exploitations mini\u00e8res strat\u00e9giques, des productions de m\u00e9taux raffin\u00e9s tr\u00e8s convoit\u00e9s\u2026<\/p>\n<p class=\"fs-5 \">Soulever un coin du voile sur la complexit\u00e9 des probl\u00e8mes par leur mise en valeur et leur ma\u00eetrise d\u00e9bouche sur des questions d\u2019impact environnemental et g\u00e9opolitique (&#8230;) O\u00f9 se trouvent ces m\u00e9taux\u00a0? Allons nous en manquer\u00a0?<\/p>\n<p class=\"fs-5 \"><strong>Pratique<\/strong><\/p>\n<p class=\"fs-5 \">Ouvert \u00e0 tous. Entr\u00e9e libre. La r\u00e9union trouvera son \u00e9pilogue autour d\u2019un pot de l\u2019amiti\u00e9 offert aux participants.<\/p>\n<p class=\"fs-5 \">T\u00e9l. : 04.90.90.55.10 (Maison du tourisme).<\/p>\n<p class=\"fs-5 \">Mail\u00a0: association.harps@gmail.com<\/p>\n<p class=\"fs-5 \">Prochain rendez-vous\u00a0: vendredi 13 f\u00e9vrier 2026 sur le th\u00e8me \u00ab\u00a0George Sand, femme libre et de convictions\u00a0\u00bb.<br \/><\/p>\n","protected":false},"excerpt":{"rendered":"\u00ab\u00a0Terres rares, quels sont ces m\u00e9taux convoit\u00e9s qui rendent le monde fou\u00a0? \u00a0\u00bb C\u2019est le titre de la&hellip;\n","protected":false},"author":2,"featured_media":589680,"comment_status":"","ping_status":"","sticky":false,"template":"","format":"standard","meta":{"footnotes":""},"categories":[9619],"tags":[1111,11,1777,674,1011,27,12,882,25,2310],"class_list":{"0":"post-589679","1":"post","2":"type-post","3":"status-publish","4":"format-standard","5":"has-post-thumbnail","7":"category-toulon","8":"tag-actu","9":"tag-actualites","10":"tag-eu","11":"tag-europe","12":"tag-fr","13":"tag-france","14":"tag-news","15":"tag-provence-alpes-cote-dazur","16":"tag-republique-francaise","17":"tag-toulon"},"share_on_mastodon":{"url":"https:\/\/pubeurope.com\/@fr\/115692794312220852","error":""},"_links":{"self":[{"href":"https:\/\/www.europesays.com\/fr\/wp-json\/wp\/v2\/posts\/589679","targetHints":{"allow":["GET"]}}],"collection":[{"href":"https:\/\/www.europesays.com\/fr\/wp-json\/wp\/v2\/posts"}],"about":[{"href":"https:\/\/www.europesays.com\/fr\/wp-json\/wp\/v2\/types\/post"}],"author":[{"embeddable":true,"href":"https:\/\/www.europesays.com\/fr\/wp-json\/wp\/v2\/users\/2"}],"replies":[{"embeddable":true,"href":"https:\/\/www.europesays.com\/fr\/wp-json\/wp\/v2\/comments?post=589679"}],"version-history":[{"count":0,"href":"https:\/\/www.europesays.com\/fr\/wp-json\/wp\/v2\/posts\/589679\/revisions"}],"wp:featuredmedia":[{"embeddable":true,"href":"https:\/\/www.europesays.com\/fr\/wp-json\/wp\/v2\/media\/589680"}],"wp:attachment":[{"href":"https:\/\/www.europesays.com\/fr\/wp-json\/wp\/v2\/media?parent=589679"}],"wp:term":[{"taxonomy":"category","embeddable":true,"href":"https:\/\/www.europesays.com\/fr\/wp-json\/wp\/v2\/categories?post=589679"},{"taxonomy":"post_tag","embeddable":true,"href":"https:\/\/www.europesays.com\/fr\/wp-json\/wp\/v2\/tags?post=589679"}],"curies":[{"name":"wp","href":"https:\/\/api.w.org\/{rel}","templated":true}]}}