{"id":589681,"date":"2025-12-10T01:58:36","date_gmt":"2025-12-10T01:58:36","guid":{"rendered":"https:\/\/www.europesays.com\/fr\/589681\/"},"modified":"2025-12-10T01:58:36","modified_gmt":"2025-12-10T01:58:36","slug":"toulon-monsieur-chetif-lenergie-brute-du-rock-melee-a-la-poesie-de-la-chanson-francaise","status":"publish","type":"post","link":"https:\/\/www.europesays.com\/fr\/589681\/","title":{"rendered":"TOULON : Monsieur Ch\u00e9tif, l\u2019\u00e9nergie brute du rock m\u00eal\u00e9e \u00e0 la po\u00e9sie de la chanson fran\u00e7aise"},"content":{"rendered":"<p style=\"text-align: left;\" data-olk-copy-source=\"MessageBody\"><strong>Leurs textes sinc\u00e8res et leurs m\u00e9lodies accrocheuses en font un groupe \u00e0 l\u2019identit\u00e9 forte, entre rage et tendresse.\u00a0<\/strong><\/p>\n<p>Leur sc\u00e8ne, g\u00e9n\u00e9reuse et sans artifices, s\u00e9duit par son authenticit\u00e9.<\/p>\n<p><img decoding=\"async\" src=\"https:\/\/www.europesays.com\/fr\/wp-content\/uploads\/2025\/12\/capture-decran-2025-12-09-085407-copy.jpg\"\/>\n<\/p>\n<p>Avec Le cirque Ch\u00e9tif, Monsieur Ch\u00e9tif transforme l\u2019\u00e9nergie brute de la sc\u00e8ne en un phare tendu vers le public : un appel \u00e0 vivre et \u00e0 partager sans retenue.<br \/>Dans un monde o\u00f9 les liens se diluent, le groupe incarne la r\u00e9sistance joyeuse d\u2019une g\u00e9n\u00e9ration. Leurs paroles, m\u00ealant humour et lucidit\u00e9, invitent \u00e0 danser \u00ab\u00a0comme si plus rien ne comptait\u00a0\u00bb.<\/p>\n<p><img decoding=\"async\" src=\"https:\/\/www.europesays.com\/fr\/wp-content\/uploads\/2025\/12\/Hot-Bleone-Festival.jpg\"\/><br \/>Trio de po\u00e8tes rockeurs, ils enflamment les c\u0153urs et les corps, offrant un espace o\u00f9 l\u2019on se retrouve, simplement, sans jugement. Le cirque Ch\u00e9tif n\u2019est pas un spectacle, mais une main tendue : une invitation \u00e0 s\u2019abandonner \u00e0 la musique, \u00e0 c\u00e9l\u00e9brer l\u2019instant, et \u00e0 r\u00e9pondre ensemble \u00e0 l\u2019appel, car \u201cla nuit ne fait que commencer\u00a0\u00bb.<\/p>\n<p><img fetchpriority=\"high\" decoding=\"async\" class=\"alignnone size-full wp-image-900827\" src=\"https:\/\/www.europesays.com\/fr\/wp-content\/uploads\/2025\/12\/Capture-decran-2025-12-09-085748.png\" alt=\"\" width=\"769\" height=\"599\"\/><\/p>\n","protected":false},"excerpt":{"rendered":"Leurs textes sinc\u00e8res et leurs m\u00e9lodies accrocheuses en font un groupe \u00e0 l\u2019identit\u00e9 forte, entre rage et tendresse.\u00a0&hellip;\n","protected":false},"author":2,"featured_media":589682,"comment_status":"","ping_status":"","sticky":false,"template":"","format":"standard","meta":{"footnotes":""},"categories":[9619],"tags":[1111,11,1777,674,1011,27,12,882,25,2310],"class_list":{"0":"post-589681","1":"post","2":"type-post","3":"status-publish","4":"format-standard","5":"has-post-thumbnail","7":"category-toulon","8":"tag-actu","9":"tag-actualites","10":"tag-eu","11":"tag-europe","12":"tag-fr","13":"tag-france","14":"tag-news","15":"tag-provence-alpes-cote-dazur","16":"tag-republique-francaise","17":"tag-toulon"},"share_on_mastodon":{"url":"https:\/\/pubeurope.com\/@fr\/115692800521265774","error":""},"_links":{"self":[{"href":"https:\/\/www.europesays.com\/fr\/wp-json\/wp\/v2\/posts\/589681","targetHints":{"allow":["GET"]}}],"collection":[{"href":"https:\/\/www.europesays.com\/fr\/wp-json\/wp\/v2\/posts"}],"about":[{"href":"https:\/\/www.europesays.com\/fr\/wp-json\/wp\/v2\/types\/post"}],"author":[{"embeddable":true,"href":"https:\/\/www.europesays.com\/fr\/wp-json\/wp\/v2\/users\/2"}],"replies":[{"embeddable":true,"href":"https:\/\/www.europesays.com\/fr\/wp-json\/wp\/v2\/comments?post=589681"}],"version-history":[{"count":0,"href":"https:\/\/www.europesays.com\/fr\/wp-json\/wp\/v2\/posts\/589681\/revisions"}],"wp:featuredmedia":[{"embeddable":true,"href":"https:\/\/www.europesays.com\/fr\/wp-json\/wp\/v2\/media\/589682"}],"wp:attachment":[{"href":"https:\/\/www.europesays.com\/fr\/wp-json\/wp\/v2\/media?parent=589681"}],"wp:term":[{"taxonomy":"category","embeddable":true,"href":"https:\/\/www.europesays.com\/fr\/wp-json\/wp\/v2\/categories?post=589681"},{"taxonomy":"post_tag","embeddable":true,"href":"https:\/\/www.europesays.com\/fr\/wp-json\/wp\/v2\/tags?post=589681"}],"curies":[{"name":"wp","href":"https:\/\/api.w.org\/{rel}","templated":true}]}}