{"id":589683,"date":"2025-12-10T01:59:27","date_gmt":"2025-12-10T01:59:27","guid":{"rendered":"https:\/\/www.europesays.com\/fr\/589683\/"},"modified":"2025-12-10T01:59:27","modified_gmt":"2025-12-10T01:59:27","slug":"cest-que-du-bonheur-pour-nous-aussi-a-montpellier-le-petit-jardin-reitere-son-dejeuner-solidaire-pour-des-etudiants-et-des-pensionnaires-dun-ehpad","status":"publish","type":"post","link":"https:\/\/www.europesays.com\/fr\/589683\/","title":{"rendered":"\u00ab\u00a0C\u2019est que du bonheur pour nous aussi\u00a0\u00bb\u00a0: \u00e0 Montpellier, Le Petit Jardin r\u00e9it\u00e8re son d\u00e9jeuner solidaire pour des \u00e9tudiants et des pensionnaires d\u2019un Ehpad"},"content":{"rendered":"<p>\n                                                                Ce samedi 13\u00a0d\u00e9cembre, le chef du restaurant Le Petit Jardin, \u00e0 Montpellier, accueillera des \u00e9tudiants en pr\u00e9carit\u00e9 et des r\u00e9sidents de l\u2019Ehpad des Petites S\u0153urs des Pauvres, dans son restaurant de l\u2019\u00c9cusson et dans celui de Port-Marianne.\n                            <\/p>\n<p>Cl\u00e9ment Gueudr\u00e9, le chef du restaurant Le Petit Jardin, \u00e0 Montpellier, reconduit sa belle initiative de No\u00ebl en organisant \u00e0 nouveau, cette ann\u00e9e, un d\u00e9jeuner gastronomique pour des \u00e9tudiants en pr\u00e9carit\u00e9 et des r\u00e9sidents de l\u2019Ehpad des Petites S\u0153urs de Pauvres. Samedi 13\u00a0d\u00e9cembre, \u00e0 son invitation, ils seront seize dans l\u2019\u00e9tablissement de la rue Jean-Jacques-Rousseau, dans l\u2019\u00c9cusson, et huit \u00e0 l\u2019Atelier du Petit Jardin, \u00e0 Port Marianne, \u00e0 b\u00e9n\u00e9ficier de ce geste de solidarit\u00e9.<\/p>\n<p>D\u00e9jeuner interg\u00e9n\u00e9rationnel<\/p>\n<p>Ensemble, ils partageront le \u00ab\u00a0menu de saison\u00a0\u00bb actuellement \u00e0 la carte\u00a0: entr\u00e9e, plat, dessert, ap\u00e9ritif et\u00a0caf\u00e9 compris. \u00ab\u00a0Cette ann\u00e9e, je tiens \u00e0 ce que le plan de table alterne un \u00e9tudiant et un pensionnaire de l\u2019Ehpad, pour cr\u00e9er un \u00e9change interg\u00e9n\u00e9rationnel. L\u2019an dernier, j\u2019avais \u00e9t\u00e9 heureuse d\u2019apprendre que des \u00e9tudiants \u00e9taient retourn\u00e9s \u00e0 l\u2019Ehpad pour revoir des personnes qui avaient particip\u00e9 \u00e0 ce d\u00e9jeuner\u00a0\u00bb, confie\u00a0Sandrine Coffre, la maman du chef, qui organise ce rendez-vous plac\u00e9 sous le signe de la g\u00e9n\u00e9rosit\u00e9.<\/p>\n<p>Moment de gastronomie et de joie<\/p>\n<p>\u00ab\u00a0Cl\u00e9ment a d\u00e9cid\u00e9 de faire cela car il a travaill\u00e9 dans un grand groupe lyonnais dont le patron faisait la m\u00eame chose. J\u2019ai donc pris contact avec les Petites S\u0153urs des Pauvres, install\u00e9es pr\u00e8s du restaurant, et avec cette association \u00e9tudiante (la Mission \u00e9tudiante de Montpellier, NDLR)\u00a0\u00bb, explique-t-elle. Pour les participants, le cadeau consiste \u00e0 la fois dans l\u2019exp\u00e9rience gastronomique et dans la convivialit\u00e9 du moment. \u00ab\u00a0L\u2019important, c\u2019est aussi la joie et la communication. L\u2019an dernier, le bonheur se lisait sur les visages. Les personnes accueillies par les Petites S\u0153urs des Pauvres ont parfois v\u00e9cu dans la rue, sont marqu\u00e9es par la vie\u00a0\u00bb.<\/p>\n<p>\u00ab\u00a0C\u2019est que du bonheur pour nous aussi, m\u00eame si la conjoncture est difficile sur le plan \u00e9conomique, avec l\u2019augmentation du prix des mati\u00e8res premi\u00e8res et de l\u2019\u00e9nergie. Malgr\u00e9 cela, on a voulu maintenir cet effort\u00a0\u00bb, ajoute Sandrine Coffre. \u00ab\u00a0Les \u00e9quipes des\u00a0restaurants seront associ\u00e9es et viendront saluer les invit\u00e9s. C\u2019est une belle image qu\u2019on donne aussi \u00e0 nos jeunes\u00a0\u00bb.<\/p>\n","protected":false},"excerpt":{"rendered":"Ce samedi 13\u00a0d\u00e9cembre, le chef du restaurant Le Petit Jardin, \u00e0 Montpellier, accueillera des \u00e9tudiants en pr\u00e9carit\u00e9 et&hellip;\n","protected":false},"author":2,"featured_media":589684,"comment_status":"","ping_status":"","sticky":false,"template":"","format":"standard","meta":{"footnotes":""},"categories":[9599],"tags":[1111,11,1777,674,1011,27,7089,2208,12,2680,25,1857,1932],"class_list":{"0":"post-589683","1":"post","2":"type-post","3":"status-publish","4":"format-standard","5":"has-post-thumbnail","7":"category-montpellier","8":"tag-actu","9":"tag-actualites","10":"tag-eu","11":"tag-europe","12":"tag-fr","13":"tag-france","14":"tag-herault","15":"tag-montpellier","16":"tag-news","17":"tag-occitanie","18":"tag-republique-francaise","19":"tag-sociu00e9tu00e9","20":"tag-solidaritu00e9"},"share_on_mastodon":{"url":"https:\/\/pubeurope.com\/@fr\/115692802190237250","error":""},"_links":{"self":[{"href":"https:\/\/www.europesays.com\/fr\/wp-json\/wp\/v2\/posts\/589683","targetHints":{"allow":["GET"]}}],"collection":[{"href":"https:\/\/www.europesays.com\/fr\/wp-json\/wp\/v2\/posts"}],"about":[{"href":"https:\/\/www.europesays.com\/fr\/wp-json\/wp\/v2\/types\/post"}],"author":[{"embeddable":true,"href":"https:\/\/www.europesays.com\/fr\/wp-json\/wp\/v2\/users\/2"}],"replies":[{"embeddable":true,"href":"https:\/\/www.europesays.com\/fr\/wp-json\/wp\/v2\/comments?post=589683"}],"version-history":[{"count":0,"href":"https:\/\/www.europesays.com\/fr\/wp-json\/wp\/v2\/posts\/589683\/revisions"}],"wp:featuredmedia":[{"embeddable":true,"href":"https:\/\/www.europesays.com\/fr\/wp-json\/wp\/v2\/media\/589684"}],"wp:attachment":[{"href":"https:\/\/www.europesays.com\/fr\/wp-json\/wp\/v2\/media?parent=589683"}],"wp:term":[{"taxonomy":"category","embeddable":true,"href":"https:\/\/www.europesays.com\/fr\/wp-json\/wp\/v2\/categories?post=589683"},{"taxonomy":"post_tag","embeddable":true,"href":"https:\/\/www.europesays.com\/fr\/wp-json\/wp\/v2\/tags?post=589683"}],"curies":[{"name":"wp","href":"https:\/\/api.w.org\/{rel}","templated":true}]}}