{"id":589688,"date":"2025-12-10T02:08:16","date_gmt":"2025-12-10T02:08:16","guid":{"rendered":"https:\/\/www.europesays.com\/fr\/589688\/"},"modified":"2025-12-10T02:08:16","modified_gmt":"2025-12-10T02:08:16","slug":"voici-ou-se-situent-les-hopitaux-et-cliniques-de-grenoble","status":"publish","type":"post","link":"https:\/\/www.europesays.com\/fr\/589688\/","title":{"rendered":"voici o\u00f9 se situent les h\u00f4pitaux et cliniques de Grenoble"},"content":{"rendered":"<p>                    Par<br \/>\n        <strong><br \/>\n            <a href=\"https:\/\/actu.fr\/auteur\/redaction-grenoble\" title=\"Consulter tous les articles de R\u00e9daction Grenoble\" target=\"_blank\" rel=\"noopener\">R\u00e9daction Grenoble<\/a><br \/>\n                    <\/strong><\/p>\n<p>        Publi\u00e9 le<\/p>\n<p>            9 d\u00e9c. 2025 \u00e0 15h58        <\/p>\n<p>Alors que les principales f\u00e9d\u00e9rations hospitali\u00e8res viennent d\u2019appeler les d\u00e9put\u00e9s \u00e0 voter pour le <a href=\"https:\/\/actu.fr\/politique\/budget-de-la-secu-2026-pour-contre-ou-abstention-qui-va-voter-quoi-a-l-assemblee-ce-mardi_63548242.html\" target=\"_blank\" rel=\"noopener\">budget de la S\u00e9curit\u00e9 sociale<\/a> pour \u00ab\u00a0financer r\u00e9ellement les co\u00fbts que les \u00e9tablissements doivent supporter\u00a0\u00bb, l\u2019hebdomadaire <a href=\"https:\/\/www.lepoint.fr\/sante\/quels-sont-les-meilleurs-hopitaux-et-cliniques-pres-de-chez-vous-03-12-2025-2604649_40.php\" target=\"_blank\" rel=\"noopener\">Le Point<\/a> vient de publier son traditionnel classement des meilleurs h\u00f4pitaux et cliniques de France.<\/p>\n<p>    <a href=\"https:\/\/www.facebook.com\/plugins\/post.php?href=https%3A%2F%2Fwww.facebook.com%2FCHUGrenobleAlpes%2Fposts%2Fpfbid02fVpkVPzwUvdzYUpF722ewDBf5dj3WvQUyVbHJFi2kQVX8y8HXHJAtBnzG3hrKo1Zl&amp;show_text=true&amp;width=350\" title=\"Ouvrie le lien\" target=\"_blank\" rel=\"noopener\">Cliquez ici pour visualiser le contenu<\/a><\/p>\n<p class=\" wall-content\">Les \u00e9tablissements grenoblois occupent une bonne place, notamment le <a href=\"https:\/\/actu.fr\/tag\/chu-grenoble-alpes\" target=\"_blank\" rel=\"noopener\">CHU Grenoble-Alpes<\/a> qui se paie le luxe d\u2019\u00eatre <strong>le meilleur d\u2019Auvergne-Rh\u00f4ne-Alpes<\/strong>.<\/p>\n<p>Le CHU Grenoble-Alpes premier dans une sp\u00e9cialit\u00e9<\/p>\n<p class=\" wall-content\">Dans le d\u00e9tail, l\u2019h\u00f4pital public de <a href=\"https:\/\/actu.fr\/auvergne-rhone-alpes\/grenoble_38185\" target=\"_blank\" rel=\"noopener\">Grenoble<\/a> arrive \u00e0 la 9e place du classement g\u00e9n\u00e9ral du Point, devant la Piti\u00e9-Salp\u00eatri\u00e8re \u00e0 Paris ou les HCL \u00e0 <a href=\"https:\/\/actu.fr\/auvergne-rhone-alpes\/lyon_69123\" target=\"_blank\" rel=\"noopener\">Lyon<\/a>. Le CHU grenoblois am\u00e9liore m\u00eame de deux places sa position par rapport \u00e0 2024.<\/p>\n<p class=\" wall-content\">Concernant son site nord, \u00e0 <a href=\"https:\/\/actu.fr\/auvergne-rhone-alpes\/la-tronche_38516\" target=\"_blank\" rel=\"noopener\">La Tronche<\/a>, le CHU s\u2019illustre particuli\u00e8rement pour les <strong>chirurgies de l\u2019audition<\/strong>, o\u00f9 il arrive \u00e0 la premi\u00e8re place des h\u00f4pitaux fran\u00e7ais dans cette sp\u00e9cialit\u00e9.<\/p>\n<p class=\" wall-content\">L\u2019h\u00f4pital sud, \u00e0 <a href=\"https:\/\/actu.fr\/auvergne-rhone-alpes\/echirolles_38151\" target=\"_blank\" rel=\"noopener\">\u00c9chirolles<\/a>, est davantage salu\u00e9 pour ses travaux et chirurgies des membres inf\u00e9rieurs, comme les ligaments du genou (7e position) ou les proth\u00e8ses de genou (36e place). Il arrive \u00e9galement 24e pour les chirurgies de la cheville.<\/p>\n<p>Cette clinique d\u00e9gringole au classement<\/p>\n<p class=\" wall-content\">C\u00f4t\u00e9 cliniques, <strong>celle de Belledonne<\/strong> \u00e0 Saint-Martin-d\u2019H\u00e8res atteint la derni\u00e8re place du top 50 en France, apr\u00e8s avoir d\u00e9gringol\u00e9 de 29 places par rapport \u00e0 2024.<\/p>\n<p>Votre r\u00e9gion, votre actu !<\/p>\n<p>Recevez chaque jour les infos qui comptent pour vous.<\/p>\n<p>\t<a href=\"https:\/\/actu.fr\/newsletter\" class=\"ac-btn ac-btn--corner ac-btn--medium ac-btn--blue800\" target=\"_blank\" rel=\"noopener\">S&rsquo;incrire<\/a><\/p>\n<p class=\" wall-content\">Les patients devraient tout de m\u00eame particuli\u00e8rement appr\u00e9cier la prise en charge pour le cancer de la thyro\u00efde (4e meilleure clinique de France dans cette sp\u00e9cialit\u00e9) ou le cancer de l\u2019ovaire (6e position).<\/p>\n<p class=\" wall-content\">La <strong>clinique des C\u00e8dres<\/strong> \u00e0 \u00c9chirolles, qui n\u2019appara\u00eet pas dans le top 50, est tout de m\u00eame cit\u00e9e dans le classement de plusieurs sp\u00e9cialit\u00e9s, notamment pour la chirurgie de l\u2019ob\u00e9sit\u00e9 (9e place) ou les ligaments du genou (13e place).<\/p>\n<p>Les autres h\u00f4pitaux is\u00e9rois<\/p>\n<p class=\" wall-content\">D\u2019autres \u00e9tablissements de sant\u00e9 grenoblois et is\u00e9rois apparaissent dans ce dossier.<\/p>\n<p class=\" wall-content\">C\u2019est le cas du <strong>centre hospitalier de Saint-\u00c9gr\u00e8ve<\/strong>, un h\u00f4pital <a href=\"https:\/\/actu.fr\/auvergne-rhone-alpes\/bourgoin-jallieu_38053\/pres-de-lyon-plus-aucun-medecin-dans-ce-service-l-hopital-prend-une-decision-radicale_62893334.html\" target=\"_blank\" rel=\"noopener\">psychiatrique<\/a>, pour la prise en charge de la schizophr\u00e9nie (14e position). Le <strong>Groupement hospitalier mutualiste \u00e0 Grenoble<\/strong> \u2013 <a href=\"https:\/\/actu.fr\/auvergne-rhone-alpes\/grenoble_38185\/grenoble-cette-grande-clinique-au-bord-du-gouffre-financier-son-sauvetage-est-possible_63512804.html\" target=\"_blank\" rel=\"noopener\">dans la tourmente depuis plusieurs ann\u00e9es<\/a> \u2013 est lui aussi salu\u00e9 pour sa chirurgie du pied (2e place en France), notamment.<\/p>\n<p class=\" wall-content\">Enfin, le <strong>centre hospitalier de Bourgoin-Jallieu<\/strong>, dans le nord de l\u2019<a href=\"https:\/\/actu.fr\/auvergne-rhone-alpes\/isere_38\" target=\"_blank\" rel=\"noopener\">Is\u00e8re<\/a>, est cit\u00e9 une seule et unique fois pour les pathologies autour de la v\u00e9sicule biliaire\u2026 \u00e0 la 49e position sur 50.<\/p>\n<p class=\" wall-content\">Personnalisez votre actualit\u00e9 en ajoutant vos villes et m\u00e9dias en favori avec <a href=\"https:\/\/moncompte.actu.fr\" title=\"D\u00e9couvez Mon Actu\" rel=\"nofollow noopener\" data-trk=\"{&quot;cta&quot;:{&quot;action&quot;:&quot;https:\\\/\\\/moncompte.actu.fr&quot;,&quot;category&quot;:&quot;mon compte&quot;,&quot;from&quot;:&quot;article footer&quot;,&quot;name&quot;:&quot;Mon actu&quot;,&quot;type&quot;:&quot;cta&quot;}}\" target=\"_blank\">Mon Actu<\/a>.<\/p>\n","protected":false},"excerpt":{"rendered":"Par R\u00e9daction Grenoble Publi\u00e9 le 9 d\u00e9c. 2025 \u00e0 15h58 Alors que les principales f\u00e9d\u00e9rations hospitali\u00e8res viennent d\u2019appeler&hellip;\n","protected":false},"author":2,"featured_media":589689,"comment_status":"","ping_status":"","sticky":false,"template":"","format":"standard","meta":{"footnotes":""},"categories":[9566],"tags":[1111,11,2430,26052,1777,674,1011,27,2731,12,25,71,104],"class_list":{"0":"post-589688","1":"post","2":"type-post","3":"status-publish","4":"format-standard","5":"has-post-thumbnail","7":"category-grenoble","8":"tag-actu","9":"tag-actualites","10":"tag-auvergne-rhone-alpes","11":"tag-chu-grenoble-alpes","12":"tag-eu","13":"tag-europe","14":"tag-fr","15":"tag-france","16":"tag-grenoble","17":"tag-news","18":"tag-republique-francaise","19":"tag-sante","20":"tag-societe"},"share_on_mastodon":{"url":"https:\/\/pubeurope.com\/@fr\/115692837490799633","error":""},"_links":{"self":[{"href":"https:\/\/www.europesays.com\/fr\/wp-json\/wp\/v2\/posts\/589688","targetHints":{"allow":["GET"]}}],"collection":[{"href":"https:\/\/www.europesays.com\/fr\/wp-json\/wp\/v2\/posts"}],"about":[{"href":"https:\/\/www.europesays.com\/fr\/wp-json\/wp\/v2\/types\/post"}],"author":[{"embeddable":true,"href":"https:\/\/www.europesays.com\/fr\/wp-json\/wp\/v2\/users\/2"}],"replies":[{"embeddable":true,"href":"https:\/\/www.europesays.com\/fr\/wp-json\/wp\/v2\/comments?post=589688"}],"version-history":[{"count":0,"href":"https:\/\/www.europesays.com\/fr\/wp-json\/wp\/v2\/posts\/589688\/revisions"}],"wp:featuredmedia":[{"embeddable":true,"href":"https:\/\/www.europesays.com\/fr\/wp-json\/wp\/v2\/media\/589689"}],"wp:attachment":[{"href":"https:\/\/www.europesays.com\/fr\/wp-json\/wp\/v2\/media?parent=589688"}],"wp:term":[{"taxonomy":"category","embeddable":true,"href":"https:\/\/www.europesays.com\/fr\/wp-json\/wp\/v2\/categories?post=589688"},{"taxonomy":"post_tag","embeddable":true,"href":"https:\/\/www.europesays.com\/fr\/wp-json\/wp\/v2\/tags?post=589688"}],"curies":[{"name":"wp","href":"https:\/\/api.w.org\/{rel}","templated":true}]}}