{"id":589690,"date":"2025-12-10T02:10:04","date_gmt":"2025-12-10T02:10:04","guid":{"rendered":"https:\/\/www.europesays.com\/fr\/589690\/"},"modified":"2025-12-10T02:10:04","modified_gmt":"2025-12-10T02:10:04","slug":"grenoble-soulagement-pour-la-famille-qui-dormait-sous-une-tente-devant-le-college","status":"publish","type":"post","link":"https:\/\/www.europesays.com\/fr\/589690\/","title":{"rendered":"Grenoble. Soulagement pour la famille qui dormait sous une tente devant le coll\u00e8ge"},"content":{"rendered":"<p>                    Par<br \/>\n        <strong><br \/>\n            <a href=\"https:\/\/actu.fr\/auteur\/lisa-rodrigues\" title=\"Consulter tous les articles de Lisa Rodrigues\" target=\"_blank\" rel=\"noopener\">Lisa Rodrigues<\/a><br \/>\n                    <\/strong><\/p>\n<p>        Publi\u00e9 le<\/p>\n<p>            9 d\u00e9c. 2025 \u00e0 17h19        <\/p>\n<p>L\u2019histoire se termine bien. Lundi 1er d\u00e9cembre, une <strong>famille de six personnes<\/strong>, dont quatre enfants, s\u2019est <a href=\"https:\/\/actu.fr\/auvergne-rhone-alpes\/grenoble_38185\/grenoble-une-famille-en-detresse-vit-dans-la-rue-la-mobilisation-monte-l-etat-est-defaillant_63516965.html\" target=\"_blank\" rel=\"noopener\">install\u00e9 dans un camp de fortune<\/a> devant le coll\u00e8ge Vercors \u00e0 <a href=\"https:\/\/actu.fr\/auvergne-rhone-alpes\/grenoble_38185\" target=\"_blank\" rel=\"noopener\">Grenoble<\/a> o\u00f9 deux des enfants sont scolaris\u00e9s. Selon les parents d\u2019\u00e9l\u00e8ves et professeurs, la famille n\u2019a aucune solution de logement durable, pourtant demand\u00e9 en septembre dernier dans le cadre de sa demande d\u2019asile.<\/p>\n<p>    <a href=\"https:\/\/www.google.com\/maps\/embed?pb=!1m18!1m12!1m3!1d5624.968981375354!2d5.741055475922017!3d45.17728795253679!2m3!1f0!2f0!3f0!3m2!1i1024!2i768!4f13.1!3m3!1m2!1s0x478af4e65cd38b4d%3A0x19e6266546c6f62a!2sColl%C3%A8ge%20Vercors!5e0!3m2!1sfr!2sfr!4v1765296013825!5m2!1sfr!2sfr\" title=\"Ouvrie le lien\" target=\"_blank\" rel=\"noopener\">Cliquez ici pour visualiser le contenu<\/a><\/p>\n<p class=\" wall-content\">Lundi 8 d\u00e9cembre, une \u00ab\u00a0issue positive\u00a0\u00bb a \u00e9t\u00e9 trouv\u00e9e pour la famille, se r\u00e9jouit le collectif RESF (R\u00e9seau \u00e9ducation sans fronti\u00e8res) de l\u2019<a href=\"https:\/\/actu.fr\/auvergne-rhone-alpes\/isere_38\" target=\"_blank\" rel=\"noopener\">Is\u00e8re<\/a>.<\/p>\n<p>\u00ab\u00a0La famille b\u00e9n\u00e9ficie aujourd\u2019hui d\u2019un logement\u00a0\u00bb<\/p>\n<p class=\" wall-content\">En effet, apr\u00e8s une rencontre lundi avec l\u2019OFII (Office fran\u00e7ais de l\u2019immigration et de l\u2019int\u00e9gration), \u00ab\u00a0la famille b\u00e9n\u00e9ficie aujourd\u2019hui d\u2019un h\u00e9bergement en CADA [centre d\u2019accueil pour demandeur d\u2019asile, NDLR] auquel elle a droit\u00a0\u00bb, indique le collectif dans un communiqu\u00e9.<\/p>\n<p class=\" wall-content\">Initialement, RESF souhaitait mettre \u00e0 l\u2019abri la famille dans le gymnase du coll\u00e8ge. \u00ab\u00a0On nous a r\u00e9pondu que les forces de l\u2019ordre pourraient \u00eatre envoy\u00e9es pour d\u00e9loger les occupants et qu\u2019un d\u00e9p\u00f4t de plainte pour intrusion serait effectu\u00e9 contre toutes les personnes pr\u00e9sentes dans l\u2019\u00e9tablissement.\u00a0\u00bb<\/p>\n<p class=\" wall-content\">Le collectif demande ainsi un \u00ab\u00a0engagement\u00a0\u00bb des autorit\u00e9s comp\u00e9tentes pour laisser la possibilit\u00e9 de mettre \u00e0 l\u2019abri des familles dans le besoin <a href=\"https:\/\/actu.fr\/auvergne-rhone-alpes\/grenoble_38185\/grenoble-esther-vit-seule-avec-ses-trois-enfants-dans-une-ecole-j-ai-peur-d-etre-a-la-rue_62817289.html\" target=\"_blank\" rel=\"noopener\">au sein des \u00e9tablissements scolaires<\/a>.<\/p>\n<p class=\" wall-content\">\u00ab\u00a0Le logement est un droit garanti aux enfants par plusieurs textes juridiques, tant internationaux que nationaux. <strong>L\u2019\u00c9tat et le D\u00e9partement ont chacun des responsabilit\u00e9s<\/strong> dans la mise en \u0153uvre de ce droit.\u00a0\u00bb<\/p>\n<p>Votre r\u00e9gion, votre actu !<\/p>\n<p>Recevez chaque jour les infos qui comptent pour vous.<\/p>\n<p>\t<a href=\"https:\/\/actu.fr\/newsletter\" class=\"ac-btn ac-btn--corner ac-btn--medium ac-btn--blue800\" target=\"_blank\" rel=\"noopener\">S&rsquo;incrire<\/a><br \/>\nD\u2019autres enfants potentiellement concern\u00e9s<\/p>\n<p class=\" wall-content\">Pour autant, <strong>le cas de cette famille n\u2019est pas isol\u00e9<\/strong>. \u00ab\u00a0Nous sommes inquiets quant \u00e0 la situation pr\u00e9caire en termes d\u2019h\u00e9bergement de plusieurs autres de nos \u00e9l\u00e8ves. Et cette situation d\u00e9passe largement notre seul coll\u00e8ge\u00a0\u00bb, rappellent les parents d\u2019\u00e9l\u00e8ves et professeurs mobilis\u00e9s.<\/p>\n<p class=\" wall-content\">Ce n\u2019est d\u2019ailleurs pas la seule action \u00ab\u00a0choc\u00a0\u00bb pour le droit au logement men\u00e9e derni\u00e8rement dans l\u2019agglom\u00e9ration de Grenoble.<\/p>\n<p class=\" wall-content\">Fin novembre, une soixantaine de personnes a pris <a href=\"https:\/\/actu.fr\/auvergne-rhone-alpes\/grenoble_38185\/grenoble-des-familles-expulsees-se-retrouvent-sans-logement-la-prefete-interpellee_63479036.html\" target=\"_blank\" rel=\"noopener\">possession du si\u00e8ge de la M\u00e9tropole<\/a> pour r\u00e9clamer un logement d\u2019urgence, apr\u00e8s l\u2019expulsion de familles dans le quartier de la Villeneuve. Une occupation \u00e0 l\u2019initiative de diverses associations, soutenue par RESF.<\/p>\n<p class=\" wall-content\">Personnalisez votre actualit\u00e9 en ajoutant vos villes et m\u00e9dias en favori avec <a href=\"https:\/\/moncompte.actu.fr\" title=\"D\u00e9couvez Mon Actu\" rel=\"nofollow noopener\" data-trk=\"{&quot;cta&quot;:{&quot;action&quot;:&quot;https:\\\/\\\/moncompte.actu.fr&quot;,&quot;category&quot;:&quot;mon compte&quot;,&quot;from&quot;:&quot;article footer&quot;,&quot;name&quot;:&quot;Mon actu&quot;,&quot;type&quot;:&quot;cta&quot;}}\" target=\"_blank\">Mon Actu<\/a>.<\/p>\n","protected":false},"excerpt":{"rendered":"Par Lisa Rodrigues Publi\u00e9 le 9 d\u00e9c. 2025 \u00e0 17h19 L\u2019histoire se termine bien. Lundi 1er d\u00e9cembre, une&hellip;\n","protected":false},"author":2,"featured_media":589691,"comment_status":"","ping_status":"","sticky":false,"template":"","format":"standard","meta":{"footnotes":""},"categories":[9566],"tags":[1111,11,2430,1777,674,652,1011,27,2731,1908,12,25,104],"class_list":{"0":"post-589690","1":"post","2":"type-post","3":"status-publish","4":"format-standard","5":"has-post-thumbnail","7":"category-grenoble","8":"tag-actu","9":"tag-actualites","10":"tag-auvergne-rhone-alpes","11":"tag-eu","12":"tag-europe","13":"tag-famille","14":"tag-fr","15":"tag-france","16":"tag-grenoble","17":"tag-logement","18":"tag-news","19":"tag-republique-francaise","20":"tag-societe"},"share_on_mastodon":{"url":"https:\/\/pubeurope.com\/@fr\/115692845588413384","error":""},"_links":{"self":[{"href":"https:\/\/www.europesays.com\/fr\/wp-json\/wp\/v2\/posts\/589690","targetHints":{"allow":["GET"]}}],"collection":[{"href":"https:\/\/www.europesays.com\/fr\/wp-json\/wp\/v2\/posts"}],"about":[{"href":"https:\/\/www.europesays.com\/fr\/wp-json\/wp\/v2\/types\/post"}],"author":[{"embeddable":true,"href":"https:\/\/www.europesays.com\/fr\/wp-json\/wp\/v2\/users\/2"}],"replies":[{"embeddable":true,"href":"https:\/\/www.europesays.com\/fr\/wp-json\/wp\/v2\/comments?post=589690"}],"version-history":[{"count":0,"href":"https:\/\/www.europesays.com\/fr\/wp-json\/wp\/v2\/posts\/589690\/revisions"}],"wp:featuredmedia":[{"embeddable":true,"href":"https:\/\/www.europesays.com\/fr\/wp-json\/wp\/v2\/media\/589691"}],"wp:attachment":[{"href":"https:\/\/www.europesays.com\/fr\/wp-json\/wp\/v2\/media?parent=589690"}],"wp:term":[{"taxonomy":"category","embeddable":true,"href":"https:\/\/www.europesays.com\/fr\/wp-json\/wp\/v2\/categories?post=589690"},{"taxonomy":"post_tag","embeddable":true,"href":"https:\/\/www.europesays.com\/fr\/wp-json\/wp\/v2\/tags?post=589690"}],"curies":[{"name":"wp","href":"https:\/\/api.w.org\/{rel}","templated":true}]}}