{"id":589694,"date":"2025-12-10T02:12:18","date_gmt":"2025-12-10T02:12:18","guid":{"rendered":"https:\/\/www.europesays.com\/fr\/589694\/"},"modified":"2025-12-10T02:12:18","modified_gmt":"2025-12-10T02:12:18","slug":"couture-ceramique-bijoux-a-rennes-47-artistes-creatifs-investissent-le-marche-de-noel-2","status":"publish","type":"post","link":"https:\/\/www.europesays.com\/fr\/589694\/","title":{"rendered":"Couture, c\u00e9ramique, bijoux\u2026\u00a0\u00e0 Rennes, 47\u00a0artistes cr\u00e9atifs investissent le march\u00e9 de No\u00ebl"},"content":{"rendered":"<p>En fin de semaine, les Ateliers du Vent \u00e0 Rennes (Ille-et-Vilaine) se muent en march\u00e9 de No\u00ebl. Jeudi\u00a011 et vendredi 12\u00a0d\u00e9cembre 2025, 47\u00a0cr\u00e9ateurs et cr\u00e9atrices en tous genres exposent au sein de l\u2019ancienne usine \u00e0 moutarde.<\/p>\n<p>Parmi les artistes invit\u00e9s, sont \u00e0 retrouver des pros de la broderie, de la c\u00e9ramique, de la photographie, des bijoux,\u00a0etc. La liste compl\u00e8te et d\u00e9taill\u00e9e est \u00e0 retrouver sur <a href=\"https:\/\/www.lesateliersduvent.org\/marche-de-noel-2025\/\" target=\"_blank\" rel=\"noopener\">le site web des Ateliers du Vent<\/a>. L\u2019\u00e9v\u00e8nement se finira en musique avec les performances de DJs avec Marvina, le jeudi, puis de DJ 50 et Queenie, le vendredi.<\/p>\n<p><strong> Jeudi 11 et vendredi 12 d\u00e9cembre 2025<\/strong>, de 16 h \u00e0 00 h. Buvette et restauration sur place. Entr\u00e9e libre. Les Ateliers du Vent, 59, rue Alexandre Duval. Acc\u00e8s : m\u00e9tro ligne b &amp; v\u00e9lostar station Mabilais, bus n\u00b0 10 arr\u00eat Voltaire. Mail : contact@lesateliersduvent.org T\u00e9l. : 02 99 27 75 56<\/p>\n<p>\u00a0<\/p>\n","protected":false},"excerpt":{"rendered":"En fin de semaine, les Ateliers du Vent \u00e0 Rennes (Ille-et-Vilaine) se muent en march\u00e9 de No\u00ebl. Jeudi\u00a011&hellip;\n","protected":false},"author":2,"featured_media":589575,"comment_status":"","ping_status":"","sticky":false,"template":"","format":"standard","meta":{"footnotes":""},"categories":[2821],"tags":[19868,1111,11,2937,10036,5417,829,4587,34907,70275,1777,674,1011,27,68620,2089,12,15830,584,25,7919],"class_list":{"0":"post-589694","1":"post","2":"type-post","3":"status-publish","4":"format-standard","5":"has-post-thumbnail","7":"category-rennes","8":"tag-19868","9":"tag-actu","10":"tag-actualites","11":"tag-artistes","12":"tag-ateliers","13":"tag-bijoux","14":"tag-bretagne","15":"tag-ceramique","16":"tag-couture","17":"tag-creatifs","18":"tag-eu","19":"tag-europe","20":"tag-fr","21":"tag-france","22":"tag-investissent","23":"tag-marche","24":"tag-news","25":"tag-noel","26":"tag-rennes","27":"tag-republique-francaise","28":"tag-vent"},"share_on_mastodon":{"url":"https:\/\/pubeurope.com\/@fr\/115692855120774367","error":""},"_links":{"self":[{"href":"https:\/\/www.europesays.com\/fr\/wp-json\/wp\/v2\/posts\/589694","targetHints":{"allow":["GET"]}}],"collection":[{"href":"https:\/\/www.europesays.com\/fr\/wp-json\/wp\/v2\/posts"}],"about":[{"href":"https:\/\/www.europesays.com\/fr\/wp-json\/wp\/v2\/types\/post"}],"author":[{"embeddable":true,"href":"https:\/\/www.europesays.com\/fr\/wp-json\/wp\/v2\/users\/2"}],"replies":[{"embeddable":true,"href":"https:\/\/www.europesays.com\/fr\/wp-json\/wp\/v2\/comments?post=589694"}],"version-history":[{"count":0,"href":"https:\/\/www.europesays.com\/fr\/wp-json\/wp\/v2\/posts\/589694\/revisions"}],"wp:featuredmedia":[{"embeddable":true,"href":"https:\/\/www.europesays.com\/fr\/wp-json\/wp\/v2\/media\/589575"}],"wp:attachment":[{"href":"https:\/\/www.europesays.com\/fr\/wp-json\/wp\/v2\/media?parent=589694"}],"wp:term":[{"taxonomy":"category","embeddable":true,"href":"https:\/\/www.europesays.com\/fr\/wp-json\/wp\/v2\/categories?post=589694"},{"taxonomy":"post_tag","embeddable":true,"href":"https:\/\/www.europesays.com\/fr\/wp-json\/wp\/v2\/tags?post=589694"}],"curies":[{"name":"wp","href":"https:\/\/api.w.org\/{rel}","templated":true}]}}