{"id":589703,"date":"2025-12-10T02:18:15","date_gmt":"2025-12-10T02:18:15","guid":{"rendered":"https:\/\/www.europesays.com\/fr\/589703\/"},"modified":"2025-12-10T02:18:15","modified_gmt":"2025-12-10T02:18:15","slug":"michel-lucas-expose-ses-creations-en-origami-dans-cette-commune-mitoyenne-de-nantes","status":"publish","type":"post","link":"https:\/\/www.europesays.com\/fr\/589703\/","title":{"rendered":"Michel Lucas expose ses cr\u00e9ations en origami dans cette commune mitoyenne de Nantes"},"content":{"rendered":"<p>Michel Lucas, qui habite Orvault depuis 45\u00a0ans, est un ancien professeur des universit\u00e9s en informatique. \u00c0 l\u2019occasion d\u2019un voyage au Japon en 1980, il a d\u00e9couvert l\u2019origami, l\u2019art du pliage du papier, et depuis il nourrit sa passion.<\/p>\n<p>On peut voir ses cr\u00e9ations expos\u00e9es \u00e0<a href=\"https:\/\/www.orvault.fr\/annuaire\/latelier-des-createurs\/\" target=\"_blank\" rel=\"noopener\"> la serre des cr\u00e9ateurs \u00e0 la Gobini\u00e8re <\/a>jusqu\u2019au 10\u00a0d\u00e9cembre, tous les jours de 14\u00a0h\u00a030 \u00e0 18\u00a0h\u00a030. Pour le week-end des <a href=\"https:\/\/www.orvault.fr\/agenda\/les-flaneries-de-noel\/\" target=\"_blank\" rel=\"noopener\">Fl\u00e2neries <\/a>les 13 et 14\u00a0d\u00e9cembre prochains, il animera un atelier de 14\u00a0h\u00a030 \u00e0 18\u00a0h\u00a030, accessible \u00e0 tous avec diff\u00e9rents niveaux. Les personnes int\u00e9ress\u00e9es pourront apprendre \u00e0 faire des p\u00e8res No\u00ebl et des cocottes\u00a0!<\/p>\n<p>L\u2019art du pliage du papier<\/p>\n<p>En exposant ses multiples cr\u00e9ations, Michel Lucas veut prouver que l\u2019art du pliage du papier a toute sa place dans la serre de la Gobini\u00e8re, l\u2019atelier des cr\u00e9ateurs. \u00ab\u00a0On atteint d\u00e9sormais un niveau de technicit\u00e9, bien loin des d\u00e9buts de l\u2019origami\u00a0! Je veux montrer de l\u2019origami moderne, o\u00f9 en est l\u2019\u00e9tat de l\u2019art du pliage des papiers aujourd\u2019hui\u00a0\u00bb, explique ce passionn\u00e9.<\/p>\n<p>Entre quatre et six heures de travail<\/p>\n<p>Le visiteur pourra admirer des figures g\u00e9om\u00e9triques complexes, des fleurs printani\u00e8res comme le pavot ou les narcisses, qu\u2019on a peu l\u2019habitude d\u2019admirer. \u00ab\u00a0C\u2019est un passe-temps et je peux y consacrer des journ\u00e9es enti\u00e8res. Quand on a mis tout son c\u0153ur \u00e0 plier, on ne peut pas jeter ses cr\u00e9ations\u00a0! J\u2019en ai plein la maison et j\u2019ai m\u00eame une pi\u00e8ce d\u00e9di\u00e9e \u00e0 cet art.\u00a0\u00bb<\/p>\n<p>Chaque cr\u00e9ation demande entre quatre et six\u00a0heures de travail minutieux, certaines sont faites avec une seule feuille de papier, toujours avec passion.<\/p>\n<p>\u00a0<\/p>\n","protected":false},"excerpt":{"rendered":"Michel Lucas, qui habite Orvault depuis 45\u00a0ans, est un ancien professeur des universit\u00e9s en informatique. \u00c0 l\u2019occasion d\u2019un&hellip;\n","protected":false},"author":2,"featured_media":589704,"comment_status":"","ping_status":"","sticky":false,"template":"","format":"standard","meta":{"footnotes":""},"categories":[2818],"tags":[1111,11,7052,21353,1777,674,8110,1011,27,1537,3103,70281,766,12,15020,2636,25],"class_list":{"0":"post-589703","1":"post","2":"type-post","3":"status-publish","4":"format-standard","5":"has-post-thumbnail","7":"category-nantes","8":"tag-actu","9":"tag-actualites","10":"tag-commune","11":"tag-creations","12":"tag-eu","13":"tag-europe","14":"tag-expose","15":"tag-fr","16":"tag-france","17":"tag-lucas","18":"tag-michel","19":"tag-mitoyenne","20":"tag-nantes","21":"tag-news","22":"tag-origami","23":"tag-pays-de-la-loire","24":"tag-republique-francaise"},"share_on_mastodon":{"url":"https:\/\/pubeurope.com\/@fr\/115692876896098325","error":""},"_links":{"self":[{"href":"https:\/\/www.europesays.com\/fr\/wp-json\/wp\/v2\/posts\/589703","targetHints":{"allow":["GET"]}}],"collection":[{"href":"https:\/\/www.europesays.com\/fr\/wp-json\/wp\/v2\/posts"}],"about":[{"href":"https:\/\/www.europesays.com\/fr\/wp-json\/wp\/v2\/types\/post"}],"author":[{"embeddable":true,"href":"https:\/\/www.europesays.com\/fr\/wp-json\/wp\/v2\/users\/2"}],"replies":[{"embeddable":true,"href":"https:\/\/www.europesays.com\/fr\/wp-json\/wp\/v2\/comments?post=589703"}],"version-history":[{"count":0,"href":"https:\/\/www.europesays.com\/fr\/wp-json\/wp\/v2\/posts\/589703\/revisions"}],"wp:featuredmedia":[{"embeddable":true,"href":"https:\/\/www.europesays.com\/fr\/wp-json\/wp\/v2\/media\/589704"}],"wp:attachment":[{"href":"https:\/\/www.europesays.com\/fr\/wp-json\/wp\/v2\/media?parent=589703"}],"wp:term":[{"taxonomy":"category","embeddable":true,"href":"https:\/\/www.europesays.com\/fr\/wp-json\/wp\/v2\/categories?post=589703"},{"taxonomy":"post_tag","embeddable":true,"href":"https:\/\/www.europesays.com\/fr\/wp-json\/wp\/v2\/tags?post=589703"}],"curies":[{"name":"wp","href":"https:\/\/api.w.org\/{rel}","templated":true}]}}