{"id":589709,"date":"2025-12-10T02:21:19","date_gmt":"2025-12-10T02:21:19","guid":{"rendered":"https:\/\/www.europesays.com\/fr\/589709\/"},"modified":"2025-12-10T02:21:19","modified_gmt":"2025-12-10T02:21:19","slug":"la-mascotte-tchoupi-en-dedicace-a-la-fnac-bordeaux-lac","status":"publish","type":"post","link":"https:\/\/www.europesays.com\/fr\/589709\/","title":{"rendered":"La mascotte T&rsquo;choupi en d\u00e9dicace \u00e0 la Fnac Bordeaux Lac !"},"content":{"rendered":"<p>La Fnac a le plaisir de recevoir le c\u00e9l\u00e8bre T\u2019choupi, lors d\u2019une s\u00e9ance de d\u00e9dicaces en magasin ! La mascotte prendra la pose et signera ses nouvelles aventures aupr\u00e8s des tout-petits ! Ev\u00e8nement gratuit et en libre acc\u00e8s (dans la limite des places disponibles).<\/p>\n<p>T\u2019choupi est une s\u00e9rie de livres de litt\u00e9rature-jeunesse cr\u00e9\u00e9s par Thierry Courtin et publi\u00e9s par Nathan. Lors de la naissance de son fils en 1992, le graphiste Thierry Courtin cr\u00e9a un jeune gar\u00e7on aux allures d\u2019un b\u00e9b\u00e9 pingouin, nomm\u00e9 T\u2019choupi, puis il \u00e9labora des jouets et des accessoires.<\/p>\n<p>\u00c0 partir de 1997, les aventures de T\u2019choupi, des histoires de la vie quotidienne, commenc\u00e8rent \u00e0 para\u00eetre sous la forme de livres. Thierry Courtin a inscrit le visage de son personnage dans un cercle pour que les enfants le reconnaissent tout de suite. Il s\u2019est inspir\u00e9 pour cela de son observation des pingouins du parc zoologique de Montr\u00e9al. Thierry Courtin explique que ses histoires \u00ab sont un support p\u00e9dagogique pour les parents. Cela permet de d\u00e9dramatiser certaines situations \u00bb. Chaque titre aborde une situation de la vie quotidienne de T\u2019choupi : ses vacances, son entr\u00e9e \u00e0 l\u2019\u00e9cole, les courses au supermarch\u00e9. Les enfants s\u2019identifient \u00e0 ses petits bonheurs et malheurs de leur h\u00e9ros, relat\u00e9s avec tendresse et humour.<\/p>\n<p style=\"text-align: center;\">*Ev\u00e8nement gratuit et en libre acc\u00e8s (dans la limite des places disponibles).\u00a0<\/p>\n<p>        <img decoding=\"async\" src=\"https:\/\/www.europesays.com\/fr\/wp-content\/uploads\/2025\/04\/logo-rse.png\" alt=\"Logo RSE\" loading=\"lazy\" width=\"84\" height=\"116\"\/><\/p>\n<p>\n        La Fnac s\u2019engage activement dans les initiatives de responsabilit\u00e9 soci\u00e9tale des entreprises (RSE).\n    <\/p>\n<p>\n        Aidez-nous en choisissant la mobilit\u00e9 douce en privil\u00e9giant par exemple le v\u00e9lo (pistes cyclables et stationnements \u00e0 disposition), les transports en commun ou le covoiturage pour nous rejoindre. Ainsi, vous contribuez \u00e0 r\u00e9duire les \u00e9missions de gaz \u00e0 effet de serre et \u00e0 am\u00e9liorer notre qualit\u00e9 de l\u2019air. Pour plus d\u2019information, consultez la fiche du magasin.<br \/>Tous nos \u00e9v\u00e8nements sont en acc\u00e8s gratuit, dans la limite des places disponibles.\n    <\/p>\n","protected":false},"excerpt":{"rendered":"La Fnac a le plaisir de recevoir le c\u00e9l\u00e8bre T\u2019choupi, lors d\u2019une s\u00e9ance de d\u00e9dicaces en magasin !&hellip;\n","protected":false},"author":2,"featured_media":589710,"comment_status":"","ping_status":"","sticky":false,"template":"","format":"standard","meta":{"footnotes":""},"categories":[2817],"tags":[70282,1111,11,31868,1997,1777,674,9391,13553,1011,27,4075,61646,12,2219,25,70283],"class_list":{"0":"post-589709","1":"post","2":"type-post","3":"status-publish","4":"format-standard","5":"has-post-thumbnail","7":"category-bordeaux","8":"tag-0-3-ans","9":"tag-actu","10":"tag-actualites","11":"tag-album-jeunesse","12":"tag-bordeaux","13":"tag-eu","14":"tag-europe","15":"tag-evenement-fnac-gratuit","16":"tag-fnac","17":"tag-fr","18":"tag-france","19":"tag-jeunesse","20":"tag-mascotte","21":"tag-news","22":"tag-nouvelle-aquitaine","23":"tag-republique-francaise","24":"tag-tchoupi"},"share_on_mastodon":{"url":"https:\/\/pubeurope.com\/@fr\/115692888731127378","error":""},"_links":{"self":[{"href":"https:\/\/www.europesays.com\/fr\/wp-json\/wp\/v2\/posts\/589709","targetHints":{"allow":["GET"]}}],"collection":[{"href":"https:\/\/www.europesays.com\/fr\/wp-json\/wp\/v2\/posts"}],"about":[{"href":"https:\/\/www.europesays.com\/fr\/wp-json\/wp\/v2\/types\/post"}],"author":[{"embeddable":true,"href":"https:\/\/www.europesays.com\/fr\/wp-json\/wp\/v2\/users\/2"}],"replies":[{"embeddable":true,"href":"https:\/\/www.europesays.com\/fr\/wp-json\/wp\/v2\/comments?post=589709"}],"version-history":[{"count":0,"href":"https:\/\/www.europesays.com\/fr\/wp-json\/wp\/v2\/posts\/589709\/revisions"}],"wp:featuredmedia":[{"embeddable":true,"href":"https:\/\/www.europesays.com\/fr\/wp-json\/wp\/v2\/media\/589710"}],"wp:attachment":[{"href":"https:\/\/www.europesays.com\/fr\/wp-json\/wp\/v2\/media?parent=589709"}],"wp:term":[{"taxonomy":"category","embeddable":true,"href":"https:\/\/www.europesays.com\/fr\/wp-json\/wp\/v2\/categories?post=589709"},{"taxonomy":"post_tag","embeddable":true,"href":"https:\/\/www.europesays.com\/fr\/wp-json\/wp\/v2\/tags?post=589709"}],"curies":[{"name":"wp","href":"https:\/\/api.w.org\/{rel}","templated":true}]}}