{"id":589718,"date":"2025-12-10T02:28:35","date_gmt":"2025-12-10T02:28:35","guid":{"rendered":"https:\/\/www.europesays.com\/fr\/589718\/"},"modified":"2025-12-10T02:28:35","modified_gmt":"2025-12-10T02:28:35","slug":"onsen-leve-13-million-deuros-pour-accelerer-la-transition-environnementale-des-centres-aquatiques","status":"publish","type":"post","link":"https:\/\/www.europesays.com\/fr\/589718\/","title":{"rendered":"Onsen l\u00e8ve 1,3 million d\u2019euros pour acc\u00e9l\u00e9rer la transition environnementale des centres aquatiques"},"content":{"rendered":"<p>                                                        <img loading=\"lazy\" decoding=\"async\" width=\"1280\" height=\"960\" src=\"data:image\/svg+xml,%3Csvg%20xmlns=\" http:=\"\" class=\"thumb img-responsive m-x-auto block w-full\" alt=\"Un incendie qui aurait pu tout arr\u00eater, mais qui a plut\u00f4t servi de catalyseur\" caption=\"\" data-lazy-src=\"https:\/\/www.europesays.com\/fr\/wp-content\/uploads\/2025\/12\/industrie-ecologique-1.webp.webp\"\/><\/p>\n<p class=\"ez-toc-title ez-toc-toggle\" style=\"cursor: pointer\">Sommaire &amp; acc\u00e8s rapide<\/p>\n<p><a href=\"#\" class=\"ez-toc-pull-right ez-toc-btn ez-toc-btn-xs ez-toc-btn-default ez-toc-toggle\" aria-label=\"Toggle Table of Content\">Toggle<\/a><\/p>\n<p><strong>La PME lyonnaise Onsen annonce une lev\u00e9e de fonds de 1,3 million d\u2019euros aupr\u00e8s du Fonds d\u2019Amor\u00e7age Industriel M\u00e9tropolitain Lyon\u2013Saint-\u00c9tienne. Une op\u00e9ration qui doit permettre d\u2019acc\u00e9l\u00e9rer le d\u00e9ploiement de sa plateforme de pilotage des centres aquatiques et de renforcer son r\u00f4le dans la r\u00e9duction de l\u2019impact \u00e9nerg\u00e9tique et hydrique des infrastructures publiques.<\/strong><\/p>\n<p>Une entreprise lyonnaise positionn\u00e9e sur l\u2019optimisation \u00e9nerg\u00e9tique des centres aquatiques<\/p>\n<p>Fond\u00e9e en 2008, Onsen con\u00e7oit des \u00e9quipements et logiciels destin\u00e9s \u00e0 am\u00e9liorer la gestion des piscines et installations aquatiques recevant du public. L\u2019entreprise s\u2019est sp\u00e9cialis\u00e9e dans la performance hydrique et \u00e9nerg\u00e9tique, un enjeu majeur pour des exploitants soumis \u00e0 des contraintes r\u00e9glementaires strictes et \u00e0 une pression croissante sur leurs co\u00fbts d\u2019exploitation.<\/p>\n<p>La soci\u00e9t\u00e9 a d\u00e9j\u00e0 \u00e9quip\u00e9 plus de 200 sites en France et en Belgique avec ses solutions \u00e9co-efficientes. Depuis 2021, elle a repris son ind\u00e9pendance sous l\u2019impulsion de l\u2019un de ses fondateurs historiques, Yann Menez, engag\u00e9 de longue date sur les questions environnementales et sociales.<\/p>\n<p>Une lev\u00e9e de 1,3 million d\u2019euros pour industrialiser la plateforme Hippocampe<\/p>\n<p>La lev\u00e9e de fonds de 1,3 million d\u2019euros, r\u00e9alis\u00e9e via le FAIM Lyon\u2013Saint-\u00c9tienne et g\u00e9r\u00e9e par Demeter, marque une nouvelle \u00e9tape pour Onsen. L\u2019objectif est clair : acc\u00e9l\u00e9rer le d\u00e9ploiement \u00e0 grande \u00e9chelle d\u2019Hippocampe, la plateforme logicielle permettant la mesure, la collecte et la consolidation des donn\u00e9es d\u2019exploitation, ainsi que le pilotage intelligent des \u00e9quipements.<\/p>\n<p>Cette op\u00e9ration s\u2019inscrit dans une dynamique d\u2019innovation d\u00e9j\u00e0 r\u00e9compens\u00e9e. Onsen a obtenu en 2024 le prix du concours I-Nov dans le cadre du programme France 2030 et a \u00e9t\u00e9 labellis\u00e9e GreenTech Innovation en juillet 2025, soulignant son r\u00f4le dans la transition \u00e9nerg\u00e9tique et hydrique des infrastructures aquatiques.<\/p>\n<p>Des solutions techniques au service des \u00e9conomies d\u2019eau et d\u2019\u00e9nergie<\/p>\n<p>Onsen d\u00e9veloppe une gamme d\u2019\u00e9quipements destin\u00e9s \u00e0 limiter l\u2019impact des centres aquatiques : r\u00e9cup\u00e9rateur de chaleur des eaux us\u00e9es, stockage des eaux de renouvellement pour un usage diff\u00e9r\u00e9, \u00e9quipements \u00e9co-efficientes comme les p\u00e9diluves sans eau ou encore les filtres c\u00e9ramiques.<\/p>\n<p>Associ\u00e9s \u00e0 la solution Hippocampe, ces dispositifs permettent en moyenne d\u2019\u00e9conomiser 3 750 m\u00b3 d\u2019eau et 111 MWh d\u2019\u00e9nergie par an selon les donn\u00e9es du Bilan Carbone 2024. Un enjeu central pour des infrastructures soumises \u00e0 des obligations de renouvellement quotidien de l\u2019eau, de gestion des temp\u00e9ratures et de qualit\u00e9 sanitaire.<\/p>\n<p>Un financement align\u00e9 avec les objectifs territoriaux<\/p>\n<p>Le soutien du FAIM Lyon\u2013Saint-\u00c9tienne s\u2019inscrit dans une logique de d\u00e9veloppement industriel \u00e0 fort impact environnemental. Dot\u00e9 de 70 millions d\u2019euros, ce fonds vise \u00e0 accompagner des activit\u00e9s productives d\u2019utilit\u00e9 sociale ou environnementale sur les territoires m\u00e9tropolitains de Lyon et Saint-\u00c9tienne.<\/p>\n<p>Pour Demeter, gestionnaire du fonds, la ma\u00eetrise des ressources naturelles et des co\u00fbts d\u2019exploitation constitue un enjeu essentiel pour pr\u00e9server le r\u00f4le social des infrastructures publiques. Un positionnement pleinement coh\u00e9rent avec les ambitions d\u2019Onsen.<\/p>\n<p>Une PME lyonnaise en phase de croissance<\/p>\n<p>Onsen compte aujourd\u2019hui 25 collaborateurs et r\u00e9alise un chiffre d\u2019affaires d\u2019environ 3 millions d\u2019euros. Cette lev\u00e9e doit permettre de renforcer l\u2019\u00e9quipe technique, de d\u00e9velopper de nouvelles comp\u00e9tences li\u00e9es \u00e0 la gestion de l\u2019eau et d\u2019acc\u00e9l\u00e9rer la commercialisation de la solution en France et \u00e0 l\u2019international.<\/p>\n<p>Pour son pr\u00e9sident et fondateur Yann Menez, cette op\u00e9ration constitue \u00ab une continuit\u00e9 du d\u00e9veloppement et du renforcement \u00bb de la soci\u00e9t\u00e9 et un levier pour intensifier le d\u00e9ploiement de ses technologies pionni\u00e8res.<\/p>\n","protected":false},"excerpt":{"rendered":"Sommaire &amp; acc\u00e8s rapide Toggle La PME lyonnaise Onsen annonce une lev\u00e9e de fonds de 1,3 million d\u2019euros&hellip;\n","protected":false},"author":2,"featured_media":589719,"comment_status":"","ping_status":"","sticky":false,"template":"","format":"standard","meta":{"footnotes":""},"categories":[1889],"tags":[1111,11,2430,1777,674,1011,27,2428,12,25],"class_list":{"0":"post-589718","1":"post","2":"type-post","3":"status-publish","4":"format-standard","5":"has-post-thumbnail","7":"category-lyon","8":"tag-actu","9":"tag-actualites","10":"tag-auvergne-rhone-alpes","11":"tag-eu","12":"tag-europe","13":"tag-fr","14":"tag-france","15":"tag-lyon","16":"tag-news","17":"tag-republique-francaise"},"share_on_mastodon":{"url":"https:\/\/pubeurope.com\/@fr\/115692916138331746","error":""},"_links":{"self":[{"href":"https:\/\/www.europesays.com\/fr\/wp-json\/wp\/v2\/posts\/589718","targetHints":{"allow":["GET"]}}],"collection":[{"href":"https:\/\/www.europesays.com\/fr\/wp-json\/wp\/v2\/posts"}],"about":[{"href":"https:\/\/www.europesays.com\/fr\/wp-json\/wp\/v2\/types\/post"}],"author":[{"embeddable":true,"href":"https:\/\/www.europesays.com\/fr\/wp-json\/wp\/v2\/users\/2"}],"replies":[{"embeddable":true,"href":"https:\/\/www.europesays.com\/fr\/wp-json\/wp\/v2\/comments?post=589718"}],"version-history":[{"count":0,"href":"https:\/\/www.europesays.com\/fr\/wp-json\/wp\/v2\/posts\/589718\/revisions"}],"wp:featuredmedia":[{"embeddable":true,"href":"https:\/\/www.europesays.com\/fr\/wp-json\/wp\/v2\/media\/589719"}],"wp:attachment":[{"href":"https:\/\/www.europesays.com\/fr\/wp-json\/wp\/v2\/media?parent=589718"}],"wp:term":[{"taxonomy":"category","embeddable":true,"href":"https:\/\/www.europesays.com\/fr\/wp-json\/wp\/v2\/categories?post=589718"},{"taxonomy":"post_tag","embeddable":true,"href":"https:\/\/www.europesays.com\/fr\/wp-json\/wp\/v2\/tags?post=589718"}],"curies":[{"name":"wp","href":"https:\/\/api.w.org\/{rel}","templated":true}]}}