{"id":589720,"date":"2025-12-10T02:30:37","date_gmt":"2025-12-10T02:30:37","guid":{"rendered":"https:\/\/www.europesays.com\/fr\/589720\/"},"modified":"2025-12-10T02:30:37","modified_gmt":"2025-12-10T02:30:37","slug":"une-etude-revele-que-seulement-26-des-habitants-de-lyon-sont-vraiment-nes-a-lyon","status":"publish","type":"post","link":"https:\/\/www.europesays.com\/fr\/589720\/","title":{"rendered":"Une \u00e9tude r\u00e9v\u00e8le que seulement 26% des habitants de Lyon sont vraiment n\u00e9s \u00e0 Lyon"},"content":{"rendered":"<p data-start=\"293\" data-end=\"837\">Selon l\u2019INSEE, les quelque 520 000 habitants de Lyon forment un patchwork bien plus vari\u00e9 qu\u2019on ne l\u2019imagine. D\u2019apr\u00e8s les donn\u00e9es publi\u00e9es ce lundi 8 d\u00e9cembre, <strong>seuls un quart des Lyonnais ont vu le jour dans la capitale des Gaules. <\/strong>Une proportion \u00e9tonnante, mais loin d\u2019\u00eatre isol\u00e9e\u00a0: elle d\u00e9passe celle de Bordeaux (24 %), reste inf\u00e9rieure \u00e0 Paris (30 %), et surtout loin derri\u00e8re Marseille, o\u00f9 un habitant sur deux est natif de la cit\u00e9 phoc\u00e9enne. Preuve que Lyon, plus que jamais, est une ville d\u2019arriv\u00e9e plut\u00f4t qu\u2019une ville de d\u00e9part.<\/p>\n<p>&#13;<br \/>\n<strong>Une grande majorit\u00e9 n\u00e9e ailleurs en France<\/strong>&#13;<\/p>\n<p data-start=\"887\" data-end=\"1395\"><strong data-start=\"887\" data-end=\"1065\">L\u2019\u00e9tude r\u00e9v\u00e8le \u00e9galement que 27 % des Lyonnais sont n\u00e9s dans le reste de la r\u00e9gion Auvergne-Rh\u00f4ne-Alpes, tandis que la plus grande part provient d\u2019autres coins de l\u2019Hexagone.<\/strong> Avec son dynamisme \u00e9conomique, son attractivit\u00e9 culturelle et son cadre de vie, Lyon attire des profils vari\u00e9s, \u00e9tudiants comme actifs, mais \u00e9galement des familles en qu\u00eate d\u2019une m\u00e9tropole \u00e0 taille humaine. \u00c0 cela s\u2019ajoutent les <strong>18 % de r\u00e9sidents n\u00e9s \u00e0 l\u2019\u00e9tranger<\/strong>, un chiffre qui confirme le cosmopolitisme croissant de la ville.<\/p>\n<p>&#13;<br \/>\n<strong>Des \u00e9carts marqu\u00e9s selon les arrondissements<\/strong>&#13;<\/p>\n<p data-start=\"1447\" data-end=\"1982\">La r\u00e9partition des natifs varie fortement selon les quartiers\u00a0:<strong data-start=\"1447\" data-end=\"1596\"> le 4\u1d49 arrondissement arrive en t\u00eate, avec une majorit\u00e9 de Lyonnais \u201cpure souche\u201d.<\/strong> <strong>\u00c0 l\u2019inverse, le 6\u1d49 attire davantage les Franciliens<\/strong>, peut-\u00eatre s\u00e9duits par ses grandes avenues et son ambiance chic. Le 8\u1d49 et le 9\u1d49, eux, jouent les paradoxes\u00a0: ils concentrent plus d\u2019habitants n\u00e9s \u00e0 l\u2019\u00e9tranger que la moyenne (22 % contre 18 %), tout en abritant une part importante de natifs lyonnais. Une mosa\u00efque urbaine qui refl\u00e8te toute la diversit\u00e9 sociale et culturelle de Lyon.<\/p>\n<p>&#13;<\/p>\n<p data-start=\"2018\" data-end=\"2311\">Malgr\u00e9 ces variations, une chose est claire\u00a0: la population lyonnaise continue de cro\u00eetre. <strong>Entre 2016 et 2022, elle a augment\u00e9 de 0,2 % par an, soit environ 850 habitants suppl\u00e9mentaires chaque ann\u00e9e. <\/strong>Une progression mod\u00e9r\u00e9e mais constante, qui confirme l\u2019attractivit\u00e9 durable et imp\u00e9rissable de notre si jolie ville.<\/p>\n","protected":false},"excerpt":{"rendered":"Selon l\u2019INSEE, les quelque 520 000 habitants de Lyon forment un patchwork bien plus vari\u00e9 qu\u2019on ne l\u2019imagine.&hellip;\n","protected":false},"author":2,"featured_media":589721,"comment_status":"","ping_status":"","sticky":false,"template":"","format":"standard","meta":{"footnotes":""},"categories":[1889],"tags":[1111,11,2430,1777,674,1011,27,2428,12,25],"class_list":{"0":"post-589720","1":"post","2":"type-post","3":"status-publish","4":"format-standard","5":"has-post-thumbnail","7":"category-lyon","8":"tag-actu","9":"tag-actualites","10":"tag-auvergne-rhone-alpes","11":"tag-eu","12":"tag-europe","13":"tag-fr","14":"tag-france","15":"tag-lyon","16":"tag-news","17":"tag-republique-francaise"},"share_on_mastodon":{"url":"https:\/\/pubeurope.com\/@fr\/115692924016893189","error":""},"_links":{"self":[{"href":"https:\/\/www.europesays.com\/fr\/wp-json\/wp\/v2\/posts\/589720","targetHints":{"allow":["GET"]}}],"collection":[{"href":"https:\/\/www.europesays.com\/fr\/wp-json\/wp\/v2\/posts"}],"about":[{"href":"https:\/\/www.europesays.com\/fr\/wp-json\/wp\/v2\/types\/post"}],"author":[{"embeddable":true,"href":"https:\/\/www.europesays.com\/fr\/wp-json\/wp\/v2\/users\/2"}],"replies":[{"embeddable":true,"href":"https:\/\/www.europesays.com\/fr\/wp-json\/wp\/v2\/comments?post=589720"}],"version-history":[{"count":0,"href":"https:\/\/www.europesays.com\/fr\/wp-json\/wp\/v2\/posts\/589720\/revisions"}],"wp:featuredmedia":[{"embeddable":true,"href":"https:\/\/www.europesays.com\/fr\/wp-json\/wp\/v2\/media\/589721"}],"wp:attachment":[{"href":"https:\/\/www.europesays.com\/fr\/wp-json\/wp\/v2\/media?parent=589720"}],"wp:term":[{"taxonomy":"category","embeddable":true,"href":"https:\/\/www.europesays.com\/fr\/wp-json\/wp\/v2\/categories?post=589720"},{"taxonomy":"post_tag","embeddable":true,"href":"https:\/\/www.europesays.com\/fr\/wp-json\/wp\/v2\/tags?post=589720"}],"curies":[{"name":"wp","href":"https:\/\/api.w.org\/{rel}","templated":true}]}}