{"id":589738,"date":"2025-12-10T02:42:17","date_gmt":"2025-12-10T02:42:17","guid":{"rendered":"https:\/\/www.europesays.com\/fr\/589738\/"},"modified":"2025-12-10T02:42:17","modified_gmt":"2025-12-10T02:42:17","slug":"contre-limmigration-illegale-le-royaume-uni-et-le-danemark-appellent-a-reformer-la-convention-europeenne-des-droits-de-lhomme","status":"publish","type":"post","link":"https:\/\/www.europesays.com\/fr\/589738\/","title":{"rendered":"Contre l\u2019immigration ill\u00e9gale, le Royaume-Uni et le Danemark appellent \u00e0 r\u00e9former la Convention europ\u00e9enne des droits de l\u2019homme"},"content":{"rendered":"<p>                      <img loading=\"lazy\" decoding=\"async\" src=\"https:\/\/www.europesays.com\/fr\/wp-content\/uploads\/2025\/12\/91be7bf_upload-1-e6exc2eo7ce4-000-79wl3uy.jpg\" alt=\"Mette Frederiksen et Keir Starmer, \u00e0 Londres, le 24\u00a0octobre 2025.\"   width=\"664\" height=\"443\"\/>    Mette Frederiksen et Keir Starmer, \u00e0 Londres, le 24\u00a0octobre 2025.  HENRY NICHOLLS\/AFP                          <\/p>\n<p class=\"article__paragraph  \">Cela se pr\u00e9sente comme un \u00ab\u00a0message fort\u00a0\u00bb adress\u00e9 aux \u00ab\u00a0amis europ\u00e9ens\u00a0\u00bb pour lutter contre l\u2019immigration ill\u00e9gale. Le premier ministre britannique, Keir Starmer, et son homologue danoise, Mette Frederiksen, appellent les Europ\u00e9ens \u00e0 r\u00e9former <a href=\"https:\/\/www.lemonde.fr\/archives\/article\/1969\/05\/14\/la-convention-europeenne-des-droits-de-l-homme_2425720_1819218.html\" target=\"_blank\" rel=\"noopener nofollow\" title=\"Nouvelle fen\u00eatre\">la Convention europ\u00e9enne des droits de l\u2019homme<\/a>, dans une <a href=\"https:\/\/www.theguardian.com\/commentisfree\/2025\/dec\/09\/protect-borders-defend-democracies-echr-keir-starmer-mette-frederiksen\" target=\"_blank\" rel=\"noopener nofollow\" title=\"Nouvelle fen\u00eatre\">tribune conjointe publi\u00e9e dans le quotidien The Guardian<\/a>, mardi 9\u00a0d\u00e9cembre.<\/p>\n<p class=\"article__paragraph  \">Cette convention est un trait\u00e9 sign\u00e9 par les 46 Etats membres du Conseil de l\u2019Europe, qui garantit le respect des libert\u00e9s fondamentales. Sa bonne application est contr\u00f4l\u00e9e par la Cour europ\u00e9enne des droits de l\u2019homme (CEDH).<\/p>\n<p class=\"article__paragraph  \">Cette tribune venant des dirigeants de deux pays ayant consid\u00e9rablement durci leur politique migratoire est publi\u00e9e \u00e0 la veille d\u2019une r\u00e9union informelle des ministres de la justice des pays signataires de la Convention europ\u00e9enne des droits de l\u2019homme, \u00e0 Strasbourg sur l\u2019immigration et le r\u00f4le de la Convention. Elle intervient \u00e9galement apr\u00e8s que Donald Trump a d\u00e9plor\u00e9 que l\u2019Europe \u00ab\u00a0se d\u00e9labre\u00a0\u00bb en ne luttant pas suffisamment contre l\u2019immigration.<\/p>\n<p>                                       Lire aussi |  <a href=\"https:\/\/www.lemonde.fr\/international\/article\/2025\/12\/09\/je-pense-qu-ils-sont-faibles-la-charge-de-donald-trump-contre-l-europe-et-ses-dirigeants_6656632_3210.html\" class=\"js-article-read-also catcher--favoris__link\" data-premium=\"\" id=\"article-title-3450326\" rel=\"nofollow noopener\" target=\"_blank\">\u00ab\u00a0Je pense qu\u2019ils sont faibles\u00a0\u00bb\u00a0: la nouvelle attaque verbale de Donald Trump contre les dirigeants europ\u00e9ens<\/a>    <\/p>\n<p>   Lire plus tard  <\/p>\n<p>                          La Cour europ\u00e9enne des droits de l\u2019homme tr\u00e8s critiqu\u00e9e au Royaume-Uni                    <\/p>\n<p class=\"article__paragraph  \">Keir Starmer et Mette Frederiksen (social-d\u00e9mocrate) d\u00e9fendent ainsi une \u00ab\u00a0modernisation de l\u2019interpr\u00e9tation\u00a0\u00bb de la Convention dans les diff\u00e9rents droits nationaux, ajoutant qu\u2019elle doit \u00ab\u00a0\u00e9voluer afin de refl\u00e9ter les d\u00e9fis du XXIe\u00a0si\u00e8cle\u00a0\u00bb. Selon les deux dirigeants, c\u2019est le \u00ab\u00a0meilleur moyen de lutter contre les forces de la haine et de la division\u00a0\u00bb en Europe.<\/p>\n<p>                                       Lire aussi |  Article r\u00e9serv\u00e9 \u00e0 nos abonn\u00e9s  <a href=\"https:\/\/www.lemonde.fr\/international\/article\/2025\/10\/02\/au-danemark-mette-frederiksen-durcit-encore-son-discours-sur-l-immigration_6644117_3210.html\" class=\"js-article-read-also catcher--favoris__link\" data-premium=\"1\" id=\"article-title-3440176\" rel=\"nofollow noopener\" target=\"_blank\">Au Danemark, Mette Frederiksen durcit encore son discours sur l\u2019immigration<\/a>    <\/p>\n<p>   Lire plus tard  <\/p>\n<p class=\"article__paragraph  \">Au Royaume-Uni, la CEDH est tr\u00e8s critiqu\u00e9e, accus\u00e9e d\u2019emp\u00eacher le gouvernement de lutter contre l\u2019immigration ill\u00e9gale, notamment l\u2019arriv\u00e9e de migrants par la Manche sur de petits bateaux.<\/p>\n<p class=\"article__paragraph  \">Les conservateurs et le parti anti-immigration Reform UK d\u00e9fendent une sortie pure et simple de la Convention, tandis que le gouvernement travailliste de Keir Starmer a annonc\u00e9 en novembre qu\u2019il comptait r\u00e9duire son champ d\u2019application en mati\u00e8re de droit d\u2019asile, et qu\u2019il voulait n\u00e9gocier une r\u00e9forme avec les autres pays signataires.<\/p>\n<p>                                       Lire aussi |  Article r\u00e9serv\u00e9 \u00e0 nos abonn\u00e9s  <a href=\"https:\/\/www.lemonde.fr\/international\/article\/2025\/11\/17\/le-gouvernement-britannique-durcit-drastiquement-son-regime-d-asile_6653708_3210.html\" class=\"js-article-read-also catcher--favoris__link\" data-premium=\"1\" id=\"article-title-3446790\" rel=\"nofollow noopener\" target=\"_blank\">Le gouvernement britannique durcit drastiquement son r\u00e9gime d\u2019asile<\/a>    <\/p>\n<p>   Lire plus tard  <\/p>\n<p>                          Un syst\u00e8me cr\u00e9e \u00ab\u00a0pour une autre \u00e9poque\u00a0\u00bb                    <\/p>\n<p class=\"article__paragraph  \">\u00ab\u00a0Le syst\u00e8me actuel d\u2019asile a \u00e9t\u00e9 cr\u00e9\u00e9 pour une autre \u00e9poque\u00a0\u00bb, font valoir Keir Starmer et Mette Frederiksen dans leur tribune, consid\u00e9rant que \u00ab\u00a0dans un monde de mobilit\u00e9 massive, les r\u00e9ponses d\u2019hier ne fonctionnent pas\u00a0\u00bb.<\/p>\n<p class=\"article__paragraph  \">\u00ab\u00a0Nous prot\u00e9gerons toujours ceux qui fuient la guerre et la terreur, mais le monde a chang\u00e9 et les syst\u00e8mes d\u2019asile doivent \u00e9galement changer\u00a0\u00bb, insistent-ils. \u00ab\u00a0Ensemble, nous appelons nos amis \u00e0 travers l\u2019Europe \u00e0 aller plus loin pour relever ces d\u00e9fis\u00a0\u00bb, ajoutent-ils encore.<\/p>\n<p> Le Monde M\u00e9morable  <\/p>\n<p> <a href=\"https:\/\/www.lemonde.fr\/memorable\/?rfextension=inread\" class=\"inread__link js-services-inread-link\" target=\"_blank\" rel=\"nofollow noopener\">  <\/p>\n<p>Testez votre culture g\u00e9n\u00e9rale avec la r\u00e9daction du \u00ab Monde \u00bb<\/p>\n<p>Testez votre culture g\u00e9n\u00e9rale avec la r\u00e9daction du \u00ab Monde \u00bb<\/p>\n<p>D\u00e9couvrir<\/p>\n<p> <\/a>      <\/p>\n<p> Newsletter  <\/p>\n<p> <a href=\"https:\/\/www.lemonde.fr\/newsletters\/a-la-une\/\" class=\"inread__link js-services-inread-link\" target=\"_blank\" rel=\"nofollow noopener\">  <\/p>\n<p>\u00ab A la une \u00bb<\/p>\n<p>Chaque matin, parcourez l&rsquo;essentiel de l&rsquo;actualit\u00e9 du jour avec les derniers titres du \u00ab Monde \u00bb<\/p>\n<p>S&rsquo;inscrire<\/p>\n<p> <\/a>          <\/p>\n<p> Le Monde Application  <\/p>\n<p> <a href=\"https:\/\/lamatinale.onelink.me\/gKMy\/ahw2ubr3\" class=\"inread__link js-services-inread-link\" target=\"_blank\" rel=\"nofollow noopener\">  <\/p>\n<p>La Matinale du Monde<\/p>\n<p>Chaque matin, retrouvez notre s\u00e9lection de 20 articles \u00e0 ne pas manquer <\/p>\n<p>T\u00e9l\u00e9charger l&rsquo;application<\/p>\n<p> <\/a>      <\/p>\n<p> Newsletter abonn\u00e9s  <\/p>\n<p> <a href=\"https:\/\/www.lemonde.fr\/newsletters\/international\/\" class=\"inread__link js-services-inread-link\" target=\"_blank\" rel=\"nofollow noopener\">  <\/p>\n<p>\u00ab International \u00bb<\/p>\n<p>L\u2019essentiel de l\u2019actualit\u00e9 internationale de la semaine<\/p>\n<p>S&rsquo;inscrire<\/p>\n<p> <\/a>             <\/p>\n<p class=\"article__paragraph  \">\u00ab\u00a0Nous sommes d\u00e9termin\u00e9s \u00e0 d\u00e9montrer que nos soci\u00e9t\u00e9s peuvent agir avec compassion tout en respectant l\u2019ordre public et la justice (\u2026) C\u2019est ce que les citoyens attendent de leurs gouvernements\u00a0: qu\u2019ils contr\u00f4lent l\u2019immigration et le s\u00e9jour, et ce, selon leurs conditions\u00a0\u00bb, avancent Keir Starmer et Mette Frederiksen.<\/p>\n<p class=\"article__paragraph  \">\u00ab\u00a0Si les gouvernements responsables ne prennent pas en compte les pr\u00e9occupations de leurs citoyens, les populistes l\u2019emporteront\u00a0\u00bb, avertissent les deux chefs de gouvernement.<\/p>\n<p>                                       Lire aussi |  Article r\u00e9serv\u00e9 \u00e0 nos abonn\u00e9s  <a href=\"https:\/\/www.lemonde.fr\/international\/article\/2025\/05\/24\/immigration-neuf-pays-europeens-veulent-affaiblir-la-cour-europeenne-des-droits-de-l-homme_6608202_3210.html\" class=\"js-article-read-also catcher--favoris__link\" data-premium=\"1\" id=\"article-title-3423888\" rel=\"nofollow noopener\" target=\"_blank\">Immigration\u00a0: neuf pays europ\u00e9ens veulent affaiblir la Cour europ\u00e9enne des droits de l\u2019homme<\/a>    <\/p>\n<p>   Lire plus tard  <\/p>\n<p class=\"author__detail\">  Le Monde avec AFP  <\/p>\n<p>                <a href=\"https:\/\/www.lemonde.fr\/syndication\/\" class=\"reuse__content\" title=\"R\u00e9utiliser ce contenu\" target=\"_blank\" rel=\"nofollow noopener\">R\u00e9utiliser ce contenu<\/a>      <\/p>\n","protected":false},"excerpt":{"rendered":"Mette Frederiksen et Keir Starmer, \u00e0 Londres, le 24\u00a0octobre 2025. HENRY NICHOLLS\/AFP Cela se pr\u00e9sente comme un \u00ab\u00a0message&hellip;\n","protected":false},"author":2,"featured_media":589739,"comment_status":"","ping_status":"","sticky":false,"template":"","format":"standard","meta":{"footnotes":""},"categories":[1588],"tags":[11,1777,674,12,473,1853,1851,1850,1852],"class_list":{"0":"post-589738","1":"post","2":"type-post","3":"status-publish","4":"format-standard","5":"has-post-thumbnail","7":"category-royaume-uni","8":"tag-actualites","9":"tag-eu","10":"tag-europe","11":"tag-news","12":"tag-royaume-uni","13":"tag-royaume-uni-de-grande-bretagne-et-dirlande-du-nord","14":"tag-uk","15":"tag-united-kingdom","16":"tag-united-kingdom-of-great-britain-and-northern-ireland"},"share_on_mastodon":{"url":"https:\/\/pubeurope.com\/@fr\/115692972109322251","error":""},"_links":{"self":[{"href":"https:\/\/www.europesays.com\/fr\/wp-json\/wp\/v2\/posts\/589738","targetHints":{"allow":["GET"]}}],"collection":[{"href":"https:\/\/www.europesays.com\/fr\/wp-json\/wp\/v2\/posts"}],"about":[{"href":"https:\/\/www.europesays.com\/fr\/wp-json\/wp\/v2\/types\/post"}],"author":[{"embeddable":true,"href":"https:\/\/www.europesays.com\/fr\/wp-json\/wp\/v2\/users\/2"}],"replies":[{"embeddable":true,"href":"https:\/\/www.europesays.com\/fr\/wp-json\/wp\/v2\/comments?post=589738"}],"version-history":[{"count":0,"href":"https:\/\/www.europesays.com\/fr\/wp-json\/wp\/v2\/posts\/589738\/revisions"}],"wp:featuredmedia":[{"embeddable":true,"href":"https:\/\/www.europesays.com\/fr\/wp-json\/wp\/v2\/media\/589739"}],"wp:attachment":[{"href":"https:\/\/www.europesays.com\/fr\/wp-json\/wp\/v2\/media?parent=589738"}],"wp:term":[{"taxonomy":"category","embeddable":true,"href":"https:\/\/www.europesays.com\/fr\/wp-json\/wp\/v2\/categories?post=589738"},{"taxonomy":"post_tag","embeddable":true,"href":"https:\/\/www.europesays.com\/fr\/wp-json\/wp\/v2\/tags?post=589738"}],"curies":[{"name":"wp","href":"https:\/\/api.w.org\/{rel}","templated":true}]}}