{"id":589760,"date":"2025-12-10T02:58:11","date_gmt":"2025-12-10T02:58:11","guid":{"rendered":"https:\/\/www.europesays.com\/fr\/589760\/"},"modified":"2025-12-10T02:58:11","modified_gmt":"2025-12-10T02:58:11","slug":"en-plein-proces-lex-animateur-de-dals","status":"publish","type":"post","link":"https:\/\/www.europesays.com\/fr\/589760\/","title":{"rendered":"en plein proc\u00e8s, l\u2019ex-animateur de DALS &#8230;"},"content":{"rendered":"<p>EN BREF<\/p>\n<ul class=\"bloc_resume_post_list\">\n<li>Vincent Cerutti, animateur r\u00e9v\u00e9l\u00e9 en 2011, est mis en<br \/>\nexamen en 2023 pour agression sexuelle suite \u00e0 des incidents<br \/>\nsurvenus entre 2015 et 2016.<\/li>\n<li>Lors de son proc\u00e8s en d\u00e9cembre 2025, Cerutti reconna\u00eet<br \/>\nles morsures mais conteste leur caract\u00e8re sexuel, \u00e9voquant un jeu<br \/>\nentre coll\u00e8gues.<\/li>\n<li>L\u00a0\u00bbaffaire soul\u00e8ve des questions sur les comportements en<br \/>\nmilieu professionnel et les cons\u00e9quences m\u00e9diatiques pour les<br \/>\npersonnalit\u00e9s publiques.<\/li>\n<\/ul>\n<p>R\u00e9v\u00e9l\u00e9 au grand public en 2011. Vincent Cerutti avait \u00e9t\u00e9<br \/>\nrecrut\u00e9 par TF1 <a href=\"https:\/\/www.telestar.fr\/tele-realite\/dals\/2015\/danse-avec-les-stars6-vincent-cerutti-explique-son-depart-video-140761\" target=\"_blank\" rel=\"noopener\"><br \/>\npour pr\u00e9senter l&rsquo;\u00e9mission Danse avec les stars<\/a>. Par la suite,<br \/>\nl&rsquo;animateur a pr\u00e9sent\u00e9 plusieurs programmes sur les diff\u00e9rentes<br \/>\ncha\u00eenes du groupe. Avant de finalement claquer la porte. Depuis,<br \/>\nc&rsquo;est principalement \u00e0 la radio que le pr\u00e9sentateur a offici\u00e9 ces<br \/>\nderni\u00e8res ann\u00e9es. Ancien animateur de la matinale de M radio. Il<br \/>\navait aussi pr\u00e9c\u00e9demment \u00e9t\u00e9 <strong>aux commandes de la matinale<br \/>\nde Ch\u00e9rie FM<\/strong>.<\/p>\n<p>Cependant, <a href=\"https:\/\/www.telestar.fr\/people\/vincent-cerutti-un-coup-de-dent-dans-le-derriere-l-ex-animateur-de-danse-avec-les-stars-mis-en-examen-842772\" target=\"_blank\" rel=\"noopener\"><br \/>\nVincent Cerutti fut mis en examen en 2023<\/a> pour agression<br \/>\nsexuelle. Pour des faits qui seraient survenus entre 2015 et 2016.<br \/>\nEn fait, Caroline Barel, qui travaillait au standard de la station<br \/>\ndu groupe NRJ \u00e0 l&rsquo;\u00e9poque, <strong>accuse l&rsquo;animateur de lui avoir<br \/>\nmordu les fesses \u00e0 deux reprises<\/strong>. Dans les locaux de la<br \/>\nradio. Il lui aurait maintenu les mains dans le dos alors qu&rsquo;ils se<br \/>\ntrouvaient seuls dans les bureaux en 2015. Avant de la plaquer au<br \/>\nsol et de lui mordre la fesse.<\/p>\n<p>Proc\u00e8s de Vincent Cerruti : son avocat d\u00e9nonce une \u00ab\u00a0tentative<br \/>\nde lynchage m\u00e9diatique\u00a0\u00bb envers l&rsquo;animateur<\/p>\n<p><strong>Un geste qu&rsquo;il aurait r\u00e9it\u00e9r\u00e9 lors d&rsquo;une photo de<br \/>\ngroupe<\/strong> un an plus tard. Bien qu&rsquo;il ait reconnu les<br \/>\nmorsures lors de son proc\u00e8s devant le tribunal correctionnel de<br \/>\nParis le mardi 9 d\u00e9cembre 2025. Vincent Cerutti conteste le<br \/>\ncaract\u00e8re sexuel de son geste. Il assure avoir agi dans le cadre<br \/>\nd&rsquo;un jeu auquel se pr\u00eataient plusieurs membres de la matinale de<br \/>\nCh\u00e9rie FM \u00e0 l&rsquo;\u00e9poque. Son avocat, Antoine Vey, a d&rsquo;ailleurs rappel\u00e9<br \/>\nque la plaignante aurait elle-m\u00eame mordu les fesses de certains<br \/>\ncoll\u00e8gues.<\/p>\n<p>Ce dernier a m\u00eame d\u00e9nonc\u00e9 une \u00ab\u00a0tentative de lynchage<br \/>\nm\u00e9diatique\u00a0\u00bb envers son client. Comme l&rsquo;a rapport\u00e9 le journal<br \/>\nr\u00e9gional <a href=\"https:\/\/www.sudouest.fr\/justice\/l-animateur-vincent-cerutti-juge-pour-avoir-mordu-les-fesses-d-une-ex-collegue-27034334.php\" target=\"_blank\" rel=\"nofollow noopener\" data-gtm-custom-categorie=\"navigation\" data-gtm-custom-action=\"crossclick\" data-gtm-custom-label=\"Contextuel\" data-gtm-event=\"customEventSPE\">Sud Ouest<\/a>. Pour sa part, Caroline<br \/>\nBarel s\u2019\u00e9tait vue prescrire un arr\u00eat de travail apr\u00e8s le deuxi\u00e8me<br \/>\nincident. Avant d&rsquo;entamer un suivi psychologique. <strong>En fait,<br \/>\nla plaignante a d\u00fb faire faire face \u00e0 une d\u00e9pression<\/strong>. Et \u00e0<br \/>\ndes pens\u00e9es suicidaires. La contraignant ainsi \u00e0 prendre des<br \/>\nantid\u00e9presseurs et des anxiolytiques.<\/p>\n<blockquote class=\"twitter-tweet\"><p><a class=\"twitter-link\" rel=\"noindex, nofollow noopener\" href=\"https:\/\/twitter.com\/bendarag\/status\/1998439006166548494\" target=\"_blank\"><\/p><\/blockquote>\n<p>L&rsquo;ancien pr\u00e9sentateur de Danse avec les<br \/>\nstars et la m\u00e8re de ses enfants se sont s\u00e9par\u00e9s depuis un an et<br \/>\ndemi<\/p>\n<p>Pour sa part, Vincent Cerutti a fait une annonce plut\u00f4t<br \/>\n\u00e9tonnante durant l&rsquo;audience. Comme l&rsquo;a rapport\u00e9 le journaliste du<br \/>\nParisien Benoit Daragon. \u00ab\u00a0Sur une question du tribunal,<br \/>\n<a href=\"https:\/\/www.closermag.fr\/people\/vincent-cerutti-divorce-dhapsatou-sy-en-plein-proces-pour-avoir-mordu-les-fesses-dune-collegue-lannonce-choc-3603753\" target=\"_blank\" rel=\"noopener\"><br \/>\nVincent Cerutti indique \u00eatre s\u00e9par\u00e9 avec Hapsatou Sy<\/a> depuis un<br \/>\nan et demi. Mais en tr\u00e8s bons termes. <strong>Dans le but notamment<br \/>\nd\u2019\u00e9lever leurs deux enfants<\/strong>\u00ab\u00a0, a-t-il ainsi \u00e9crit sur<br \/>\nX.\u00a0\u00ab\u00a0J\u2019ai un nom, un petit nom puisque je ne travaille<br \/>\nplus\u00a0\u00bb, aurait \u00e9galement lanc\u00e9 l&rsquo;animateur.<\/p>\n<p>Au cours des investigations men\u00e9es par les enqu\u00eateurs. Plusieurs<br \/>\nsalari\u00e9s de Ch\u00e9rie FM ont r\u00e9v\u00e9l\u00e9 que Vincent Cerutti avait pour<br \/>\nhabitude de mordre les fesses de plusieurs collaborateurs. L&rsquo;une<br \/>\ndes personnes interrog\u00e9es par les autorit\u00e9s a d&rsquo;ailleurs assur\u00e9<br \/>\navoir subi ce m\u00eame geste \u00e0 plusieurs reprises lorsque le<br \/>\npr\u00e9sentateur \u00e9tait aux commandes de la matinale de la station du<br \/>\ngroupe NRJ. Pr\u00e9sum\u00e9 innocent, Vincent Cerruti encourt jusqu\u2019\u00e0<br \/>\n<strong>cinq ans de prison et 75.000 euros d\u2019amende<\/strong> dans<br \/>\ncette affaire.<\/p>\n<p><script async src=\"https:\/\/platform.twitter.com\/widgets.js\" charset=\"utf-8\"><\/script><\/p>\n","protected":false},"excerpt":{"rendered":"EN BREF Vincent Cerutti, animateur r\u00e9v\u00e9l\u00e9 en 2011, est mis en examen en 2023 pour agression sexuelle suite&hellip;\n","protected":false},"author":2,"featured_media":589761,"comment_status":"","ping_status":"","sticky":false,"template":"","format":"standard","meta":{"footnotes":""},"categories":[1359],"tags":[548,58,59,1011,27,973,56048],"class_list":{"0":"post-589760","1":"post","2":"type-post","3":"status-publish","4":"format-standard","5":"has-post-thumbnail","7":"category-people","8":"tag-article-simple","9":"tag-divertissement","10":"tag-entertainment","11":"tag-fr","12":"tag-france","13":"tag-people","14":"tag-vincent-cerutti"},"share_on_mastodon":{"url":"https:\/\/pubeurope.com\/@fr\/115693034755696251","error":""},"_links":{"self":[{"href":"https:\/\/www.europesays.com\/fr\/wp-json\/wp\/v2\/posts\/589760","targetHints":{"allow":["GET"]}}],"collection":[{"href":"https:\/\/www.europesays.com\/fr\/wp-json\/wp\/v2\/posts"}],"about":[{"href":"https:\/\/www.europesays.com\/fr\/wp-json\/wp\/v2\/types\/post"}],"author":[{"embeddable":true,"href":"https:\/\/www.europesays.com\/fr\/wp-json\/wp\/v2\/users\/2"}],"replies":[{"embeddable":true,"href":"https:\/\/www.europesays.com\/fr\/wp-json\/wp\/v2\/comments?post=589760"}],"version-history":[{"count":0,"href":"https:\/\/www.europesays.com\/fr\/wp-json\/wp\/v2\/posts\/589760\/revisions"}],"wp:featuredmedia":[{"embeddable":true,"href":"https:\/\/www.europesays.com\/fr\/wp-json\/wp\/v2\/media\/589761"}],"wp:attachment":[{"href":"https:\/\/www.europesays.com\/fr\/wp-json\/wp\/v2\/media?parent=589760"}],"wp:term":[{"taxonomy":"category","embeddable":true,"href":"https:\/\/www.europesays.com\/fr\/wp-json\/wp\/v2\/categories?post=589760"},{"taxonomy":"post_tag","embeddable":true,"href":"https:\/\/www.europesays.com\/fr\/wp-json\/wp\/v2\/tags?post=589760"}],"curies":[{"name":"wp","href":"https:\/\/api.w.org\/{rel}","templated":true}]}}