{"id":589762,"date":"2025-12-10T02:59:19","date_gmt":"2025-12-10T02:59:19","guid":{"rendered":"https:\/\/www.europesays.com\/fr\/589762\/"},"modified":"2025-12-10T02:59:19","modified_gmt":"2025-12-10T02:59:19","slug":"a-milan-lappartement-art-nouveau-dun-jeune-couple-franco-suisse","status":"publish","type":"post","link":"https:\/\/www.europesays.com\/fr\/589762\/","title":{"rendered":"\u00c0 Milan, l\u2019appartement Art nouveau d\u2019un jeune couple franco-suisse"},"content":{"rendered":"<p><strong>\u00c0 Milan, un appartement Art nouveau o\u00f9 l\u2019\u00e9l\u00e9gance discr\u00e8te de la tradition milanaise se m\u00eale \u00e0 la l\u00e9g\u00e8ret\u00e9 raffin\u00e9e de la capitale fran\u00e7aise.<\/strong><\/p>\n<p>Il y a quelque chose de profond\u00e9ment intime dans le fait de franchir le seuil de cet <a href=\"https:\/\/www.admagazine.fr\/article\/milan-petit-espace-nordique-sixties\" target=\"_blank\" rel=\"noopener\">appartement milanais<\/a> : l\u2019impression imm\u00e9diate d\u2019entrer dans un lieu qui raconte, d\u00e8s le premier regard, l\u2019histoire de ceux qui y vivent. Nous sommes dans l\u2019un des quartiers les plus verts et les plus calmes de Milan, au sein d\u2019un \u00e9l\u00e9gant immeuble <a href=\"https:\/\/www.admagazine.fr\/galerie\/batiments-art-nouveau\" target=\"_blank\" rel=\"noopener\">Art nouveau<\/a> du d\u00e9but du XX\u1d49 si\u00e8cle. C\u2019est l\u00e0 qu\u2019un jeune couple franco-suisse a choisi de donner forme \u00e0 son quotidien. Avec l\u2019aide de l\u2019architecte d\u2019int\u00e9rieur Giorgia Longoni, le projet n\u2019a pas seulement \u00e9t\u00e9 un travail : il est devenu un dialogue, une complicit\u00e9, presque une mani\u00e8re de se d\u00e9couvrir \u00e0 travers l\u2019espace. Et, au fond, quel lieu raconte mieux qui nous sommes que notre propre int\u00e9rieur ? \u00ab Chaque choix devait susciter une \u00e9motion, et pas seulement r\u00e9pondre \u00e0 une fonction \u00bb, explique l\u2019architecte.<\/p>\n<p>L\u2019attention port\u00e9e aux d\u00e9tails donne du caract\u00e8re \u00e0 chaque pi\u00e8ce et fa\u00e7onne une atmosph\u00e8re unique. La lumi\u00e8re, qui traverse l\u2019appartement par deux ouvertures, joue un r\u00f4le essentiel. Elle passe par la grande baie vitr\u00e9e de la cuisine, glisse sur les <a href=\"https:\/\/www.admagazine.fr\/article\/pourquoi-peinture-plafond-2025\" target=\"_blank\" rel=\"noopener\">plafonds<\/a> restaur\u00e9s et met en valeur les diff\u00e9rentes mati\u00e8res. Dans ce d\u00e9licat dialogue entre pass\u00e9 et pr\u00e9sent, entre technique et sensibilit\u00e9, l\u2019appartement s\u2019est mis \u00e0 parler d\u2019une voix nouvelle \u2013 une voix qui ressemble intimement \u00e0 ceux qui l\u2019habitent aujourd\u2019hui.<\/p>\n<p><img decoding=\"async\" alt=\"appartement Art nouveau Milan  salle manger  canap  jeune couple franco suisse\" loading=\"lazy\" class=\"ResponsiveImageContainer-eNxvmU cfBbTk responsive-image__image\"   src=\"https:\/\/www.europesays.com\/fr\/wp-content\/uploads\/2025\/12\/Giorgia%20Studio%20-%20Via%20Guercino0483.jpg\"\/><\/p>\n<p>Dans le salon, le canap\u00e9 dessin\u00e9 par l\u2019agence de Giorgia Longoni en collaboration avec l\u2019architecte Maria Flavia Augenti est recouvert de tissus Nobilis et Totum Project.<\/p>\n<p>\u00a9 Matteo LarghiUn nouveau rythme domestique<\/p>\n<p>Le nouveau plan accompagne les gestes quotidiens avec un naturel presque intuitif. Le double salon dialogue avec la <a href=\"https:\/\/www.admagazine.fr\/article\/tendances-cuisine-2026-nouveaux-materiaux-couleurs-finitions\" target=\"_blank\" rel=\"noopener\">cuisine<\/a> partiellement ouverte, reli\u00e9e par une grande baie vitr\u00e9e qui d\u00e9finit les espaces sans jamais les isoler. \u00ab Pour moi, la transparence est un moyen de faire dialoguer les pi\u00e8ces \u00bb, explique l\u2019architecte. \u00ab Elle cr\u00e9e des seuils souples qui n\u2019interrompent jamais la vie domestique. \u00bb On le ressent \u00e0 chaque passage, dans chaque perspective, dans cette continuit\u00e9 qui redonne \u00e0 l\u2019appartement un rythme fluide et accueillant. Un peu plus loin, un mur incurv\u00e9 m\u00e8ne \u00e0 une petite <a href=\"https:\/\/www.admagazine.fr\/article\/belles-salles-bains-decorateurs-copier\" target=\"_blank\" rel=\"noopener\">salle de bains<\/a> d\u2019invit\u00e9s pens\u00e9e comme une parenth\u00e8se inattendue : l\u2019\u00e9mail Farrow &amp; Ball rouge brique enveloppe la pi\u00e8ce d\u2019une chaleur douce, tandis que le lavabo en quartzite Patagonia se r\u00e9v\u00e8le diff\u00e9remment selon la lumi\u00e8re du jour. Un espace con\u00e7u pour surprendre avec mesure, comme un d\u00e9tail pr\u00e9cieux gliss\u00e9 au c\u0153ur de l\u2019appartement.<\/p>\n","protected":false},"excerpt":{"rendered":"\u00c0 Milan, un appartement Art nouveau o\u00f9 l\u2019\u00e9l\u00e9gance discr\u00e8te de la tradition milanaise se m\u00eale \u00e0 la l\u00e9g\u00e8ret\u00e9&hellip;\n","protected":false},"author":2,"featured_media":589763,"comment_status":"","ping_status":"","sticky":false,"template":"","format":"standard","meta":{"footnotes":""},"categories":[1358],"tags":[35976,1348,1384,1385,1386,58,59,1011,27,452,8628],"class_list":{"0":"post-589762","1":"post","2":"type-post","3":"status-publish","4":"format-standard","5":"has-post-thumbnail","7":"category-arts-et-design","8":"tag-art-nouveau","9":"tag-arts","10":"tag-arts-and-design","11":"tag-arts-et-design","12":"tag-design","13":"tag-divertissement","14":"tag-entertainment","15":"tag-fr","16":"tag-france","17":"tag-italie","18":"tag-milan"},"share_on_mastodon":{"url":"https:\/\/pubeurope.com\/@fr\/115693038889261399","error":""},"_links":{"self":[{"href":"https:\/\/www.europesays.com\/fr\/wp-json\/wp\/v2\/posts\/589762","targetHints":{"allow":["GET"]}}],"collection":[{"href":"https:\/\/www.europesays.com\/fr\/wp-json\/wp\/v2\/posts"}],"about":[{"href":"https:\/\/www.europesays.com\/fr\/wp-json\/wp\/v2\/types\/post"}],"author":[{"embeddable":true,"href":"https:\/\/www.europesays.com\/fr\/wp-json\/wp\/v2\/users\/2"}],"replies":[{"embeddable":true,"href":"https:\/\/www.europesays.com\/fr\/wp-json\/wp\/v2\/comments?post=589762"}],"version-history":[{"count":0,"href":"https:\/\/www.europesays.com\/fr\/wp-json\/wp\/v2\/posts\/589762\/revisions"}],"wp:featuredmedia":[{"embeddable":true,"href":"https:\/\/www.europesays.com\/fr\/wp-json\/wp\/v2\/media\/589763"}],"wp:attachment":[{"href":"https:\/\/www.europesays.com\/fr\/wp-json\/wp\/v2\/media?parent=589762"}],"wp:term":[{"taxonomy":"category","embeddable":true,"href":"https:\/\/www.europesays.com\/fr\/wp-json\/wp\/v2\/categories?post=589762"},{"taxonomy":"post_tag","embeddable":true,"href":"https:\/\/www.europesays.com\/fr\/wp-json\/wp\/v2\/tags?post=589762"}],"curies":[{"name":"wp","href":"https:\/\/api.w.org\/{rel}","templated":true}]}}