{"id":589786,"date":"2025-12-10T03:13:15","date_gmt":"2025-12-10T03:13:15","guid":{"rendered":"https:\/\/www.europesays.com\/fr\/589786\/"},"modified":"2025-12-10T03:13:15","modified_gmt":"2025-12-10T03:13:15","slug":"la-talaudiere-le-premier-marche-de-noel-de-la-commune-sest-mue-en-reussite","status":"publish","type":"post","link":"https:\/\/www.europesays.com\/fr\/589786\/","title":{"rendered":"La Talaudi\u00e8re. Le premier march\u00e9 de No\u00ebl de la commune s\u2019est mu\u00e9 en r\u00e9ussite"},"content":{"rendered":"<p>Pour une premi\u00e8re ce fut un succ\u00e8s. En effet, pour la premi\u00e8re fois, un march\u00e9 de No\u00ebl \u00e9tait propos\u00e9 \u00e0 La Talaudi\u00e8re, samedi et dimanche, dans les all\u00e9es du parc municipal. Organis\u00e9e par le comit\u00e9 des f\u00eates, avec l\u2019aide des commer\u00e7ants et artisans, cette animation a tenu toutes ces promesses puisque les Talaudi\u00e9roises et Talaudi\u00e9rois de tous \u00e2ges ont r\u00e9pondu pr\u00e9sents. Pr\u00e8s de 32 artisans et commer\u00e7ants se sont install\u00e9s sous les chapiteaux et dans les chalets. Le point d\u2019orgue fut le d\u00e9fil\u00e9 de mode pr\u00e9par\u00e9 par les magasins de pr\u00eat-\u00e0-porter de la commune samedi soir.<\/p>\n","protected":false},"excerpt":{"rendered":"Pour une premi\u00e8re ce fut un succ\u00e8s. En effet, pour la premi\u00e8re fois, un march\u00e9 de No\u00ebl \u00e9tait&hellip;\n","protected":false},"author":2,"featured_media":589787,"comment_status":"","ping_status":"","sticky":false,"template":"","format":"standard","meta":{"footnotes":""},"categories":[9653],"tags":[1111,11,2430,1687,7539,1777,674,3326,1011,27,12053,12,25,4001,9664],"class_list":{"0":"post-589786","1":"post","2":"type-post","3":"status-publish","4":"format-standard","5":"has-post-thumbnail","7":"category-saint-etienne","8":"tag-actu","9":"tag-actualites","10":"tag-auvergne-rhone-alpes","11":"tag-culture-loisirs","12":"tag-edition-loire-sud","13":"tag-eu","14":"tag-europe","15":"tag-fete-locale","16":"tag-fr","17":"tag-france","18":"tag-la-talaudiere","19":"tag-news","20":"tag-republique-francaise","21":"tag-saint-etienne","22":"tag-saint-etienne-bassin"},"share_on_mastodon":{"url":"https:\/\/pubeurope.com\/@fr\/115693093464617563","error":""},"_links":{"self":[{"href":"https:\/\/www.europesays.com\/fr\/wp-json\/wp\/v2\/posts\/589786","targetHints":{"allow":["GET"]}}],"collection":[{"href":"https:\/\/www.europesays.com\/fr\/wp-json\/wp\/v2\/posts"}],"about":[{"href":"https:\/\/www.europesays.com\/fr\/wp-json\/wp\/v2\/types\/post"}],"author":[{"embeddable":true,"href":"https:\/\/www.europesays.com\/fr\/wp-json\/wp\/v2\/users\/2"}],"replies":[{"embeddable":true,"href":"https:\/\/www.europesays.com\/fr\/wp-json\/wp\/v2\/comments?post=589786"}],"version-history":[{"count":0,"href":"https:\/\/www.europesays.com\/fr\/wp-json\/wp\/v2\/posts\/589786\/revisions"}],"wp:featuredmedia":[{"embeddable":true,"href":"https:\/\/www.europesays.com\/fr\/wp-json\/wp\/v2\/media\/589787"}],"wp:attachment":[{"href":"https:\/\/www.europesays.com\/fr\/wp-json\/wp\/v2\/media?parent=589786"}],"wp:term":[{"taxonomy":"category","embeddable":true,"href":"https:\/\/www.europesays.com\/fr\/wp-json\/wp\/v2\/categories?post=589786"},{"taxonomy":"post_tag","embeddable":true,"href":"https:\/\/www.europesays.com\/fr\/wp-json\/wp\/v2\/tags?post=589786"}],"curies":[{"name":"wp","href":"https:\/\/api.w.org\/{rel}","templated":true}]}}