{"id":58979,"date":"2025-04-28T10:15:09","date_gmt":"2025-04-28T10:15:09","guid":{"rendered":"https:\/\/www.europesays.com\/fr\/58979\/"},"modified":"2025-04-28T10:15:09","modified_gmt":"2025-04-28T10:15:09","slug":"qui-est-kai-ji-adam-lo-le-suspect-dans-lattaque-a-la-voiture-belier-ayant-fait-11-morts-a-vancouver","status":"publish","type":"post","link":"https:\/\/www.europesays.com\/fr\/58979\/","title":{"rendered":"qui est Kai-Ji Adam Lo, le suspect dans l\u2019attaque \u00e0 la voiture-b\u00e9lier ayant fait 11 morts \u00e0 Vancouver ?"},"content":{"rendered":"<p>                             Par Sol\u00e8ne Vary avec AFP<\/p>\n<p>\n            Publi\u00e9<br \/>\n                le 28 avril 2025 \u00e0 10h27,<br \/>\n                 mis \u00e0 jour le 28 avril 2025 \u00e0 10h40<\/p>\n<p>\u00a0\u00bb<br \/>\n        data-script=\u00a0\u00bbhttps:\/\/static.lefigaro.fr\/widget-video\/short-ttl\/video\/index.js\u00a0\u00bb<br \/>\n    &gt;<\/p>\n<p>Le propre fr\u00e8re de l\u2019assaillant aurait \u00e9t\u00e9 assassin\u00e9 en janvier 2024, conduisant leur m\u00e8re \u00e0 faire une tentative de suicide. La piste terroriste a \u00e9t\u00e9 \u00e9cart\u00e9e.<\/p>\n<p class=\"fig-paragraph\">Kai-Ji Adam Lo a\u00a0<a href=\"http:\/\/www.lefigaro.fr\/flash-actu\/canada-un-automobiliste-fonce-dans-une-foule-a-un-festival-a-vancouver-et-fait-plusieurs-morts-20250427\" data-fig-type=\"NewsFlash\" data-gtm-custom-categorie=\"navigation\" data-gtm-custom-action=\"crossclick\" data-gtm-custom-label=\"Contextuel\" data-gtm-event=\"customEventSPE\" data-fig-domain=\"LEFIGARO\" target=\"_blank\" rel=\"noopener\">tu\u00e9 11 personnes<\/a>\u00a0et fait des dizaines de bless\u00e9s. Il vient d\u2019\u00eatre\u00a0<a href=\"http:\/\/www.lefigaro.fr\/international\/attaque-a-la-voiture-belier-au-canada-le-suspect-inculpe-de-huit-meurtres-20250428\" data-fig-type=\"NewsFlash\" data-gtm-custom-categorie=\"navigation\" data-gtm-custom-action=\"crossclick\" data-gtm-custom-label=\"Contextuel\" data-gtm-event=\"customEventSPE\" data-fig-domain=\"LEFIGARO\" target=\"_blank\" rel=\"noopener\">inculp\u00e9 par le parquet de Colombie-Britannique<\/a>\u00a0de \u00abhuits chefs de meurtre\u00bb, a d\u00e9clar\u00e9 la police dans un communiqu\u00e9, annon\u00e7ant que d\u2019autres inculpations suivraient. Ce conducteur d\u2019un SUV Audi noir ayant fonc\u00e9 sur la foule dans le quartier Sunset on Fraser de Vancouver, o\u00f9 se rassemblait la communaut\u00e9 philippine pour un festival samedi soir, serait un habitant de la ville, \u00e2g\u00e9 de 30 ans.<\/p>\n<p class=\"fig-paragraph\">Selon Steve Rai, un haut responsable de la police de Vancouver, il d\u00e9tient \u00abun lourd pass\u00e9 d\u2019interactions, avec la police et les soignants, li\u00e9es \u00e0 la sant\u00e9 mentale\u00bb. Ne pouvait s\u2019exprimer \u00e0 ce stade sur un possible mobile, le policier a affirm\u00e9 que \u00ables \u00e9l\u00e9ments de ce dossier ne nous m\u00e8nent pas \u00e0 penser qu\u2019il s\u2019agit d\u2019un acte terroriste\u00bb.<\/p>\n<p>Un membre de sa famille aurait contact\u00e9 un service psychiatrique<\/p>\n<p class=\"fig-paragraph\">Des sources ont indiqu\u00e9 \u00e0 l\u2019agence de presse canadienne Postmedia qu\u2019un membre de la famille de Kai-Ji Adam Lo aurait contact\u00e9 le service psychiatrique d\u2019un h\u00f4pital, quelques heures avant l\u2019attaque mortelle, pour l\u2019informer de la d\u00e9t\u00e9rioration de la sant\u00e9 mentale du suspect. Selon le\u00a0<a href=\"https:\/\/vancouversun.com\/news\/driver-charged-8-counts-murder-vancouver-lapu-lapu-tragedy\" target=\"_blank\" rel=\"nofollow noopener\" data-gtm-custom-categorie=\"navigation\" data-gtm-custom-action=\"crossclick\" data-gtm-custom-label=\"Contextuel\" data-gtm-event=\"customEventSPE\">Vancouver Sun<\/a>, l\u2019homme souffrirait de d\u00e9lires et de paranao\u00efa.<\/p>\n<p class=\"fig-paragraph\">Le m\u00eame journal raconte que le propre fr\u00e8re de Kai-Ji Adam, pr\u00e9nomm\u00e9 Alexander, a \u00e9t\u00e9 assassin\u00e9 l\u2019ann\u00e9e derni\u00e8re. Sur une page en ligne, consacr\u00e9e \u00e0 une collecte de fonds lanc\u00e9e apr\u00e8s son d\u00e9c\u00e8s, Kai-Ji Adam t\u00e9moignait de \u00absa peine\u00bb et d\u2019une \u00abdure r\u00e9alit\u00e9 qui frappe avec une force bouleversante\u00bb. \u00abMon fr\u00e8re nous a \u00e9t\u00e9 enlev\u00e9 dans un acte de violence insens\u00e9, c\u2019est quelque chose que nous n\u2019avions jamais vu venir\u00bb, \u00e9crivait-il encore.<\/p>\n<p>Tentative de suicide de sa m\u00e8re<\/p>\n<p class=\"fig-paragraph\">Le corps d\u2019Alexander Lo, 31 ans, avait \u00e9t\u00e9 retrouv\u00e9 dans une maison de Vancouver le 28 janvier 2024. Un homme de 39 ans, a \u00e9t\u00e9 arr\u00eat\u00e9 peu de temps apr\u00e8s et accus\u00e9 de meurtre au deuxi\u00e8me degr\u00e9. Quelques mois plus tard, sur internet, Kai-Ji Adam Lo faisait un nouvel appel au don, en raison d\u2019une tentative de suicide de sa m\u00e8re, hospitalis\u00e9e pendant un mois.<\/p>\n<p class=\"fig-paragraph\">Il vivait avec elle dans une maison de l\u2019est de Vancouver, qui a \u00e9t\u00e9 perquisitionn\u00e9e par une dizaine d\u2019agents de police, ce dimanche aux alentours de 19h, heure locale. L\u2019assaillant a comparu devant un tribunal avant d\u2019\u00eatre remis en garde \u00e0 vue dimanche. Kai-Ji Adam Lo n\u2019a pas demand\u00e9 la lib\u00e9ration sous caution et restera en d\u00e9tention jusqu\u2019\u00e0 sa prochaine comparution, pr\u00e9vue le 26 mai devant le tribunal de Vancouver.<\/p>\n","protected":false},"excerpt":{"rendered":"Par Sol\u00e8ne Vary avec AFP Publi\u00e9 le 28 avril 2025 \u00e0 10h27, mis \u00e0 jour le 28 avril&hellip;\n","protected":false},"author":2,"featured_media":58980,"comment_status":"","ping_status":"","sticky":false,"template":"","format":"standard","meta":{"footnotes":""},"categories":[5],"tags":[259,11,260,1011,27,14,777,261,12,262,15552,28],"class_list":{"0":"post-58979","1":"post","2":"type-post","3":"status-publish","4":"format-standard","5":"has-post-thumbnail","7":"category-international","8":"tag-actualite-internationale","9":"tag-actualites","10":"tag-affaires-etrangeres","11":"tag-fr","12":"tag-france","13":"tag-international","14":"tag-meurtre","15":"tag-ministere-des-affaires-etrangeres","16":"tag-news","17":"tag-politique-etrangere","18":"tag-vancouver","19":"tag-world"},"share_on_mastodon":{"url":"https:\/\/pubeurope.com\/@fr\/114415070356013450","error":""},"_links":{"self":[{"href":"https:\/\/www.europesays.com\/fr\/wp-json\/wp\/v2\/posts\/58979","targetHints":{"allow":["GET"]}}],"collection":[{"href":"https:\/\/www.europesays.com\/fr\/wp-json\/wp\/v2\/posts"}],"about":[{"href":"https:\/\/www.europesays.com\/fr\/wp-json\/wp\/v2\/types\/post"}],"author":[{"embeddable":true,"href":"https:\/\/www.europesays.com\/fr\/wp-json\/wp\/v2\/users\/2"}],"replies":[{"embeddable":true,"href":"https:\/\/www.europesays.com\/fr\/wp-json\/wp\/v2\/comments?post=58979"}],"version-history":[{"count":0,"href":"https:\/\/www.europesays.com\/fr\/wp-json\/wp\/v2\/posts\/58979\/revisions"}],"wp:featuredmedia":[{"embeddable":true,"href":"https:\/\/www.europesays.com\/fr\/wp-json\/wp\/v2\/media\/58980"}],"wp:attachment":[{"href":"https:\/\/www.europesays.com\/fr\/wp-json\/wp\/v2\/media?parent=58979"}],"wp:term":[{"taxonomy":"category","embeddable":true,"href":"https:\/\/www.europesays.com\/fr\/wp-json\/wp\/v2\/categories?post=58979"},{"taxonomy":"post_tag","embeddable":true,"href":"https:\/\/www.europesays.com\/fr\/wp-json\/wp\/v2\/tags?post=58979"}],"curies":[{"name":"wp","href":"https:\/\/api.w.org\/{rel}","templated":true}]}}