{"id":589798,"date":"2025-12-10T03:21:29","date_gmt":"2025-12-10T03:21:29","guid":{"rendered":"https:\/\/www.europesays.com\/fr\/589798\/"},"modified":"2025-12-10T03:21:29","modified_gmt":"2025-12-10T03:21:29","slug":"les-communistes-derriere-le-capitaine-delafosse","status":"publish","type":"post","link":"https:\/\/www.europesays.com\/fr\/589798\/","title":{"rendered":"les communistes derri\u00e8re le capitaine Delafosse"},"content":{"rendered":"<p>                    Par<br \/>\n        <strong><br \/>\n            <a href=\"https:\/\/actu.fr\/auteur\/c-nithard\" title=\"Consulter tous les articles de C\u00e9dric Nithard\" target=\"_blank\" rel=\"noopener\">C\u00e9dric Nithard<\/a><br \/>\n                    <\/strong><\/p>\n<p>        Publi\u00e9 le<\/p>\n<p>            9 d\u00e9c. 2025 \u00e0 6h08        <\/p>\n<p>Apr\u00e8s Place Publique et le Parti Radical de Gauche lundi dernier, le Parti Animaliste et G\u00e9n\u00e9ration \u00c9cologie jeudi, ces derniers partageant samedi l\u2019affiche avec les \u00c9cologistes pour Montpellier, au tour du <strong>Parti Communiste Fran\u00e7ais<\/strong>\u00a0d\u2019exprimer sa satisfaction quant aux politiques men\u00e9es durant le mandat et sa volont\u00e9 de poursuivre si jamais <strong>Micha\u00ebl Delafosse<\/strong> venait \u00e0 se repr\u00e9senter. En attendant la d\u00e9cision du maire en janvier apr\u00e8s avoir consult\u00e9 ses proches, toutes <strong>les composantes de la majorit\u00e9<\/strong>, \u00e0 l\u2019exception du Parti Socialiste, sont d\u00e9sormais entr\u00e9es dans <strong>la campagne municipale<\/strong>.\u00a0<\/p>\n<p>\u00ab\u00a0on a fait ce que l\u2019on a dit\u00a0\u00bb<\/p>\n<p class=\" wall-content\">\u00c0 Montpellier, les communistes sont entr\u00e9s ce lundi 8 d\u00e9cembre dans la campagne. Et pour se faire, ils ont choisi la place Albert 1er portant comme triple symbolique d\u2019\u00eatre le point de d\u00e9part des manifestations, un endroit o\u00f9 les gens se croisent et o\u00f9 passe la ligne 5 de tramway actuellement en test. Un des symboles de cette mandature que vante Herv\u00e9 Martin. \u00ab\u00a0Tout ce qui \u00e9tait dans le programme en 2020 a \u00e9t\u00e9 r\u00e9alis\u00e9. On peut \u00eatre pour ou contre mais on doit au moins nous reconnaitre qu\u2019on a fait ce que l\u2019on a dit dans cette majorit\u00e9. Ce n\u2019est pas toujours le cas\u00a0\u00bb.<\/p>\n<p class=\" wall-content\">Un constat largement positif pour l\u2019\u00e9lu qui balayent les critiques quant \u00e0 la gestion financi\u00e8re de la commune. \u00ab\u00a0On ne g\u00e8re pas une ville comme on g\u00e8re un m\u00e9nage. Ceux qui racontent \u00e7a, racontent n\u2019importe quoi. Il y a des \u00e9quipements absolument fondamentaux comme le tramway, le plan \u00e9cole, les pistes cyclables\u2026 Oui cela co\u00fbte extr\u00eamement cher mais est-ce que c\u2019est pour \u00e7a qu\u2019il ne faut pas les faire ?\u00a0\u00bb tonne-t-il. Et, ne manquant pas de pointer le d\u00e9sengagement de l\u2019\u00c9tat vis \u00e0 vis des collectivit\u00e9s et des services publics au profit selon lui des entreprises et des ultra-riches, ce dernier interroge : \u00ab\u00a0Pourquoi les collectivit\u00e9s locales ne peuvent pas emprunter \u00e0 taux z\u00e9ro aupr\u00e8s de la Banque Centrale ? C\u2019est un vrai probl\u00e8me. 70% de l\u2019investissement dans le pays est port\u00e9 par les collectivit\u00e9s locales et on voudrait que l\u2019on s\u2019arr\u00eate\u00a0\u00bb.<\/p>\n<p>Herv\u00e9 Martin et les appels d&rsquo;offre<\/p>\n<p>Ayant par ailleurs r\u00e9guli\u00e8rement pouss\u00e9 un coup de gueule lors des conseils municipaux sur le sujet des appels d&rsquo;offre, Herv\u00e9 Martin observe : \u00ab\u00a0En interne, l&rsquo;interpellation n&rsquo;a pas \u00e9t\u00e9 vaine car on se rend compte qu&rsquo;il y a un vrai souci. Je ne d\u00e9sesp\u00e8re pas que l&rsquo;on arrive \u00e0 faire travailler s\u00e9rieusement et intelligemment nos juristes sur le sujet car on voit bien que ce qui co\u00fbte cher ce sont les entreprises qui viennent se gaver\u00a0\u00bb. <\/p>\n<p>L&rsquo;occasion pour le communiste de pousser un nouveau coup de gueule : \u00ab\u00a0Je veux bien que la Chambre R\u00e9gionale des Comptes viennent nous faire la le\u00e7on sur les co\u00fbts de la gratuit\u00e9 des transports en commun, qui est un 13e mois pour les Montpelli\u00e9rains, mais je les trouve scandaleusement muets sur le pognon que viennent pomper les entreprises diverses et vari\u00e9es sur les march\u00e9s publics. L\u00e0, on ne les entend plus. Les march\u00e9s publics et les appels d&rsquo;offre tels qu&rsquo;ils fonctionnent, ce sont visiblement des ententes d\u00e9guis\u00e9es que personne ne veut voir et ce sont des dizaines de millions d&rsquo;euros qui partent. J&rsquo;aimerai que la CRC aillent bosser l\u00e0 o\u00f9 c&rsquo;est n\u00e9cessaire\u00a0\u00bb. Un rapport sur la gratuit\u00e9, contrairement \u00e0 celui sur la restauration collective, qui reste en travers de la gorge de la majorit\u00e9&#8230;<\/p>\n<p>Au tour des communistes<\/p>\n<p class=\" wall-content\">De nombreux candidats \u00e9tant d\u00e9j\u00e0, officiellement ou non, en campagne et pointant logiquement leurs piques vers la majorit\u00e9, ces diff\u00e9rentes composantes ont donc d\u00e9cid\u00e9 de sortir du bois et de passer \u00e0 l\u2019offensive ces derniers jours. Au tour des communistes donc. \u00ab\u00a0Nous avons un d\u00e9faut, c\u2019est que nous sommes un parti organis\u00e9 et structur\u00e9. Pour nous, les discussions commencent de parti \u00e0 parti sur des contenus. Nous arrivons avec un contenu que nous allons mettre en d\u00e9bat avec les autres\u00a0\u00bb soutient Herv\u00e9 Martin qui, pour autant, ne fait pas de myst\u00e8re : \u00ab\u00a0Si l\u2019\u00e9quipe a bien fonctionn\u00e9 pendant six ans, c\u2019est que l\u2019\u00e9quipe avait un capitaine qui savait faire fonctionner l\u2019\u00e9quipe. Nous souhaitons continuer \u00e0 travailler dans cette \u00e9quipe, \u00e9largie, avec le m\u00eame capitaine. \u00c0 lui de faire ce qu\u2019il veut quand il voudra\u00a0\u00bb.<\/p>\n<p>Vid\u00e9os : en ce moment sur Actu<\/p>\n<p class=\" wall-content\">Chaque chose en son temps, donc, et le temps est aux propositions. Se positionnant en \u00ab\u00a0d\u00e9fense des travailleurs\u00a0\u00bb et brandissant le social comme fil conducteur, les communistes soumettent trois \u00ab\u00a0points identitaires\u00a0\u00bb que sont la paix, le logement et \u00ab\u00a0le droit aux loisirs\u00a0\u00bb. \u00ab\u00a0C\u2019est parce que nos villes sont \u00e0 la fois les premi\u00e8res touch\u00e9es mais aussi les premi\u00e8res r\u00e9ponses aux changements des rapports de force internationaux, nous voulons que Montpellier soit fi\u00e8re de d\u00e9fendre la paix et le dialogue, condition indispensable au progr\u00e8s social\u00a0\u00bb appuie Herv\u00e9 Martin qui souhaite cr\u00e9er un monument pour la paix, intensifier la p\u00e9dagogie autour de l\u2019histoire et sur un autre plan relancer l\u2019ensemble des jumelages, y compris celui avec Obninsk en Russie, en cr\u00e9er un avec une ville cubaine tout en apportant des aides pour faire face au blocus am\u00e9ricain et amplifier les coop\u00e9rations territoriales avec la ville de Bethl\u00e9em en Palestine. \u00c0 ce sujet, pr\u00f4nant une solution politique \u00e0 deux \u00e9tats, les communistes proposent de faire citoyen d\u2019honneur de la Ville de Montpellier et de pousser \u00e0 la lib\u00e9ration de Marwan Barghouti, figure du Fatah, emprisonn\u00e9 en Isra\u00ebl et pr\u00e9sent\u00e9 par beaucoup comme le Nelson Mandela palestinien et possible dirigeant d\u2019un \u00e9tat palestinien.<\/p>\n<p>Votre r\u00e9gion, votre actu !<\/p>\n<p>Recevez chaque jour les infos qui comptent pour vous.<\/p>\n<p>\t<a href=\"https:\/\/actu.fr\/newsletter\" class=\"ac-btn ac-btn--corner ac-btn--medium ac-btn--blue800\" target=\"_blank\" rel=\"noopener\">S&rsquo;incrire<\/a><br \/>\n\u00ab\u00a0on n\u2019a pas \u00e0 rougir\u00a0\u00bb<\/p>\n<p class=\" wall-content\">Sur le logement, \u00ab\u00a0on n\u2019a pas \u00e0 rougir\u00a0\u00bb souligne Clara Gimenez. La vice-pr\u00e9sidente de la M\u00e9tropole de Montpellier d\u00e9l\u00e9gu\u00e9e \u00e0 la Politique de la Ville et \u00e0 la Coh\u00e9sion sociale entend voir se poursuivre et accentuer les politiques en la mati\u00e8re. Construction de logements sociaux, encadrement des loyers, permis de louer, r\u00e9gulation d\u2019Airbnb, bail r\u00e9el solidaire\u2026 \u00ab\u00a0Les questions de logement sont majeurs. Le logement doit \u00eatre un droit et une r\u00e9alit\u00e9 pour tous. Nous devons passer un nouveau cap\u00a0\u00bb ambitionne la benjamine des conseils qui propose la cr\u00e9ation d\u2019une agence municipale du logement r\u00e9unissant l\u2019ensemble des dispositifs pour orienter correctement locataires et propri\u00e9taires. \u00ab\u00a0Cet outil doit nous permettre de capter plus de parc priv\u00e9 \u00e0 vocation sociale et de rendre lisible toute la politique de la collectivit\u00e9 en mati\u00e8re de logement\u00a0\u00bb explique Clara Gimenez qui fait de l\u2019\u00e9radication du mal-logement une priorit\u00e9 en proposant notamment la r\u00e9quisition de b\u00e2timents vacants pour la cr\u00e9ation de places d\u2019h\u00e9bergement d\u2019urgence financ\u00e9es par l\u2019\u00c9tat, de multiplier les op\u00e9rations d\u2019habitat intercalaire ou encore de poursuivre la r\u00e9sorption des bidonvilles avec la m\u00eame strat\u00e9gie que celle initi\u00e9e durant le mandat.<\/p>\n<p class=\" wall-content\">Troisi\u00e8me point sur lequel insiste ce jour les communistes avec \u00ab\u00a0le droit aux loisirs\u00a0\u00bb, comme l\u2019avait fait Fabien Roussel durant la campagne pr\u00e9sidentielle rappelle Herv\u00e9 Martin qui explique : \u00ab\u00a0Tout travail m\u00e9rite salaire et tout travail m\u00e9rite aussi un loisir. Et un loisir \u00e9mancipateur\u00a0\u00bb. Loin d\u2019\u00eatre un d\u00e9tail dans un programme municipal, les Communistes y voient\u00a0 une mani\u00e8re d&rsquo;\u00a0\u00bbhonorer un longue histoire des luttes sociales qui ont fa\u00e7onn\u00e9 notre soci\u00e9t\u00e9\u00a0\u00bb. C\u2019est dans ce sens qu\u2019ils propose que la Ville de Montpellier ach\u00e8te un bien \u00e0 la montagne, la mer ou la campagne pour cr\u00e9er un centre de vacances et ainsi \u00ab\u00a0accueillir tous les enfants de Montpellier qui ne peuvent pas partir avec leur famille et leur proposer une semaine avant leur entr\u00e9e en 6e\u00a0\u00bb. En imaginant \u00e9galement des colonies organis\u00e9es par les Maisons Pour Tous et d\u2019embaucher des moniteurs pour lesquels la collectivit\u00e9 aurait financ\u00e9 le passage du BAFA. Un centre de vacances qui selon les p\u00e9riodes seraient par ailleurs ouverts aux retraites, aux travailleurs pr\u00e9caires\u2026<\/p>\n<p class=\" wall-content\">Parmi les propositions dans le domaine, ils entendent \u00e9galement favoriser les initiatives visant \u00e0 organiser des f\u00eates de quartier sur le mod\u00e8le du Festival des Fanfares. \u00c9tant d\u00e9l\u00e9gu\u00e9 \u00e0 la Ville sportive, Herv\u00e9 Martin souhaitent voir se d\u00e9velopper plus d\u2019am\u00e9nagements dans les parcs pour la pratique autonome de sport, la cr\u00e9ation de plateaux sportifs abrit\u00e9s, que chaque quartier soit dot\u00e9 d\u2019au moins un v\u00e9ritable \u00e9quipement sportif en imaginant un nouveau stade \u00e0 la ZAC des C\u00f4teaux et \u00e9galement amplifier la dynamique autour de la f\u00e9minisation du sport montpelli\u00e9rain, du sport inclusif et adapt\u00e9 et de renforcer les actions des \u00e9ducateurs sportifs de la ville sur des publics-cibles \u00e9loign\u00e9s du sport.<\/p>\n<p>Rassemblement de la gauche<\/p>\n<p class=\" wall-content\">Outre ces trois points, les communistes pr\u00e9sentent un document avec des propositions sur la culture, la tranquillit\u00e9 publique, la mobilit\u00e9 durable et inclusive, la sant\u00e9, l\u2019\u00e9ducation et la jeunesse, le d\u00e9veloppement \u00e9conomique, le d\u00e9veloppement durable ou encore l\u2019organisation territoriale. Des contributions, qui comme celles des autres composantes de la majorit\u00e9, s\u2019inscrivent dans \u00ab\u00a0la poursuite du rassemblement de la gauche le plus \u00e9largi possible et on esp\u00e8re que d\u2019autres nous rejoindront encore\u00a0\u00bb invite Herv\u00e9 Martin en songeant principalement \u00e0 Gauche R\u00e9publicaine et Socialiste ou encore <a href=\"https:\/\/actu.fr\/occitanie\/montpellier_34172\/politique-muriel-ressiguier-autant-en-finir-vite-avec-la-france-insoumise-et-la-nupes_60241575.html\" target=\"_blank\" rel=\"noopener\">Humain et Dignes de l\u2019ancienne d\u00e9put\u00e9e \u00e9chapp\u00e9e de La France Insoumise Muriel Ressiguier<\/a>. Et m\u00eame s\u2019il ne cache pas son \u00ab\u00a0incompr\u00e9hension totale\u00a0\u00bb concernant les \u00c9cologistes, il ne ferme pas totalement la porte \u00e0 Jean-Louis Roum\u00e9gas : \u00ab\u00a0Ils \u00e9taient avec nous durant le mandat. Quand on voit ce qui a \u00e9t\u00e9 fait sur un grand nombre de questions \u00e9cologiques, d\u2019essayer de faire croire maintenant que l\u2019on ne peut pas travailler avec nous\u2026 Je pense qu\u2019il est encore temps pour les Verts de dire qu\u2019ils continuent avec nous mais il y a des d\u00e9cisions que je ne comprend pas\u00a0\u00bb. <a href=\"https:\/\/actu.fr\/occitanie\/montpellier_34172\/municipales-a-montpellier-votre-main-tendue-gardez-la-la-reponse-cinglante-du-printemps-montpellierain_63540598.html\" target=\"_blank\" rel=\"noopener\">Le Printemps Montpelli\u00e9rain men\u00e9 par le d\u00e9put\u00e9 \u00e9cologiste ayant clairement fait conna\u00eetre sa position et rejet\u00e9 ses mains tendues<\/a>.<\/p>\n<p class=\" wall-content\"><a href=\"https:\/\/actu.fr\/occitanie\/montpellier_34172\/municipales-a-montpellier-nathalie-oziol-prete-a-conduire-la-gauche-de-rupture-vers-la-mairie_63506424.html\" target=\"_blank\" rel=\"noopener\">Quant \u00e0 La France Insoumise<\/a>, soup\u00e7onn\u00e9e de se servir des municipales comme d\u2019un strapontin pour la Pr\u00e9sidentielle, la porte est clairement ferm\u00e9e. \u00ab\u00a0Ils ont d\u00e9cid\u00e9 de taper frontalement contre des mairies de gauche, et tout type de mairie de gauche, qui changent concr\u00e8tement la vie des gens\u00a0\u00bb regrette Clara Gimenez tandis que Herv\u00e9 Martin interroge : \u00ab\u00a0Pourquoi dans certaines villes, ils proposent la gratuit\u00e9 des transports en commun et \u00e0 Montpellier ils nous expliquent que ce n\u2019est pas bien ?\u00a0\u00bb en appelant ironiquement : \u00ab\u00a0Venez avec nous camarade ! On l\u2019a fait et on peut poursuivre beaucoup de choses\u00a0\u00bb. D\u2019autant que le communiste n\u2019est pas peu fier et ne manque pas d\u2019ambition collective : \u00ab\u00a0Montpellier n\u2019est pas une petite ville, c\u2019est la 7e ville de France. La voix de Montpellier doit porter dans le d\u00e9bat national et, pour porter au mieux cette voix, le rassemblement de la gauche la plus unitaire est important. Plus on aura une gauche forte au pouvoir \u00e0 Montpellier, plus on pourra peser sur des d\u00e9bats nationaux et des sujets comme le logement, la s\u00e9curit\u00e9\u2026\u00a0\u00bb.<\/p>\n<p class=\" wall-content\">S\u2019ils sont d\u00e9cid\u00e9 \u00e0 poursuivre avec la majorit\u00e9, Clara Gimenez et Herv\u00e9 Martin, \u00e0 la t\u00eate chacun d\u2019une d\u00e9l\u00e9gations, ne se projette pas au-del\u00e0 de la campagne \u00e0 mener. \u00ab\u00a0Comme la derni\u00e8re fois : d\u2019abord on gagne, apr\u00e8s on voit. C\u2019est le choix exclusif du maire, donc on verra qui est le capitaine. On a dit qui on souhaitait et le capitaine choisira ses joueurs\u00a0\u00bb remettent-ils \u00e0 plus tard. Quant au nombre de joueurs communistes, quatre actuellement, qu\u2019ils pourraient l\u00e9gitimement revendiquer \u00e0 la hausse en tant que partenaire fid\u00e8le du Parti Socialiste \u00e0 Montpellier et moins probl\u00e9matiques que les \u00e9cologistes, pr\u00e9sents dans cette \u00e9quipe en cas de victoire, \u00ab\u00a0les discussions auront \u00e9videmment lieu\u00a0\u00bb pr\u00e9cise Herv\u00e9 Martin qui temp\u00e8re : \u00ab\u00a0Nous, on part d\u2019abord sur le fond et il a \u00e9t\u00e9 travaill\u00e9. On n\u2019a pas l\u2019impression d\u2019avoir \u00e9t\u00e9 maltrait\u00e9s, nous faisons confiance aux partenaires avec lesquels nous sommes pour continuer d\u2019\u00eatre repr\u00e9sent\u00e9s \u00e0 la hauteur des apports que l\u2019on peut faire\u00a0\u00bb. Des \u00ab\u00a0apports\u00a0\u00bb dans des domaines diff\u00e9rents pr\u00e9sent\u00e9s ces derniers jours par ces \u00ab\u00a0partenaires\u00a0\u00bb qui dessinent un futur programme. \u00c0 moins qu\u2019il n\u2019est \u00e9t\u00e9 \u00e9grain\u00e9 ces derniers jours\u2026<\/p>\n<p class=\" wall-content\">Personnalisez votre actualit\u00e9 en ajoutant vos villes et m\u00e9dias en favori avec <a href=\"https:\/\/moncompte.actu.fr\" title=\"D\u00e9couvez Mon Actu\" rel=\"nofollow noopener\" data-trk=\"{&quot;cta&quot;:{&quot;action&quot;:&quot;https:\\\/\\\/moncompte.actu.fr&quot;,&quot;category&quot;:&quot;mon compte&quot;,&quot;from&quot;:&quot;article footer&quot;,&quot;name&quot;:&quot;Mon actu&quot;,&quot;type&quot;:&quot;cta&quot;}}\" target=\"_blank\">Mon Actu<\/a>.<\/p>\n","protected":false},"excerpt":{"rendered":"Par C\u00e9dric Nithard Publi\u00e9 le 9 d\u00e9c. 2025 \u00e0 6h08 Apr\u00e8s Place Publique et le Parti Radical de&hellip;\n","protected":false},"author":2,"featured_media":589799,"comment_status":"","ping_status":"","sticky":false,"template":"","format":"standard","meta":{"footnotes":""},"categories":[9599],"tags":[1111,11,4188,1777,674,1011,27,2208,12,2680,316,25],"class_list":{"0":"post-589798","1":"post","2":"type-post","3":"status-publish","4":"format-standard","5":"has-post-thumbnail","7":"category-montpellier","8":"tag-actu","9":"tag-actualites","10":"tag-elections-municipales","11":"tag-eu","12":"tag-europe","13":"tag-fr","14":"tag-france","15":"tag-montpellier","16":"tag-news","17":"tag-occitanie","18":"tag-politique","19":"tag-republique-francaise"},"share_on_mastodon":{"url":"https:\/\/pubeurope.com\/@fr\/115693124565208641","error":""},"_links":{"self":[{"href":"https:\/\/www.europesays.com\/fr\/wp-json\/wp\/v2\/posts\/589798","targetHints":{"allow":["GET"]}}],"collection":[{"href":"https:\/\/www.europesays.com\/fr\/wp-json\/wp\/v2\/posts"}],"about":[{"href":"https:\/\/www.europesays.com\/fr\/wp-json\/wp\/v2\/types\/post"}],"author":[{"embeddable":true,"href":"https:\/\/www.europesays.com\/fr\/wp-json\/wp\/v2\/users\/2"}],"replies":[{"embeddable":true,"href":"https:\/\/www.europesays.com\/fr\/wp-json\/wp\/v2\/comments?post=589798"}],"version-history":[{"count":0,"href":"https:\/\/www.europesays.com\/fr\/wp-json\/wp\/v2\/posts\/589798\/revisions"}],"wp:featuredmedia":[{"embeddable":true,"href":"https:\/\/www.europesays.com\/fr\/wp-json\/wp\/v2\/media\/589799"}],"wp:attachment":[{"href":"https:\/\/www.europesays.com\/fr\/wp-json\/wp\/v2\/media?parent=589798"}],"wp:term":[{"taxonomy":"category","embeddable":true,"href":"https:\/\/www.europesays.com\/fr\/wp-json\/wp\/v2\/categories?post=589798"},{"taxonomy":"post_tag","embeddable":true,"href":"https:\/\/www.europesays.com\/fr\/wp-json\/wp\/v2\/tags?post=589798"}],"curies":[{"name":"wp","href":"https:\/\/api.w.org\/{rel}","templated":true}]}}