{"id":589803,"date":"2025-12-10T03:25:57","date_gmt":"2025-12-10T03:25:57","guid":{"rendered":"https:\/\/www.europesays.com\/fr\/589803\/"},"modified":"2025-12-10T03:25:57","modified_gmt":"2025-12-10T03:25:57","slug":"concert-la-musique-de-hans-zimmer-au-palais-des-sports-de-grenoble-le-15-mars-2026","status":"publish","type":"post","link":"https:\/\/www.europesays.com\/fr\/589803\/","title":{"rendered":"Concert. La musique de Hans Zimmer\u00a0au Palais des sports de Grenoble le 15\u00a0mars 2026"},"content":{"rendered":"<p>The Immersive Symphony , le nouveau spectacle musical de Hans Zimmer d\u00e9barque au Palais des sports de Grenoble\u00a0le 15\u00a0mars 2026.\u00a0La musique originale du c\u00e9l\u00e8bre compositeur de musique de film sera accompagn\u00e9e par des jeux de lumi\u00e8re et des effets visuels. Ce spectacle, au format plus intimiste, int\u00e9grera des solistes de l\u2019\u00e9quipe de Hans Zimmer ainsi que l\u2019orchestre de The World of Hans Zimmer.<\/p>\n<p class=\"note\">Au palais des sports de Grenoble \u00e0 19 heures le 15\u00a0mars. L\u2019oeuvre du compositeur comprend Dune\u00a0: Premi\u00e8re Partie, Top Gun\u00a0: Maverick, Mourir Peut Attendre (James Bond), Gladiator, La Ligne Rouge, Pour le pire et pour le meilleur, Rain Man, la trilogie The Dark Knight, Inception, Thelma et Louise, Le Dernier Samoura\u00ef, 12 Years A Slave, Blade Runner 2049\u2026<\/p>\n","protected":false},"excerpt":{"rendered":"The Immersive Symphony , le nouveau spectacle musical de Hans Zimmer d\u00e9barque au Palais des sports de Grenoble\u00a0le&hellip;\n","protected":false},"author":2,"featured_media":589804,"comment_status":"","ping_status":"","sticky":false,"template":"","format":"standard","meta":{"footnotes":""},"categories":[9566],"tags":[1111,11,2430,650,1687,112,1777,674,1011,27,2731,2732,108,873,12,25],"class_list":{"0":"post-589803","1":"post","2":"type-post","3":"status-publish","4":"format-standard","5":"has-post-thumbnail","7":"category-grenoble","8":"tag-actu","9":"tag-actualites","10":"tag-auvergne-rhone-alpes","11":"tag-cinema","12":"tag-culture-loisirs","13":"tag-edition-grenoble-agglomeration","14":"tag-eu","15":"tag-europe","16":"tag-fr","17":"tag-france","18":"tag-grenoble","19":"tag-grenoble-bassin","20":"tag-isere","21":"tag-musique","22":"tag-news","23":"tag-republique-francaise"},"share_on_mastodon":{"url":"https:\/\/pubeurope.com\/@fr\/115693144179862582","error":""},"_links":{"self":[{"href":"https:\/\/www.europesays.com\/fr\/wp-json\/wp\/v2\/posts\/589803","targetHints":{"allow":["GET"]}}],"collection":[{"href":"https:\/\/www.europesays.com\/fr\/wp-json\/wp\/v2\/posts"}],"about":[{"href":"https:\/\/www.europesays.com\/fr\/wp-json\/wp\/v2\/types\/post"}],"author":[{"embeddable":true,"href":"https:\/\/www.europesays.com\/fr\/wp-json\/wp\/v2\/users\/2"}],"replies":[{"embeddable":true,"href":"https:\/\/www.europesays.com\/fr\/wp-json\/wp\/v2\/comments?post=589803"}],"version-history":[{"count":0,"href":"https:\/\/www.europesays.com\/fr\/wp-json\/wp\/v2\/posts\/589803\/revisions"}],"wp:featuredmedia":[{"embeddable":true,"href":"https:\/\/www.europesays.com\/fr\/wp-json\/wp\/v2\/media\/589804"}],"wp:attachment":[{"href":"https:\/\/www.europesays.com\/fr\/wp-json\/wp\/v2\/media?parent=589803"}],"wp:term":[{"taxonomy":"category","embeddable":true,"href":"https:\/\/www.europesays.com\/fr\/wp-json\/wp\/v2\/categories?post=589803"},{"taxonomy":"post_tag","embeddable":true,"href":"https:\/\/www.europesays.com\/fr\/wp-json\/wp\/v2\/tags?post=589803"}],"curies":[{"name":"wp","href":"https:\/\/api.w.org\/{rel}","templated":true}]}}