{"id":589805,"date":"2025-12-10T03:27:12","date_gmt":"2025-12-10T03:27:12","guid":{"rendered":"https:\/\/www.europesays.com\/fr\/589805\/"},"modified":"2025-12-10T03:27:12","modified_gmt":"2025-12-10T03:27:12","slug":"les-tribunes-du-stade-des-alpes-seront-surveillees-lors-du-match-de-coupe-contre-nancy","status":"publish","type":"post","link":"https:\/\/www.europesays.com\/fr\/589805\/","title":{"rendered":"Les tribunes du Stade des Alpes seront surveill\u00e9es lors du match de Coupe contre Nancy"},"content":{"rendered":"<p style=\"font-size:20px\"><strong>Pour la premi\u00e8re fois sur un match de Coupe de France, la F\u00e9d\u00e9ration Fran\u00e7aise de Football va d\u00e9ployer \u00ab\u00a0un trio d\u2019observateurs\u00a0\u00bb pour signaler les \u00e9ventuels chants discriminatoires en tribunes. Et c\u2019est la rencontre entre le GF38 et l\u2019AS Nancy Lorraine du 20 d\u00e9cembre prochain qui a \u00e9t\u00e9 choisie. <\/strong><\/p>\n<p>Trois personnes, un repr\u00e9sentant de la F\u00e9d\u00e9ration, une personne issue de la commission des d\u00e9l\u00e9gu\u00e9s nationaux et un membre d\u2019une association engag\u00e9e dans la lutte contre l\u2019homophobie, seront dans les tribunes du Stade des Alpes pour signaler aupr\u00e8s du d\u00e9l\u00e9gu\u00e9 les comportements \u00ab\u00a0probl\u00e9matiques\u00a0\u00bb du public.<\/p>\n<p>En cas de chant discriminatoire, le speaker de la rencontre devra demander au public d\u2019y mettre un terme. En cas d\u2019\u00e9chec, l\u2019arbitre pourra interrompre le match.<\/p>\n","protected":false},"excerpt":{"rendered":"Pour la premi\u00e8re fois sur un match de Coupe de France, la F\u00e9d\u00e9ration Fran\u00e7aise de Football va d\u00e9ployer&hellip;\n","protected":false},"author":2,"featured_media":239953,"comment_status":"","ping_status":"","sticky":false,"template":"","format":"standard","meta":{"footnotes":""},"categories":[9566],"tags":[1111,11,2430,1777,674,1011,27,2731,12,25],"class_list":{"0":"post-589805","1":"post","2":"type-post","3":"status-publish","4":"format-standard","5":"has-post-thumbnail","7":"category-grenoble","8":"tag-actu","9":"tag-actualites","10":"tag-auvergne-rhone-alpes","11":"tag-eu","12":"tag-europe","13":"tag-fr","14":"tag-france","15":"tag-grenoble","16":"tag-news","17":"tag-republique-francaise"},"share_on_mastodon":{"url":"https:\/\/pubeurope.com\/@fr\/115693148229358510","error":""},"_links":{"self":[{"href":"https:\/\/www.europesays.com\/fr\/wp-json\/wp\/v2\/posts\/589805","targetHints":{"allow":["GET"]}}],"collection":[{"href":"https:\/\/www.europesays.com\/fr\/wp-json\/wp\/v2\/posts"}],"about":[{"href":"https:\/\/www.europesays.com\/fr\/wp-json\/wp\/v2\/types\/post"}],"author":[{"embeddable":true,"href":"https:\/\/www.europesays.com\/fr\/wp-json\/wp\/v2\/users\/2"}],"replies":[{"embeddable":true,"href":"https:\/\/www.europesays.com\/fr\/wp-json\/wp\/v2\/comments?post=589805"}],"version-history":[{"count":0,"href":"https:\/\/www.europesays.com\/fr\/wp-json\/wp\/v2\/posts\/589805\/revisions"}],"wp:featuredmedia":[{"embeddable":true,"href":"https:\/\/www.europesays.com\/fr\/wp-json\/wp\/v2\/media\/239953"}],"wp:attachment":[{"href":"https:\/\/www.europesays.com\/fr\/wp-json\/wp\/v2\/media?parent=589805"}],"wp:term":[{"taxonomy":"category","embeddable":true,"href":"https:\/\/www.europesays.com\/fr\/wp-json\/wp\/v2\/categories?post=589805"},{"taxonomy":"post_tag","embeddable":true,"href":"https:\/\/www.europesays.com\/fr\/wp-json\/wp\/v2\/tags?post=589805"}],"curies":[{"name":"wp","href":"https:\/\/api.w.org\/{rel}","templated":true}]}}