{"id":589806,"date":"2025-12-10T03:28:49","date_gmt":"2025-12-10T03:28:49","guid":{"rendered":"https:\/\/www.europesays.com\/fr\/589806\/"},"modified":"2025-12-10T03:28:49","modified_gmt":"2025-12-10T03:28:49","slug":"six-batiments-au-moins-100-praticiens-cinq-chiffres-sur-le-futur-mega-pole-de-sante-aux-portes-de-rennes","status":"publish","type":"post","link":"https:\/\/www.europesays.com\/fr\/589806\/","title":{"rendered":"Six b\u00e2timents, au moins 100 praticiens\u00a0: cinq chiffres sur le futur m\u00e9ga-p\u00f4le de sant\u00e9 aux portes de Rennes"},"content":{"rendered":"<p>1 Six b\u00e2timents<\/p>\n<p>C\u2019est un projet d\u2019envergure. Sp\u00e9cialis\u00e9 dans la conception et la promotion immobili\u00e8re des structures de sant\u00e9, le groupe rennais Office sant\u00e9 a r\u00e9cemment lanc\u00e9 les travaux de construction d\u2019un nouveau p\u00f4le priv\u00e9 XXL \u00e0 Cesson-S\u00e9vign\u00e9 (35), pr\u00e8s de Rennes. Annonc\u00e9 en janvier 2024, ce futur \u00ab Office sant\u00e9 campus \u00bb s\u2019installera dans six b\u00e2timents neufs \u00e0 proximit\u00e9 de l\u2019arr\u00eat Atalante, sur la ligne b du m\u00e9tro. Il sera tout proche des H\u00f4pitaux priv\u00e9s rennais du groupe Vivalto sant\u00e9 et de <a href=\"https:\/\/www.letelegramme.fr\/ille-et-vilaine\/rennes-35000\/pres-de-rennes-un-pole-de-cancerologie-prive-ouvrira-en-2026-6558521.php\" target=\"_blank\" rel=\"noopener\">leur futur p\u00f4le de canc\u00e9rologie<\/a>.<\/p>\n<p>2 24 000 m\u00b2<\/p>\n<p>\u00c0 terme, le p\u00f4le comptera environ 24 000 m\u00b2 de surface plancher. Il verra le jour sur d\u2019anciens terrains du groupe Orange, qui dispose encore tout \u00e0 c\u00f4t\u00e9 d\u2019un centre de recherche et d\u00e9veloppement et de son si\u00e8ge r\u00e9gional.<\/p>\n<p><img decoding=\"async\" src=\"https:\/\/www.europesays.com\/fr\/wp-content\/uploads\/2025\/12\/6937077679a4a0cad90d3fe1.1.jpeg\" width=\"480\" height=\"300\" class=\"web_golden_m\" loading=\"lazy\" alt=\"Le campus comptera six b\u00e2timents, dont un centre de sant\u00e9 de premier recours.\"\/>Le campus comptera six b\u00e2timents, dont un centre de sant\u00e9 de premier recours. (Photo Office sant\u00e9)3 Fin 2027<\/p>\n<p>Si une c\u00e9r\u00e9monie symbolique de pose de la premi\u00e8re pierre du chantier a \u00e9t\u00e9 organis\u00e9e vendredi 5 d\u00e9cembre, les premiers coups de pelle remontent \u00e0 plusieurs semaines. Le chantier a d\u00e9but\u00e9 avec des travaux de terrassement pour la cr\u00e9ation d\u2019un parking. Celui-ci devrait \u00eatre termin\u00e9 en f\u00e9vrier, permettant de lancer les travaux du premier b\u00e2timent, dont la construction a \u00e9t\u00e9 confi\u00e9e au groupe rennais Legendre et dont l\u2019ouverture est envisag\u00e9e fin 2027. Sur 6 000 m\u00b2, il accueillera un centre de sant\u00e9 de premier recours, avec des m\u00e9decins g\u00e9n\u00e9ralistes, des dentistes, des psychologues, des ost\u00e9opathes ou encore des infirmiers.<\/p>\n<p>Un deuxi\u00e8me b\u00e2timent accueillera des m\u00e9decins sp\u00e9cialistes (gyn\u00e9cologues, neurologues, angiologues, h\u00e9matologues\u2026), tandis que les quatre b\u00e2timents restants h\u00e9bergeront un centre de formation, un espace entreprises et deux r\u00e9sidences, l\u2019une pour les soins pr\u00e9 et postop\u00e9ratoire, l\u2019autre d\u00e9di\u00e9e au \u00ab bien-vieillir \u00bb.<\/p>\n<p>4 Une centaine de praticiens<\/p>\n<p>Selon Office sant\u00e9, le campus devrait \u00e0 terme accueillir entre 100 et 130 professionnels de sant\u00e9. Le premier b\u00e2timent en comptera une quarantaine \u00e0 lui seul.<\/p>\n<p>5 80 M\u20ac investis ?<\/p>\n<p>En 2024, le projet \u00e9tait \u00e9valu\u00e9 \u00e0 environ 80 M\u20ac. Un chiffre qui n\u2019est pas confirm\u00e9 aujourd\u2019hui par Office sant\u00e9. Le groupe (50 salari\u00e9s), <a href=\"https:\/\/www.letelegramme.fr\/ille-et-vilaine\/rennes-35000\/le-promoteur-rennais-office-sante-rachete-par-le-credit-agricole-6707496.php\" target=\"_blank\" rel=\"noopener\">rachet\u00e9 par le Cr\u00e9dit agricole<\/a> en novembre 2024, a livr\u00e9 51 structures de sant\u00e9 depuis sa cr\u00e9ation en 2011.<\/p>\n","protected":false},"excerpt":{"rendered":"1 Six b\u00e2timents C\u2019est un projet d\u2019envergure. Sp\u00e9cialis\u00e9 dans la conception et la promotion immobili\u00e8re des structures de&hellip;\n","protected":false},"author":2,"featured_media":589807,"comment_status":"","ping_status":"","sticky":false,"template":"","format":"standard","meta":{"footnotes":""},"categories":[2821],"tags":[1111,11,829,1777,674,1011,27,848,4555,12,584,25],"class_list":{"0":"post-589806","1":"post","2":"type-post","3":"status-publish","4":"format-standard","5":"has-post-thumbnail","7":"category-rennes","8":"tag-actu","9":"tag-actualites","10":"tag-bretagne","11":"tag-eu","12":"tag-europe","13":"tag-fr","14":"tag-france","15":"tag-ille-et-vilaine","16":"tag-local","17":"tag-news","18":"tag-rennes","19":"tag-republique-francaise"},"share_on_mastodon":{"url":"https:\/\/pubeurope.com\/@fr\/115693157313179404","error":""},"_links":{"self":[{"href":"https:\/\/www.europesays.com\/fr\/wp-json\/wp\/v2\/posts\/589806","targetHints":{"allow":["GET"]}}],"collection":[{"href":"https:\/\/www.europesays.com\/fr\/wp-json\/wp\/v2\/posts"}],"about":[{"href":"https:\/\/www.europesays.com\/fr\/wp-json\/wp\/v2\/types\/post"}],"author":[{"embeddable":true,"href":"https:\/\/www.europesays.com\/fr\/wp-json\/wp\/v2\/users\/2"}],"replies":[{"embeddable":true,"href":"https:\/\/www.europesays.com\/fr\/wp-json\/wp\/v2\/comments?post=589806"}],"version-history":[{"count":0,"href":"https:\/\/www.europesays.com\/fr\/wp-json\/wp\/v2\/posts\/589806\/revisions"}],"wp:featuredmedia":[{"embeddable":true,"href":"https:\/\/www.europesays.com\/fr\/wp-json\/wp\/v2\/media\/589807"}],"wp:attachment":[{"href":"https:\/\/www.europesays.com\/fr\/wp-json\/wp\/v2\/media?parent=589806"}],"wp:term":[{"taxonomy":"category","embeddable":true,"href":"https:\/\/www.europesays.com\/fr\/wp-json\/wp\/v2\/categories?post=589806"},{"taxonomy":"post_tag","embeddable":true,"href":"https:\/\/www.europesays.com\/fr\/wp-json\/wp\/v2\/tags?post=589806"}],"curies":[{"name":"wp","href":"https:\/\/api.w.org\/{rel}","templated":true}]}}