{"id":589808,"date":"2025-12-10T03:30:30","date_gmt":"2025-12-10T03:30:30","guid":{"rendered":"https:\/\/www.europesays.com\/fr\/589808\/"},"modified":"2025-12-10T03:30:30","modified_gmt":"2025-12-10T03:30:30","slug":"tennis-breton-un-centre-de-formation-et-dentrainement-a-rennes-en-2028","status":"publish","type":"post","link":"https:\/\/www.europesays.com\/fr\/589808\/","title":{"rendered":"Tennis breton\u00a0: un centre de formation et d\u2019entra\u00eenement\u00a0\u00e0 Rennes en 2028\u00a0?"},"content":{"rendered":"<p>AG de la ligue de Bretagne \u00e0 Ploufragan, ce samedi (10 h)<\/p>\n<p>Parmi les diff\u00e9rents rapports et points qui seront \u00e9voqu\u00e9s, samedi \u00e0 matin \u00e0 Ploufragan, \u00e0 l\u2019occasion de l\u2019assembl\u00e9e g\u00e9n\u00e9rale de la Ligue de Bretagne de tennis, il sera question du futur centre de formation et d\u2019entra\u00eenement r\u00e9gional. \u00ab Nous en sommes \u00e0 l\u2019\u00e9tude pr\u00e9liminaire. Un architecte a \u00e9t\u00e9 mandat\u00e9. La ville de Rennes a r\u00e9serv\u00e9 un terrain au nord en bord sud de la rocade. Les \u00e9lections municipales \u00e0 venir ne vont pas \u00eatre propices \u00e0 la poursuite des n\u00e9gociations. De notre c\u00f4t\u00e9, on esp\u00e8re que cet \u00e9quipement puisse \u00eatre op\u00e9rationnel fin 2028 \u00bb, d\u00e9voile Pascal Piriou.<\/p>\n<p>Le pr\u00e9sident du tennis breton pr\u00e9cise par ailleurs que le centre administratif de la ligue r\u00e9gionale va rester \u00e0 Pontivy o\u00f9 il accueillera bient\u00f4t le comit\u00e9 du Morbihan en provenance d\u2019Erdeven.<\/p>\n","protected":false},"excerpt":{"rendered":"AG de la ligue de Bretagne \u00e0 Ploufragan, ce samedi (10 h) Parmi les diff\u00e9rents rapports et points&hellip;\n","protected":false},"author":2,"featured_media":589809,"comment_status":"","ping_status":"","sticky":false,"template":"","format":"standard","meta":{"footnotes":""},"categories":[2821],"tags":[1111,11,829,3166,1777,674,1011,27,12,9328,6099,584,25,60,1467],"class_list":{"0":"post-589808","1":"post","2":"type-post","3":"status-publish","4":"format-standard","5":"has-post-thumbnail","7":"category-rennes","8":"tag-actu","9":"tag-actualites","10":"tag-bretagne","11":"tag-en-continu-sports","12":"tag-eu","13":"tag-europe","14":"tag-fr","15":"tag-france","16":"tag-news","17":"tag-ploufragan","18":"tag-pontivy","19":"tag-rennes","20":"tag-republique-francaise","21":"tag-sports","22":"tag-tennis"},"share_on_mastodon":{"url":"https:\/\/pubeurope.com\/@fr\/115693159920542600","error":""},"_links":{"self":[{"href":"https:\/\/www.europesays.com\/fr\/wp-json\/wp\/v2\/posts\/589808","targetHints":{"allow":["GET"]}}],"collection":[{"href":"https:\/\/www.europesays.com\/fr\/wp-json\/wp\/v2\/posts"}],"about":[{"href":"https:\/\/www.europesays.com\/fr\/wp-json\/wp\/v2\/types\/post"}],"author":[{"embeddable":true,"href":"https:\/\/www.europesays.com\/fr\/wp-json\/wp\/v2\/users\/2"}],"replies":[{"embeddable":true,"href":"https:\/\/www.europesays.com\/fr\/wp-json\/wp\/v2\/comments?post=589808"}],"version-history":[{"count":0,"href":"https:\/\/www.europesays.com\/fr\/wp-json\/wp\/v2\/posts\/589808\/revisions"}],"wp:featuredmedia":[{"embeddable":true,"href":"https:\/\/www.europesays.com\/fr\/wp-json\/wp\/v2\/media\/589809"}],"wp:attachment":[{"href":"https:\/\/www.europesays.com\/fr\/wp-json\/wp\/v2\/media?parent=589808"}],"wp:term":[{"taxonomy":"category","embeddable":true,"href":"https:\/\/www.europesays.com\/fr\/wp-json\/wp\/v2\/categories?post=589808"},{"taxonomy":"post_tag","embeddable":true,"href":"https:\/\/www.europesays.com\/fr\/wp-json\/wp\/v2\/tags?post=589808"}],"curies":[{"name":"wp","href":"https:\/\/api.w.org\/{rel}","templated":true}]}}