{"id":589810,"date":"2025-12-10T03:32:16","date_gmt":"2025-12-10T03:32:16","guid":{"rendered":"https:\/\/www.europesays.com\/fr\/589810\/"},"modified":"2025-12-10T03:32:16","modified_gmt":"2025-12-10T03:32:16","slug":"comment-science-et-medecine-sunissent-elles-pour-combattre-les-maladies-neurocognitives-conference-a-strasbourg","status":"publish","type":"post","link":"https:\/\/www.europesays.com\/fr\/589810\/","title":{"rendered":"Comment science et medecine s\u2019unissent elles pour combattre les maladies neurocognitives ? : Conference a Strasbourg"},"content":{"rendered":"<p>\t\t\t\t\t\t\t\t\t<a href=\"https:\/\/www.dna.fr\/pour-sortir\/loisirs\/Rencontre-conference\/Conferences\/Alsace\/Bas-rhin\/Strasbourg\/2025\/12\/11\/javascript:history.back();\" rel=\"nofollow noopener\" class=\"backToSearch\" target=\"_blank\">Retour \u00e0 la recherche<\/a><\/p>\n<p class=\"media-desc\" itemprop=\"description\">&#13;<br \/>\n\t\t\t\t\tEn 2025, en France, environ 1 million de personnes vivent avec la maladie d\u2019Alzheimer et 250 000 avec une maladie \u00e0 corps de Lewy. Si l\u2019on compte les proches aidants, on estime que plus de 4 millions de personnes seraient concern\u00e9es au total. &#13;<br \/>\n\t\t\t\t\t\t\t\t\t\t\t&#13;<br \/>\n\t\t\t\t\t\t\t\t\t\tPour mieux y rem\u00e9dier, il faut d\u2019abord mieux les comprendre : pour cela, de nombreux laboratoires, \u00e0 Strasbourg et ailleurs, s\u2019y consacrent activement. Mais une question demeure : pourquoi un tel \u00e9cart entre la recherche fondamentale et les traitements disponibles ? Entre les avanc\u00e9es en laboratoire et les applications cliniques, les rythmes semblent parfois diff\u00e9r\u00e9s. L\u2019occasion de proposer un petit \u00e9clairage sur la compr\u00e9hension actuelle des maladies neurocognitives, et la mani\u00e8re dont les avanc\u00e9es scientifiques s\u2019inscrivent dans les r\u00e9alit\u00e9s. Regards crois\u00e9s de :<br \/>\nFr\u00e9d\u00e9ric Blanc, g\u00e9riatre et neurologue au Centre M\u00e9moire de Ressources et de Recherche aux H\u00f4pitaux Universitaires de Strasbourg ; Romain Goutagny, charg\u00e9 de recherche en neurosciences au CNRS et \u00e0 l&rsquo;Universit\u00e9 de Strasbourg.<br \/>\n&#13;\n\t\t\t\t  <\/p>\n","protected":false},"excerpt":{"rendered":"Retour \u00e0 la recherche &#13; En 2025, en France, environ 1 million de personnes vivent avec la maladie&hellip;\n","protected":false},"author":2,"featured_media":589811,"comment_status":"","ping_status":"","sticky":false,"template":"","format":"standard","meta":{"footnotes":""},"categories":[2820],"tags":[1111,11,1777,674,1011,27,775,12,25,640],"class_list":{"0":"post-589810","1":"post","2":"type-post","3":"status-publish","4":"format-standard","5":"has-post-thumbnail","7":"category-strasbourg","8":"tag-actu","9":"tag-actualites","10":"tag-eu","11":"tag-europe","12":"tag-fr","13":"tag-france","14":"tag-grand-est","15":"tag-news","16":"tag-republique-francaise","17":"tag-strasbourg"},"share_on_mastodon":{"url":"https:\/\/pubeurope.com\/@fr\/115693167918941228","error":""},"_links":{"self":[{"href":"https:\/\/www.europesays.com\/fr\/wp-json\/wp\/v2\/posts\/589810","targetHints":{"allow":["GET"]}}],"collection":[{"href":"https:\/\/www.europesays.com\/fr\/wp-json\/wp\/v2\/posts"}],"about":[{"href":"https:\/\/www.europesays.com\/fr\/wp-json\/wp\/v2\/types\/post"}],"author":[{"embeddable":true,"href":"https:\/\/www.europesays.com\/fr\/wp-json\/wp\/v2\/users\/2"}],"replies":[{"embeddable":true,"href":"https:\/\/www.europesays.com\/fr\/wp-json\/wp\/v2\/comments?post=589810"}],"version-history":[{"count":0,"href":"https:\/\/www.europesays.com\/fr\/wp-json\/wp\/v2\/posts\/589810\/revisions"}],"wp:featuredmedia":[{"embeddable":true,"href":"https:\/\/www.europesays.com\/fr\/wp-json\/wp\/v2\/media\/589811"}],"wp:attachment":[{"href":"https:\/\/www.europesays.com\/fr\/wp-json\/wp\/v2\/media?parent=589810"}],"wp:term":[{"taxonomy":"category","embeddable":true,"href":"https:\/\/www.europesays.com\/fr\/wp-json\/wp\/v2\/categories?post=589810"},{"taxonomy":"post_tag","embeddable":true,"href":"https:\/\/www.europesays.com\/fr\/wp-json\/wp\/v2\/tags?post=589810"}],"curies":[{"name":"wp","href":"https:\/\/api.w.org\/{rel}","templated":true}]}}