{"id":589812,"date":"2025-12-10T03:33:16","date_gmt":"2025-12-10T03:33:16","guid":{"rendered":"https:\/\/www.europesays.com\/fr\/589812\/"},"modified":"2025-12-10T03:33:16","modified_gmt":"2025-12-10T03:33:16","slug":"des-personnels-de-luniversite-de-strasbourg-exigent-laccueil-des-etudiants-palestiniens","status":"publish","type":"post","link":"https:\/\/www.europesays.com\/fr\/589812\/","title":{"rendered":"des personnels de l&rsquo;Universit\u00e9 de Strasbourg exigent l&rsquo;accueil des \u00e9tudiants palestiniens"},"content":{"rendered":"<p>Nous publions la lettre ouverte adress\u00e9e \u00e0 la pr\u00e9sidente de l\u2019Universit\u00e9 de Strasbourg, sign\u00e9e par une trentaine de personnels de l\u2019Unistra ou d\u2019\u00e9tablissements associ\u00e9s et par trente organisations \u00e9tudiantes et politiques, pour exiger un accueil inconditionnel et digne des \u00e9tudiant\u00b7es et universitaires palestinien\u00b7nes.<\/p>\n<p>\u00c0 l\u2019image de l\u2019initiative prise en septembre \u00e0 <a href=\"https:\/\/www.revolutionpermanente.fr\/Universite-de-Bordeaux-etudiants-et-personnels-exigent-la-rupture-des-partenariats-genocidaires\" target=\"_blank\" rel=\"noopener\">Bordeaux Montaigne<\/a>, cette p\u00e9tition doit s\u2019accompagner d\u2019une mobilisation pour imposer cet accueil, et se multiplier dans toutes les universit\u00e9s.<\/p>\n<p>Universitaires, personnel\u2022les de l\u2019Unistra, \u00e9tudiant\u2022es et organisations\u00a0: exigeons l\u2019accueil inconditionnel et digne des \u00e9tudiant\u2022es et universitaires palestinien\u2022nes\u00a0!<\/p>\n<p>Apr\u00e8s deux ans de g\u00e9nocide et un cessez-le-feu tr\u00e8s pr\u00e9caire, la situation dans la bande de Gaza est dramatique. La destruction de 78\u00a0% des infrastructures civiles de la bande prive les gazaouis de services de soins \u00e9l\u00e9mentaires et d\u2019un acc\u00e8s \u00e0 l\u2019\u00e9ducation et \u00e0 l\u2019enseignement sup\u00e9rieur. C\u2019est dans ce\u00a0contexte que de nombreux \u00e9tudiant.e.s et chercheur.euse.s esp\u00e8rent pouvoir rejoindre la France pour poursuivre leurs \u00e9tudes ou recherches.<\/p>\n<p>Tandis que Macron a hypocritement reconnu l\u2019Etat Palestinien, la complicit\u00e9 des entreprises fran\u00e7aises avec l\u2019horreur coloniale n\u2019a jamais cess\u00e9 et l\u2019\u00c9tat fran\u00e7ais poursuit la r\u00e9pression\u00a0de celles et ceux qui expriment leur solidarit\u00e9 avec le peuple palestinien.<\/p>\n<p><a href=\"https:\/\/www.unistra.fr\/fr\/actualites\/2024\/06\/luniversite-de-strasbourg-prete-a-accueillir-des-etudiantes-et-etudiants-gazaouis\" class=\"spip_out\" rel=\"noopener noreferrer external\" target=\"_blank\">En juin 2024<\/a>, la pr\u00e9sidence de l\u2019Unistra annon\u00e7ait sa volont\u00e9 d\u2019accueillir les \u00e9tudiants palestiniens. Pourtant, depuis deux ans, elle r\u00e9prime activement la solidarit\u00e9 des \u00e9tudiants avec la Palestine\u00a0: nombreuses interventions de police pour faire taire les mobilisations, derni\u00e8re en date ce jeudi 20 novembre, des CRS appel\u00e9s par la pr\u00e9sidence ont r\u00e9prim\u00e9 le blocage en soutien \u00e0 la Palestine et au Soudan. Mais ce sont aussi les interdictions d\u2019\u00e9v\u00e9nements, comme la conf\u00e9rence de Rima Hassan et la projection de Fedayin, et plus r\u00e9cemment, l\u2019exclusion d\u2019un an avec sursis de deux \u00e9tudiantes pour leur mobilisation contre l\u2019extr\u00eame droite et pour la Palestine.\u00a0<\/p>\n<p>La pr\u00e9sidence doit cesser toute r\u00e9pression, et se placer \u00e0 la hauteur de <a href=\"https:\/\/www.unistra.fr\/fr\/actualites\/2024\/06\/luniversite-de-strasbourg-prete-a-accueillir-des-etudiantes-et-etudiants-gazaouis\" class=\"spip_out\" rel=\"noopener noreferrer external\" target=\"_blank\">ses d\u00e9clarations de juin 2024<\/a>, en mobilisant l\u2019ensemble de ses moyens pour garantir un accueil effectif et digne de tous les \u00e9tudiant\u00b7e\u00b7s\u00a0souhaitant fuir le contexte colonial.\u00a0<\/p>\n<p>Nous exigeons donc que l\u2019Unistra honore ses d\u00e9clarations et demandons\u00a0:<\/p>\n<li>\u00a0l\u2019accueil des etudiant\u00b7e\u00b7s et chercheur\u00b7euse\u00b7s palestinien\u00b7ne\u00b7s qui le souhaitent.\u00a0<br \/>\n<\/li>\n<li>\u00a0des am\u00e9nagements p\u00e9dagogiques permettant l\u2019inscription imm\u00e9diate et la poursuite d\u2019\u00e9tudes sans condition, y compris avec l\u2019acc\u00e8s au niveau A0 en fran\u00e7ais dans les licences et masters de l\u2019ensemble de l\u2019Universit\u00e9,<br \/>\n<\/li>\n<li>\u00a0l\u2019exon\u00e9ration syst\u00e9matique des frais d\u2019inscription,<br \/>\n<\/li>\n<li>\u00a0l\u2019attribution de bourses et de logements,<br \/>\n<\/li>\n<li>\u00a0un accompagnement mat\u00e9riel et humain d\u00e8s leur arriv\u00e9e sur le territoire.\n<p>Alors que les \u00e9vacuations d\u2019\u00e9tudiant\u00b7e\u00b7s palestinien\u00b7ne\u00b7s ont repris, apr\u00e8s trois mois de blocage impos\u00e9 par le gouvernement, les crit\u00e8res de s\u00e9lection pour l\u2019obtention des visas ont \u00e9t\u00e9 renforc\u00e9s.\u00a0Une politique cynique, alors que ces \u00e9tudiant\u00b7e\u00b7s cherchent \u00e0 fuir un g\u00e9nocide.\u00a0On leur demande de prouver leur \u00ab\u00a0excellence\u00a0\u00bb et de trouver, avant m\u00eame l\u2019obtention du visa, un financement par une collectivit\u00e9 ou une universit\u00e9, ainsi qu\u2019un logement.<\/p>\n<p>Nous exigeons donc plus largement\u00a0:\u00a0<\/p>\n<\/li>\n<li>\u00a0la reprise totale des \u00e9vacuations,\n<\/li>\n<li>\u00a0la d\u00e9livrance sans conditions de visas pour les \u00e9tudiant\u00b7es palestinien\u00b7nes,\n<p>Le gouvernement Lecornu impose un budget d\u2019aust\u00e9rit\u00e9 qui attaque l\u2019universit\u00e9 et les services publics, tout en renvoyant aux \u00e9tablissements sous-financ\u00e9s la responsabilit\u00e9 d\u2019accueillir les \u00e9tudiant\u00b7es palestinien\u00b7nes. Nous demandons donc plus de moyens et des embauches massives\u00a0pour garantir une universit\u00e9 ouverte \u00e0 tous\u00b7tes et assurer un accueil effectif et digne des \u00e9tudiant\u00b7e\u00b7s r\u00e9fugi\u00e9\u00b7e\u00b7s\u00a0!<\/p>\n<p>Nous, universitaires, personnel\u00b7le\u00b7s, \u00e9tudiant\u00b7e\u00b7s et organisations de l\u2019Unistra, refusons que notre universit\u00e9 entretienne des partenariats acad\u00e9miques avec l\u2019\u00e9tat g\u00e9nocidaire isra\u00e9lien, mais aussi \u00e9conomiques avec des entreprises complices de la colonisation de la Cisjordanie comme BNP Paribas\u00a0!<\/p>\n<p>Nous appelons tous les \u00e9tablissements associ\u00e9s de l\u2019Unistra comme la HEAR, l\u2019ENGES et l\u2019INSA, \u00e0 faire de m\u00eame.<\/p>\n<p>Universitaires, personnel\u00b7le\u00b7s de l\u2019Unistra, \u00e9tudiant\u00b7e\u00b7s et organisations\u00a0: exigeons l\u2019accueil inconditionnel et digne des \u00e9tudiant\u00b7e\u00b7s et universitaires palestinien\u00b7ne\u00b7s\u00a0<\/p>\n<p>Continuons \u00e0 nous mobiliser en soutien \u00e0 la lutte du peuple palestinien et jusqu\u2019\u00e0 ce que les \u00e9tudiant-e-s que nous nous battons pour accueillir puissent retourner sur une Palestine libre de la colonisation Isra\u00e9lienne\u00a0!<\/p>\n<p>Signe la p\u00e9tition <a href=\"https:\/\/docs.google.com\/forms\/d\/e\/1FAIpQLSdylFZaMNd05MQqARcFAltZRPnNJ5gjKw-aUMzh5Z0U5yWH0w\/viewform\" class=\"spip_out\" rel=\"noopener noreferrer external\" target=\"_blank\">ici<\/a><\/p>\n<blockquote class=\"instagram-media\" data-instgrm-captioned=\"\" data-instgrm-permalink=\"https:\/\/www.instagram.com\/p\/DSABorrjdyY\/?utm_source=ig_embed&amp;utm_campaign=loading\" data-instgrm-version=\"14\" style=\" background:#FFF; border:0; border-radius:3px; box-shadow:0 0 1px 0 rgba(0,0,0,0.5),0 1px 10px 0 rgba(0,0,0,0.15); margin: 1px; max-width:540px; min-width:326px; padding:0; width:99.375%; width:-webkit-calc(100% - 2px); width:calc(100% - 2px);\"\/>\n<p>Personnel signataire de l\u2019Unistra\u00a0:<\/p>\n<\/li>\n<li>\u00a0Ajili Faten, adjointe administrative\n<\/li>\n<li>\u00a0Val\u00e9rie Benelhadj, facult\u00e9 des Langues\n<\/li>\n<li>\u00a0Antoine Rodrigues, facult\u00e9 de Math\u00e9mathiques\n<\/li>\n<li>\u00a0Philippe Gillig, facult\u00e9 de sciences sociales\n<\/li>\n<li>\u00a0Aya Sakkal, facult\u00e9 des langues\n<\/li>\n<li>\u00a0Elsa Rambaud, Sciences Po\n<\/li>\n<li>\u00a0Benjamin Chevalier, Unistra et Sciences Po\n<\/li>\n<li>\u00a0Victor Demenge, Sciences Po\n<\/li>\n<li>\u00a0Vincent Dubois, Sciences Po\n<\/li>\n<li>\u00a0Jean Claude Meyer, enseignant retrait\u00e9\n<\/li>\n<li>\u00a0Josiane Olff Nathan, ing\u00e9nieur d\u2019\u00e9tudes retrait\u00e9e IRIST\n<\/li>\n<li>\u00a0Karim Sab, facult\u00e9 de sciences sociales\n<\/li>\n<li>\u00a0Pierre Charitat, Doctorant en Math\u00e9matiques\n<\/li>\n<li>\u00a0R\u00e9mi Zeller, Arts et Musique\n<\/li>\n<li>\u00a0\u00c9lise Marsicano, Facult\u00e9 des sciences sociales\n<p>Personnel signataire d\u2019\u00e9tablissements associ\u00e9s \u00e0 l\u2019Unistra\u00a0:<\/p>\n<\/li>\n<li>\u00a0Louison Demonfaucon-Gomez, HEAR Musique\n<\/li>\n<li>\u00a0Vincent Gillig, HEAR Musique\n<\/li>\n<li>\u00a0Jean-Philippe Chalt\u00e9, HEAR Musique\n<\/li>\n<li>\u00a0Nicolas Moutier, HEAR Musique\n<\/li>\n<li>\u00a0Didier Kiefer, HEAR Art Plastique\n<\/li>\n<li>\u00a0Nasser Khelifi, HEAR Art Plastique\n<\/li>\n<li>\u00a0R\u00e9mi Levaufre, HEAR Art Plastique\n<\/li>\n<li>\u00a0Clotilde Viannay, HEAR Art Plastique\n<\/li>\n<li>\u00a0Alain Della Nagra, HEAR Art Plastique\n<\/li>\n<li>\u00a0J\u00e9r\u00e9my De Barros, HEAR Art Plastique\n<\/li>\n<li>\u00a0Anne Laforet, HEAR Art Plastique\n<\/li>\n<li>\u00a0\u00a0Oh Eun, HEAR Art Plastique\n<\/li>\n<li>\u00a0Nicolas Handtschoewercker, ENSA\n<p>Organisations signataires\u00a0:<br \/>\n<\/p>\n<\/li>\n<li>\u00a0Le Poing Lev\u00e9<br \/>\n<\/li>\n<li>\u00a0Solidaires \u00e9tudiant-e-s<br \/>\n<\/li>\n<li>\u00a0F\u00e9d\u00e9ration Syndicale \u00c9tudiante Strasbourg<br \/>\n<\/li>\n<li>\u00a0Alternative \u00c9tudiante Strasbourg<br \/>\n<\/li>\n<li>\u00a0\u00a0FO ESR 67<br \/>\n<\/li>\n<li>\u00a0Sud \u00c9duc 67<br \/>\n<\/li>\n<li>\u00a0FAG<br \/>\n<\/li>\n<li>\u00a0URC Alsace<br \/>\n<\/li>\n<li>\u00a0EMF Strasbourg<br \/>\n<\/li>\n<li>\u00a0UJFP Alsace<br \/>\n<\/li>\n<li>\u00a0\u00a0CJACP<br \/>\n<\/li>\n<li>\u00a0\u00c9cologistes de Strasbourg<br \/>\n<\/li>\n<li>\u00a0Libre Pens\u00e9e 67<br \/>\n<\/li>\n<li>\u00a0Europe Cameroun Solidarit\u00e9-Femmes du 3\u00e8 Mill\u00e9naire-Wietchip<br \/>\n<\/li>\n<li>\u00a0LFI 67<br \/>\n<\/li>\n<li>\u00a0\u00a0R\u00e9volution Permanente Strasbourg<br \/>\n<\/li>\n<li>\u00a0\u00a0La Mire<br \/>\n<\/li>\n<li>\u00a0\u00a0Du Pain et Des Roses<br \/>\n<\/li>\n<li>\u00a0\u00a0ATMF Strasbourg<br \/>\n<\/li>\n<li>\u00a0\u00a0MRAF Strasbourg<br \/>\n<\/li>\n<li>\u00a0\u00a0D\u2019Ailleurs Nous Sommes d\u2019Ici 67<br \/>\n<\/li>\n<li>\u00a0\u00a0NPA l\u2019Anticapitaliste 67<br \/>\n<\/li>\n<li>\u00a0\u00a0Diaspora<br \/>\n<\/li>\n<li>\u00a0\u00a0NPA R\u00e9volutionnaires Strasbourg<br \/>\n<\/li>\n<li>\u00a0\u00a0NPA Jeunes R\u00e9volutionnaires Strasbourg<br \/>\n<\/li>\n<li>\u00a0\u00a0ATTAC Strasbourg<br \/>\n<\/li>\n<li>\u00a0\u00a0UCL Alsace<br \/>\n<\/li>\n<li>\u00a0AFPS<br \/>\n<\/li>\n<li>\u00a0Justice et Libert\u00e9s<br \/>\n<\/li>\n<li>\u00a0Lascar\n<p>Personnalit\u00e9s\u00a0:<br \/>\n<\/p>\n<\/li>\n<li>\u00a0Florian Kobryn<br \/>\n<\/li>\n<li>\u00a0Emmanuel Fernandes<br \/>\n<\/li>\n<li>\u00a0Christian Bonardi<\/li>\n<p><script async src=\"\/\/www.instagram.com\/embed.js\"><\/script><\/p>\n","protected":false},"excerpt":{"rendered":"Nous publions la lettre ouverte adress\u00e9e \u00e0 la pr\u00e9sidente de l\u2019Universit\u00e9 de Strasbourg, sign\u00e9e par une trentaine de&hellip;\n","protected":false},"author":2,"featured_media":589813,"comment_status":"","ping_status":"","sticky":false,"template":"","format":"standard","meta":{"footnotes":""},"categories":[2820],"tags":[1111,11,1777,674,1011,27,775,12,25,640],"class_list":{"0":"post-589812","1":"post","2":"type-post","3":"status-publish","4":"format-standard","5":"has-post-thumbnail","7":"category-strasbourg","8":"tag-actu","9":"tag-actualites","10":"tag-eu","11":"tag-europe","12":"tag-fr","13":"tag-france","14":"tag-grand-est","15":"tag-news","16":"tag-republique-francaise","17":"tag-strasbourg"},"share_on_mastodon":{"url":"https:\/\/pubeurope.com\/@fr\/115693171770186485","error":""},"_links":{"self":[{"href":"https:\/\/www.europesays.com\/fr\/wp-json\/wp\/v2\/posts\/589812","targetHints":{"allow":["GET"]}}],"collection":[{"href":"https:\/\/www.europesays.com\/fr\/wp-json\/wp\/v2\/posts"}],"about":[{"href":"https:\/\/www.europesays.com\/fr\/wp-json\/wp\/v2\/types\/post"}],"author":[{"embeddable":true,"href":"https:\/\/www.europesays.com\/fr\/wp-json\/wp\/v2\/users\/2"}],"replies":[{"embeddable":true,"href":"https:\/\/www.europesays.com\/fr\/wp-json\/wp\/v2\/comments?post=589812"}],"version-history":[{"count":0,"href":"https:\/\/www.europesays.com\/fr\/wp-json\/wp\/v2\/posts\/589812\/revisions"}],"wp:featuredmedia":[{"embeddable":true,"href":"https:\/\/www.europesays.com\/fr\/wp-json\/wp\/v2\/media\/589813"}],"wp:attachment":[{"href":"https:\/\/www.europesays.com\/fr\/wp-json\/wp\/v2\/media?parent=589812"}],"wp:term":[{"taxonomy":"category","embeddable":true,"href":"https:\/\/www.europesays.com\/fr\/wp-json\/wp\/v2\/categories?post=589812"},{"taxonomy":"post_tag","embeddable":true,"href":"https:\/\/www.europesays.com\/fr\/wp-json\/wp\/v2\/tags?post=589812"}],"curies":[{"name":"wp","href":"https:\/\/api.w.org\/{rel}","templated":true}]}}