{"id":589814,"date":"2025-12-10T03:34:20","date_gmt":"2025-12-10T03:34:20","guid":{"rendered":"https:\/\/www.europesays.com\/fr\/589814\/"},"modified":"2025-12-10T03:34:20","modified_gmt":"2025-12-10T03:34:20","slug":"air-france-baptise-un-nouvel-aeronef-du-nom-dune-commune-azureenne","status":"publish","type":"post","link":"https:\/\/www.europesays.com\/fr\/589814\/","title":{"rendered":"Air France baptise un nouvel a\u00e9ronef du nom d\u2019une commune azur\u00e9enne"},"content":{"rendered":"<p class=\"fs-5 \">Bienvenue sur les tarmacs et dans notre ciel \u00e0 \u00ab Valbonne \u00bb, le 50e Airbus A220 de la flotte Air France. Les lettres ont \u00e9t\u00e9 appos\u00e9es sur la carlingue apr\u00e8s une proposition des \u00e9quipes de la compagnie a\u00e9rienne, renouant ainsi avec une tradition tomb\u00e9e en d\u00e9su\u00e9tude pendant quelques d\u00e9cennies : celle de baptiser les a\u00e9ronefs fran\u00e7ais du nom de communes \u2013 \u00e0 l\u2019image, pour les Alpes-Maritimes, de Menton, Saint-Paul-de-Vence, Cannes, Nice et Vallauris (lire Nice-Matin du 24 octobre dernier).<\/p>\n<p>                                                                                Quand l\u2019excellence fran\u00e7aise s\u2019ouvre sur le monde<\/p>\n<p class=\"fs-5 \">\u00ab Le Valbonne \u00bb a d\u00e9j\u00e0 pris son envol. Mais il y a quelques jours sur le site sophipolitain d\u2019Air France, dans un geste symbolique, le maire Joseph Cesaro a re\u00e7u la maquette de l\u2019appareil, en reconnaissance d\u2019une histoire commune qui dure depuis des d\u00e9cennies.<\/p>\n<p class=\"fs-5 \">Air France fait partie des pionniers de Sophia Antipolis, de ceux qui firent le pari de s\u2019installer et de s\u2019ancrer dans ce qui n\u2019\u00e9tait pas encore la premi\u00e8re technopole d\u2019Europe.<\/p>\n<p class=\"fs-5 \">\u00c0 cette \u00e9poque, \u00ab Sophia \u00bb n\u2019\u00e9tait qu\u2019un projet un peu fou, m\u00eame si innovateur et passionn\u00e9ment port\u00e9 par un homme qui n\u2019\u00e9tait pas encore s\u00e9nateur : le regrett\u00e9 Pierre Laffitte.<\/p>\n<p class=\"fs-5 \">Certains se souviennent des premi\u00e8res grues qui dans les ann\u00e9es 1970 d\u00e9passaient de la pin\u00e8de et dont on disait, entre rumeurs et annonces officielles, que c\u2019\u00e9tait pour implanter le centre informatique du fleuron de l\u2019aviation hexagonale au milieu de nulle part.<\/p>\n<p class=\"fs-5 \">Deux histoires qui se croisent, a rappel\u00e9 l\u2019\u00e9dile : \u00ab Celle d\u2019une compagnie a\u00e9rienne embl\u00e9matique qui a toujours port\u00e9 haut l\u2019excellence fran\u00e7aise et celle d\u2019une commune et d\u2019une technopole qui ont toujours plac\u00e9 l\u2019innovation et l\u2019ouverture au monde au c\u0153ur de leur ADN. \u00bb<\/p>\n","protected":false},"excerpt":{"rendered":"Bienvenue sur les tarmacs et dans notre ciel \u00e0 \u00ab Valbonne \u00bb, le 50e Airbus A220 de la&hellip;\n","protected":false},"author":2,"featured_media":589815,"comment_status":"","ping_status":"","sticky":false,"template":"","format":"standard","meta":{"footnotes":""},"categories":[2819],"tags":[1111,11,1777,674,1011,27,12,2401,882,25],"class_list":{"0":"post-589814","1":"post","2":"type-post","3":"status-publish","4":"format-standard","5":"has-post-thumbnail","7":"category-nice","8":"tag-actu","9":"tag-actualites","10":"tag-eu","11":"tag-europe","12":"tag-fr","13":"tag-france","14":"tag-news","15":"tag-nice","16":"tag-provence-alpes-cote-dazur","17":"tag-republique-francaise"},"share_on_mastodon":{"url":"https:\/\/pubeurope.com\/@fr\/115693175788763962","error":""},"_links":{"self":[{"href":"https:\/\/www.europesays.com\/fr\/wp-json\/wp\/v2\/posts\/589814","targetHints":{"allow":["GET"]}}],"collection":[{"href":"https:\/\/www.europesays.com\/fr\/wp-json\/wp\/v2\/posts"}],"about":[{"href":"https:\/\/www.europesays.com\/fr\/wp-json\/wp\/v2\/types\/post"}],"author":[{"embeddable":true,"href":"https:\/\/www.europesays.com\/fr\/wp-json\/wp\/v2\/users\/2"}],"replies":[{"embeddable":true,"href":"https:\/\/www.europesays.com\/fr\/wp-json\/wp\/v2\/comments?post=589814"}],"version-history":[{"count":0,"href":"https:\/\/www.europesays.com\/fr\/wp-json\/wp\/v2\/posts\/589814\/revisions"}],"wp:featuredmedia":[{"embeddable":true,"href":"https:\/\/www.europesays.com\/fr\/wp-json\/wp\/v2\/media\/589815"}],"wp:attachment":[{"href":"https:\/\/www.europesays.com\/fr\/wp-json\/wp\/v2\/media?parent=589814"}],"wp:term":[{"taxonomy":"category","embeddable":true,"href":"https:\/\/www.europesays.com\/fr\/wp-json\/wp\/v2\/categories?post=589814"},{"taxonomy":"post_tag","embeddable":true,"href":"https:\/\/www.europesays.com\/fr\/wp-json\/wp\/v2\/tags?post=589814"}],"curies":[{"name":"wp","href":"https:\/\/api.w.org\/{rel}","templated":true}]}}