{"id":589816,"date":"2025-12-10T03:35:16","date_gmt":"2025-12-10T03:35:16","guid":{"rendered":"https:\/\/www.europesays.com\/fr\/589816\/"},"modified":"2025-12-10T03:35:16","modified_gmt":"2025-12-10T03:35:16","slug":"lequipe-de-nice-premium-part-en-vacances","status":"publish","type":"post","link":"https:\/\/www.europesays.com\/fr\/589816\/","title":{"rendered":"L&rsquo;\u00e9quipe de Nice Premium part en vacances"},"content":{"rendered":"<p class=\"post_excerpt\">Comme chaque ann\u00e9e depuis 11 ans, l\u2019\u00e9quipe de Nice Premium prend quelques jours de vacances qui seront toutefois studieuses afin de pr\u00e9parer une rentr\u00e9e qui sera des plus fournies entre Jeux de la Francophonie et autres scrutins municipaux.<\/p>\n<p><img fetchpriority=\"high\" decoding=\"async\" class=\" alignleft size-full wp-image-130020\" src=\"data:image\/svg+xml,%3Csvg%20xmlns=\" http:=\"\" alt=\"vacances-4.jpg\" align=\"left\" width=\"415\" height=\"330\" data-lazy- data-lazy- data-lazy-src=\"https:\/\/www.europesays.com\/fr\/wp-content\/uploads\/2025\/12\/jpg_vacances-4.jpg\"\/> Avec une moyenne mensuelle de plus de 120 000 visiteurs uniques, cette ann\u00e9e aura encore \u00e9t\u00e9 des plus r\u00e9ussies et ce sont des vacances bien m\u00e9rit\u00e9es que l\u2019\u00e9quipe de Nice Premium va prendre de ce lundi 5 ao\u00fbt au lundi 19 ao\u00fbt prochain.<\/p>\n<p>Ces vacances seront aussi des plus studieuses avec la mise en place de la prochaine rentr\u00e9e qui ouvrira en trombe avec les Jeux de la Francophonie qui auront lieu \u00e0 Nice du 6 au 15 septembre prochain.<\/p>\n<p>Mais, le grand rendez-vous est pr\u00e9vu pour le d\u00e9but d\u2019ann\u00e9e 2014 avec les divers scrutins municipaux qui auront lieu dans les diverses villes de la C\u00f4te d\u2019Azur. La ville de Nice sera au coeur de toutes nos attentions mais nous n\u2019oublierons pas les autres communes dans lesquelles la joute municipale s\u2019annonce des plus int\u00e9ressantes comme Villefranche sur Mer, Carros, Cannes ou encore Vence.<\/p>\n<p>Comme il y a 5 ans, un grand dispositif sera mis en place avec, cette ann\u00e9e, quelques surprises qui accompagneront les diverses campagnes des diff\u00e9rents candidats.<\/p>\n<p>Mais pour l\u2019heure, cap sur les vacances et rendez-vous le lundi 19 ao\u00fbt prochain !<\/p>\n<p>\t\t\t\t<a href=\"https:\/\/www.europesays.com\/fr\/wp-content\/uploads\/2025\/12\/jpg_vacances-4.jpg\"><img loading=\"lazy\" decoding=\"async\" width=\"150\" height=\"119\" src=\"data:image\/svg+xml,%3Csvg%20xmlns=\" http:=\"\" class=\"attachment-thumbnail size-thumbnail\" alt=\"vacances-4.jpg\" data-lazy- data-lazy- data-lazy-src=\"https:\/\/www.europesays.com\/fr\/wp-content\/uploads\/2025\/12\/jpg_vacances-4-150x119.jpg\"\/><\/a><\/p>\n<p><strong>NicePremium est un m\u00e9dia local ind\u00e9pendant et gratuit.<\/strong><br \/>Pour nous aider \u00e0 continuer, vous pouvez soutenir notre travail \u00e0 partir de 5 \u20ac par mois.<\/p>\n<p><a class=\"np-soutien-btn\" href=\"https:\/\/www.nicepremium.fr\/faire-un-don\/\" target=\"_blank\" rel=\"noopener\">Soutenir NicePremium<\/a><\/p>\n","protected":false},"excerpt":{"rendered":"Comme chaque ann\u00e9e depuis 11 ans, l\u2019\u00e9quipe de Nice Premium prend quelques jours de vacances qui seront toutefois&hellip;\n","protected":false},"author":2,"featured_media":589817,"comment_status":"","ping_status":"","sticky":false,"template":"","format":"standard","meta":{"footnotes":""},"categories":[2819],"tags":[1111,11,1777,674,1011,27,12,2401,882,25],"class_list":{"0":"post-589816","1":"post","2":"type-post","3":"status-publish","4":"format-standard","5":"has-post-thumbnail","7":"category-nice","8":"tag-actu","9":"tag-actualites","10":"tag-eu","11":"tag-europe","12":"tag-fr","13":"tag-france","14":"tag-news","15":"tag-nice","16":"tag-provence-alpes-cote-dazur","17":"tag-republique-francaise"},"share_on_mastodon":{"url":"https:\/\/pubeurope.com\/@fr\/115693179671087423","error":""},"_links":{"self":[{"href":"https:\/\/www.europesays.com\/fr\/wp-json\/wp\/v2\/posts\/589816","targetHints":{"allow":["GET"]}}],"collection":[{"href":"https:\/\/www.europesays.com\/fr\/wp-json\/wp\/v2\/posts"}],"about":[{"href":"https:\/\/www.europesays.com\/fr\/wp-json\/wp\/v2\/types\/post"}],"author":[{"embeddable":true,"href":"https:\/\/www.europesays.com\/fr\/wp-json\/wp\/v2\/users\/2"}],"replies":[{"embeddable":true,"href":"https:\/\/www.europesays.com\/fr\/wp-json\/wp\/v2\/comments?post=589816"}],"version-history":[{"count":0,"href":"https:\/\/www.europesays.com\/fr\/wp-json\/wp\/v2\/posts\/589816\/revisions"}],"wp:featuredmedia":[{"embeddable":true,"href":"https:\/\/www.europesays.com\/fr\/wp-json\/wp\/v2\/media\/589817"}],"wp:attachment":[{"href":"https:\/\/www.europesays.com\/fr\/wp-json\/wp\/v2\/media?parent=589816"}],"wp:term":[{"taxonomy":"category","embeddable":true,"href":"https:\/\/www.europesays.com\/fr\/wp-json\/wp\/v2\/categories?post=589816"},{"taxonomy":"post_tag","embeddable":true,"href":"https:\/\/www.europesays.com\/fr\/wp-json\/wp\/v2\/tags?post=589816"}],"curies":[{"name":"wp","href":"https:\/\/api.w.org\/{rel}","templated":true}]}}