{"id":589820,"date":"2025-12-10T03:37:19","date_gmt":"2025-12-10T03:37:19","guid":{"rendered":"https:\/\/www.europesays.com\/fr\/589820\/"},"modified":"2025-12-10T03:37:19","modified_gmt":"2025-12-10T03:37:19","slug":"fc-nantes-vers-un-retour-de-francis-coquelin-face-a-angers","status":"publish","type":"post","link":"https:\/\/www.europesays.com\/fr\/589820\/","title":{"rendered":"FC Nantes. Vers un retour de Francis Coquelin face \u00e0 Angers ?"},"content":{"rendered":"<p>Transperc\u00e9 dans son entrejeu, le FC Nantes manque d\u2019exp\u00e9rience dans ce secteur de jeu. Une exp\u00e9rience que pourrait amener Francis Coquelin s\u2019il n\u2019encha\u00eenait pas les blessures aussi fr\u00e9quemment depuis son arriv\u00e9e chez les Canaris en janvier dernier.<\/p>\n<p>Apr\u00e8s 3 mois d\u2019absences<\/p>\n<p>Apr\u00e8s la cuisse et le mollet la saison pass\u00e9e, c\u2019est d\u00e9sormais l\u2019ischio qui p\u00e9nalise l\u2019ancien joueur d\u2019Arsenal ces derniers mois. Face \u00e0 Rennes, \u00e0 la mi-septembre, il avait \u00e9t\u00e9 contraint de sortir, bless\u00e9, sur une simple frappe. 10 matchs manqu\u00e9s, 80 jours d\u2019absence et revoil\u00e0 peut-\u00eatre enfin le milieu d\u00e9fensif de 34 ans.<\/p>\n<p>Mwanga \u00e9galement de retour, Machado d\u00e9j\u00e0 titulaire ?<\/p>\n<p>En effet, la semaine pass\u00e9e, Luis Castro avait indiqu\u00e9 que le natif de Laval \u00e9tait en phase de reprise et reprenait la course. Une info qui est aujourd\u2019hui confirm\u00e9e par <a href=\"https:\/\/www.lequipe.fr\/Football\/Actualites\/Ziani-refuse-le-poste-de-coordinateur-sportif-castro-en-sursis-la-folle-journee-du-fc-nantes\/1615608\" target=\"_blank\" rel=\"noopener\">L\u2019\u00c9quipe<\/a>, qui indique que le joueur pourrait faire son retour pour le d\u00e9placement \u00e0 Angers, vendredi soir. Un retour corr\u00e9l\u00e9 avec celui de Junior Mwanga, suspendu face \u00e0 Lens apr\u00e8s son carton rouge \u00e0 Lyon. Deiver Machado pourrait \u00e9galement conna\u00eetre ses premi\u00e8res minutes sous le maillot nantais.<\/p>\n","protected":false},"excerpt":{"rendered":"Transperc\u00e9 dans son entrejeu, le FC Nantes manque d\u2019exp\u00e9rience dans ce secteur de jeu. Une exp\u00e9rience que pourrait&hellip;\n","protected":false},"author":2,"featured_media":589821,"comment_status":"","ping_status":"","sticky":false,"template":"","format":"standard","meta":{"footnotes":""},"categories":[2818],"tags":[1111,11,1777,674,1011,27,766,12,2636,25],"class_list":{"0":"post-589820","1":"post","2":"type-post","3":"status-publish","4":"format-standard","5":"has-post-thumbnail","7":"category-nantes","8":"tag-actu","9":"tag-actualites","10":"tag-eu","11":"tag-europe","12":"tag-fr","13":"tag-france","14":"tag-nantes","15":"tag-news","16":"tag-pays-de-la-loire","17":"tag-republique-francaise"},"share_on_mastodon":{"url":"https:\/\/pubeurope.com\/@fr\/115693187530451980","error":""},"_links":{"self":[{"href":"https:\/\/www.europesays.com\/fr\/wp-json\/wp\/v2\/posts\/589820","targetHints":{"allow":["GET"]}}],"collection":[{"href":"https:\/\/www.europesays.com\/fr\/wp-json\/wp\/v2\/posts"}],"about":[{"href":"https:\/\/www.europesays.com\/fr\/wp-json\/wp\/v2\/types\/post"}],"author":[{"embeddable":true,"href":"https:\/\/www.europesays.com\/fr\/wp-json\/wp\/v2\/users\/2"}],"replies":[{"embeddable":true,"href":"https:\/\/www.europesays.com\/fr\/wp-json\/wp\/v2\/comments?post=589820"}],"version-history":[{"count":0,"href":"https:\/\/www.europesays.com\/fr\/wp-json\/wp\/v2\/posts\/589820\/revisions"}],"wp:featuredmedia":[{"embeddable":true,"href":"https:\/\/www.europesays.com\/fr\/wp-json\/wp\/v2\/media\/589821"}],"wp:attachment":[{"href":"https:\/\/www.europesays.com\/fr\/wp-json\/wp\/v2\/media?parent=589820"}],"wp:term":[{"taxonomy":"category","embeddable":true,"href":"https:\/\/www.europesays.com\/fr\/wp-json\/wp\/v2\/categories?post=589820"},{"taxonomy":"post_tag","embeddable":true,"href":"https:\/\/www.europesays.com\/fr\/wp-json\/wp\/v2\/tags?post=589820"}],"curies":[{"name":"wp","href":"https:\/\/api.w.org\/{rel}","templated":true}]}}