{"id":589828,"date":"2025-12-10T03:41:16","date_gmt":"2025-12-10T03:41:16","guid":{"rendered":"https:\/\/www.europesays.com\/fr\/589828\/"},"modified":"2025-12-10T03:41:16","modified_gmt":"2025-12-10T03:41:16","slug":"accident-mortel-sur-le-chantier-de-la-ligne-c-du-metro-a-toulouse-profil-de-la-victime-enquete-temoignages-ce-que-lon-sait","status":"publish","type":"post","link":"https:\/\/www.europesays.com\/fr\/589828\/","title":{"rendered":"Accident mortel sur le chantier de la ligne C du m\u00e9tro \u00e0 Toulouse\u00a0: profil de la victime, enqu\u00eate, t\u00e9moignages\u2026 ce que l\u2019on sait"},"content":{"rendered":"<p>\n                                                                    l&rsquo;essentiel<br \/>\n                                                                Dramatique accident ce mardi \u00e0 Toulouse, sur le chantier de la future ligne C du m\u00e9tro. Un ouvrier a \u00e9t\u00e9 tu\u00e9 \u00e0 hauteur de la future station Faubourg-Bonnefoy. Un tr\u00e8s important dispositif de secours a \u00e9t\u00e9 d\u00e9ploy\u00e9.\n                            <\/p>\n<p>Moins de deux heures apr\u00e8s un accident o\u00f9 le chauffeur d\u2019un bus Tiss\u00e9o a heurt\u00e9 deux femmes qui traversaient sur un passage pi\u00e9ton, sur les all\u00e9es Jean-Jaur\u00e8s au c\u0153ur de Toulouse, une nouvelle alerte a \u00e9t\u00e9 actionn\u00e9e. Un ouvrier venait d\u2019\u00eatre surpris par une machine.<\/p>\n<p>Drame \u00e0 30 m\u00e8tres du sol<\/p>\n<p>L\u2019accident s\u2019est produit dans le tunnel de la future ligne C entre la station Raisin et le Faubourg-Bonnefoy. L\u2019alerte a \u00e9t\u00e9 d\u00e9clench\u00e9e \u00e0 15\u00a0h\u00a045. Les pompiers et une \u00e9quipe du Smur 31 sont arriv\u00e9s tr\u00e8s vite sur place. Le m\u00e9decin a rapidement constat\u00e9 le d\u00e9c\u00e8s de cet ouvrier \u00e2g\u00e9 de 46 ans. Des man\u0153uvres sont en cours pour d\u00e9gager son corps. Une quinzaine de v\u00e9hicules de pompiers et plus de 30 sapeurs se trouvent sur place.<\/p>\n<p>\u00ab\u00a0C\u2019\u00e9tait un mec bien\u00a0\u00bb<\/p>\n<p>L\u2019ouvrier qui a \u00e9t\u00e9 tu\u00e9 ce mardi apr\u00e8s-midi \u00ab\u00a0\u00e9tait en formation\u00a0\u00bb, confie un employ\u00e9 crois\u00e9 sur le chantier. Un de ses coll\u00e8gues, bl\u00eame, confie\u00a0: \u00ab\u00a0C\u2019est horrible. Je le connaissais. C\u2019\u00e9tait un chic type. J\u2019en ai la chair de poule\u2026\u00a0\u00bb Selon les premiers \u00e9l\u00e9ments, ce compagnon aurait \u00e9t\u00e9 \u00e9cras\u00e9 par une machine qui permet de transporter des \u00e9l\u00e9ments de chantier dans le tunnel de la future ligne.<\/p>\n<p class=\"std-elt__inline\">\n        <strong>\u00c0 lire aussi :<\/strong><br \/>\n        <a href=\"https:\/\/www.ladepeche.fr\/2025\/12\/09\/accident-mortel-sur-le-chantier-de-la-ligne-c-un-ouvrier-ecrase-a-la-future-station-de-metro-de-bonnefoy-13100581.php\" target=\"_blank\" rel=\"noopener\">INFO LA DEPECHE. Accident mortel sur le chantier de la nouvelle ligne de m\u00e9tro \u00e0 Toulouse, un ouvrier \u00e9cras\u00e9 dans la future station de Bonnefoy<\/a>\n    <\/p>\n<p>Une enqu\u00eate ouverte par le parquet<\/p>\n<p>Le parquet de Toulouse a ouvert une enqu\u00eate. Elle a \u00e9t\u00e9 confi\u00e9e aux services de police de la Rive droite. Rapidement, des enqu\u00eateurs du groupe d\u2019appui judiciaire se sont rendus sur place pour r\u00e9aliser les premi\u00e8res constatations. Des sp\u00e9cialistes de l\u2019inspection du travail sont \u00e9galement sur place pour mener leurs propres investigations. Les pompiers qui ont d\u00e9ploy\u00e9 un vaste dispositif de secours n\u2019ont pas souhait\u00e9 s\u2019exprimer sur cette op\u00e9ration, renvoyant vers Tiss\u00e9o \u00ab\u00a0en charge de la communication\u00a0\u00bb.<\/p>\n<p>Tiss\u00e9o ing\u00e9nierie confirme<\/p>\n<p>Dans un court communiqu\u00e9 diffus\u00e9 ce mardi \u00e0 18\u00a0h\u00a045, Tiss\u00e9o Ing\u00e9nierie confirme \u00ab\u00a0un accident mortel impliquant un compagnon sur le chantier de la ligne C dans le tunnel au niveau de la future station Bonnefoy. Aucun autre bless\u00e9 n\u2019est \u00e0 d\u00e9plorer.\u00a0\u00bb Tiss\u00e9o annonce \u00e9galement la mise en place d\u2019une cellule psychologique \u00ab\u00a0pour prendre en charge les personnes choqu\u00e9es par l\u2019accident\u00a0\u00bb.<\/p>\n<p>Un quartier sous le choc<\/p>\n<p>Depuis l\u2019ouverture du chantier de la future ligne qui, de Colomiers \u00e0 Lab\u00e8ge, va s\u2019\u00e9tirer sur 27 kilom\u00e8tres et vingt et une stations, le quartier du Faubourg Bonnefoy a v\u00e9cu plusieurs \u00e9pisodes d\u00e9licats, marqu\u00e9s par l\u2019effondrement de diff\u00e9rentes maisons. Sur place, les habitants observaient inquiets les secours ce mardi apr\u00e8s-midi.<\/p>\n<p>Fatia tombe des nues. Coiffeuse depuis presque 20 ans faubourg Bonnefoy, elle n\u2019imaginait pas pareille issue. Son salon donne sur le chantier de la future station de m\u00e9tro. \u00ab\u00a0Un mort\u00a0? Vraiment\u00a0? Avec ma cliente, on a entendu de nombreuses sir\u00e8nes de pompiers \u00e0 partir de 16\u00a0heures mais on n\u2019a vu aucune ambulance\u00a0\u00bb.<\/p>\n<p class=\"std-elt__inline\">\n        <strong>\u00c0 lire aussi :<\/strong><br \/>\n        <a href=\"https:\/\/www.ladepeche.fr\/2025\/03\/14\/effondrement-du-viaduc-du-metro-de-toulouse-il-y-a-un-an-un-drame-encore-inexplique-12568505.php\" target=\"_blank\" rel=\"noopener\">Effondrement mortel du viaduc du m\u00e9tro de Toulouse en mars\u00a02024\u00a0: o\u00f9 en est l\u2019enqu\u00eate\u00a0?<\/a>\n    <\/p>\n<p>Justine est employ\u00e9e dans la boulangerie qui fait face au chantier. Le commerce fait l\u2019angle avec la rue Louis Mass\u00e9, dont des maisons ont \u00e9t\u00e9 s\u00e9rieusement impact\u00e9es par les travaux de la troisi\u00e8me ligne de m\u00e9tro. \u00ab\u00a0On s\u2019est dit au d\u00e9part que \u00e7a pouvait \u00eatre un probl\u00e8me au niveau du sol, mais personne n\u2019est venu nous demander d\u2019\u00e9vacuer. Lors des effondrements, on avait \u00e9t\u00e9 contraints de fermer rapidement. Et la femme d\u2019un ouvrier du chantier est venue me dire que l\u2019un de ses coll\u00e8gues \u00e9tait d\u00e9c\u00e9d\u00e9. Terrible\u00a0\u00bb, soupire-t-elle.<\/p>\n<p>D\u00e9j\u00e0 un accident mortel en mars\u00a02024<\/p>\n<p>Le drame qui s\u2019est produit ce mardi est le deuxi\u00e8me accident mortel de la future ligne C du m\u00e9tro toulousain. En mars\u00a02024, le tablier du futur viaduc vers Lab\u00e8ge s\u2019est effondr\u00e9. Quatre ouvriers ont \u00e9t\u00e9 entra\u00een\u00e9s dans la chute. L\u2019un d\u2019eux n\u2019a pas surv\u00e9cu. L\u2019enqu\u00eate ouverte par le parquet se poursuit dans le cabinet d\u2019un juge d\u2019instruction toulousain pour d\u00e9terminer les responsabilit\u00e9s.<\/p>\n","protected":false},"excerpt":{"rendered":"l&rsquo;essentiel Dramatique accident ce mardi \u00e0 Toulouse, sur le chantier de la future ligne C du m\u00e9tro. Un&hellip;\n","protected":false},"author":2,"featured_media":589829,"comment_status":"","ping_status":"","sticky":false,"template":"","format":"standard","meta":{"footnotes":""},"categories":[2816],"tags":[3085,1111,11,1777,674,118,1011,27,2722,12,2680,25,2312],"class_list":{"0":"post-589828","1":"post","2":"type-post","3":"status-publish","4":"format-standard","5":"has-post-thumbnail","7":"category-toulouse","8":"tag-accidents","9":"tag-actu","10":"tag-actualites","11":"tag-eu","12":"tag-europe","13":"tag-faits-divers","14":"tag-fr","15":"tag-france","16":"tag-haute-garonne","17":"tag-news","18":"tag-occitanie","19":"tag-republique-francaise","20":"tag-toulouse"},"share_on_mastodon":{"url":"https:\/\/pubeurope.com\/@fr\/115693203301723530","error":""},"_links":{"self":[{"href":"https:\/\/www.europesays.com\/fr\/wp-json\/wp\/v2\/posts\/589828","targetHints":{"allow":["GET"]}}],"collection":[{"href":"https:\/\/www.europesays.com\/fr\/wp-json\/wp\/v2\/posts"}],"about":[{"href":"https:\/\/www.europesays.com\/fr\/wp-json\/wp\/v2\/types\/post"}],"author":[{"embeddable":true,"href":"https:\/\/www.europesays.com\/fr\/wp-json\/wp\/v2\/users\/2"}],"replies":[{"embeddable":true,"href":"https:\/\/www.europesays.com\/fr\/wp-json\/wp\/v2\/comments?post=589828"}],"version-history":[{"count":0,"href":"https:\/\/www.europesays.com\/fr\/wp-json\/wp\/v2\/posts\/589828\/revisions"}],"wp:featuredmedia":[{"embeddable":true,"href":"https:\/\/www.europesays.com\/fr\/wp-json\/wp\/v2\/media\/589829"}],"wp:attachment":[{"href":"https:\/\/www.europesays.com\/fr\/wp-json\/wp\/v2\/media?parent=589828"}],"wp:term":[{"taxonomy":"category","embeddable":true,"href":"https:\/\/www.europesays.com\/fr\/wp-json\/wp\/v2\/categories?post=589828"},{"taxonomy":"post_tag","embeddable":true,"href":"https:\/\/www.europesays.com\/fr\/wp-json\/wp\/v2\/tags?post=589828"}],"curies":[{"name":"wp","href":"https:\/\/api.w.org\/{rel}","templated":true}]}}