{"id":589832,"date":"2025-12-10T03:44:22","date_gmt":"2025-12-10T03:44:22","guid":{"rendered":"https:\/\/www.europesays.com\/fr\/589832\/"},"modified":"2025-12-10T03:44:22","modified_gmt":"2025-12-10T03:44:22","slug":"marseille-mieux-connectee-en-train-a-litalie-grace-a-laugmentation-des-paris-lyon-en-2026","status":"publish","type":"post","link":"https:\/\/www.europesays.com\/fr\/589832\/","title":{"rendered":"Marseille mieux connect\u00e9e en train \u00e0 l&rsquo;Italie gr\u00e2ce \u00e0 l&rsquo;augmentation des Paris-Lyon en 2026"},"content":{"rendered":"<p>Marseille entre dans une phase plus structur\u00e9e de l&rsquo;offre <a href=\"https:\/\/www.laprovence.com\/article\/region\/3044340214058515\/ligne-paris-marseille-trenitalia-annonce-4-allers-retours-tgv-par-jour-ils-passeront-par-aix-et-avignon\" target=\"_blank\" rel=\"noopener\">Frecciarossa<\/a>.\u00a0En 2026, la m\u00e9tropole b\u00e9n\u00e9ficiera d&rsquo;un <strong>acc\u00e8s coordonn\u00e9 vers Milan via Lyon Part-Dieu.<\/strong> Pas de liaison directe pour l&rsquo;instant, mais une <strong>connexion Marseille-Lyon-Milan<\/strong> int\u00e9gr\u00e9e aux \u00e9volutions du r\u00e9seau.<\/p>\n<p>14 allers-retours par jour entre Paris-Lyon<\/p>\n<p>Cette possibilit\u00e9 repose sur l&rsquo;augmentation du Paris-Lyon \u00e0 14 allers-retours quotidiens \u00e0 partir du 14 d\u00e9cembre. Cette mont\u00e9e en fr\u00e9quence vise \u00e0 <strong>fluidifier les correspondances<\/strong>, dont celles en direction de l&rsquo;Italie, accessibles depuis <a href=\"https:\/\/www.laprovence.com\/article\/societe\/7093117094422414\/ligne-tgv-paris-marseille-trenitalia-met-en-vente-ses-premiers-billets-des-trajets-a-partir-de-27-euros\" target=\"_blank\" rel=\"noopener\">Marseille<\/a>.<\/p>\n<p>Sur la ligne Paris-Marseille, mise en service en juin 2025, les volumes observ\u00e9s durant l&rsquo;\u00e9t\u00e9 montrent une<strong> utilisation soutenue<\/strong>, notamment sur les segments partiels. <strong>Aix-en-Provence TGV et Avignon TGV regroupent 40 % des mont\u00e9es et descentes<\/strong>, ce qui confirme leur r\u00f4le dans l&rsquo;\u00e9quilibre \u00e9conomique de l&rsquo;axe. Les segments <a href=\"https:\/\/www.laprovence.com\/article\/region\/3044340214058515\/ligne-paris-marseille-trenitalia-annonce-4-allers-retours-tgv-par-jour-ils-passeront-par-aix-et-avignon\" target=\"_blank\" rel=\"noopener\">Paris-Avignon TGV<\/a> et Paris-Aix-en-Provence TGV repr\u00e9sentent respectivement <strong>15 % et 24 % des d\u00e9placements observ\u00e9s.<\/strong><\/p>\n<p>La ponctualit\u00e9 demeure sup\u00e9rieure \u00e0 <strong>90 %<\/strong> sur cette liaison, contre 87 % ailleurs, selon les donn\u00e9es communiqu\u00e9es.<\/p>\n<p>2026, l&rsquo;ann\u00e9e des ajustements pour Marseille<\/p>\n<p>Pour Marseille, 2026 s&rsquo;annonce donc comme une ann\u00e9e d&rsquo;ajustements plut\u00f4t que de rupture : un<strong> r\u00e9seau plus dense c\u00f4t\u00e9 Lyon<\/strong>, des correspondances renforc\u00e9es vers l&rsquo;international et une<a href=\"https:\/\/www.laprovence.com\/article\/region\/2952263742421214\/on-a-depasse-nos-previsions-sur-la-ligne-marseille-paris-le-demarrage-reussi-de-trenitalia\" target=\"_blank\" rel=\"noopener\"> offre Paris-Marseille<\/a> qui continue son int\u00e9gration dans le <a href=\"https:\/\/www.laprovence.com\/article\/societe\/3922701236616\/ligne-ter-marseille-nice-en-plein-conflit-social-departs-et-arret-de-travail-a-la-direction-de-transdev\" target=\"_blank\" rel=\"noopener\">paysage ferroviaire<\/a>.<\/p>\n<p>Trenitalia, qui a transport\u00e9 4,7 millions de voyageurs depuis 2021 et <strong>plus de 250 000 sur <a href=\"https:\/\/www.laprovence.com\/article\/region\/806041428254214\/le-train-est-revenu-dans-lautre-sens-un-tgv-marseille-paris-loupe-son-arret-a-aix-puis-fait-demi-tour\" target=\"_blank\" rel=\"noopener\">Paris-Marseille<\/a><\/strong> l&rsquo;an dernier, indique ne pas \u00eatre rentable en 2025.<\/p>\n<p><a href=\"https:\/\/www.laprovence.com\/article\/region\/306338259377514\/allers-retours-vers-paris-liaison-avec-milan-la-compagnie-trenitalia-etudie-une-implantation-a-marseille\" target=\"_blank\" rel=\"noopener\">L&rsquo;entreprise <\/a>poursuit toutefois l&rsquo;\u00e9volution de son implantation, avec<strong> plus de 260 salari\u00e9s en France.<\/strong><\/p>\n<p>Pour les usagers marseillais, l&rsquo;effet principal de 2026 sera donc la <strong>possibilit\u00e9 d&rsquo;un trajet optimis\u00e9 vers <a href=\"https:\/\/www.laprovence.com\/article\/om\/40714576027121\/saint-gilles-om-marseille-une-equipe-avec-des-joueurs-dexception-loue-david-hubert-lentraineur-de-lunion-a-la-veille-de-la-ligue-des-champions\" target=\"_blank\" rel=\"noopener\">Milan <\/a><\/strong>et l&rsquo;extension progressive des capacit\u00e9s disponibles sur l&rsquo;axe Sud-Est.<\/p>\n<p>Une \u00e9tape interm\u00e9diaire, sans annonce spectaculaire, mais avec des cons\u00e9quences concr\u00e8tes pour les mobilit\u00e9s longue distance.<\/p>\n","protected":false},"excerpt":{"rendered":"Marseille entre dans une phase plus structur\u00e9e de l&rsquo;offre Frecciarossa.\u00a0En 2026, la m\u00e9tropole b\u00e9n\u00e9ficiera d&rsquo;un acc\u00e8s coordonn\u00e9 vers&hellip;\n","protected":false},"author":2,"featured_media":589833,"comment_status":"","ping_status":"","sticky":false,"template":"","format":"standard","meta":{"footnotes":""},"categories":[2814],"tags":[17,1111,11,70296,1777,674,1011,27,32040,884,32557,12,882,3583,25,104,926,7582],"class_list":{"0":"post-589832","1":"post","2":"type-post","3":"status-publish","4":"format-standard","5":"has-post-thumbnail","7":"category-marseille","8":"tag-17","9":"tag-actu","10":"tag-actualites","11":"tag-connectee","12":"tag-eu","13":"tag-europe","14":"tag-fr","15":"tag-france","16":"tag-litalie","17":"tag-marseille","18":"tag-mieux","19":"tag-news","20":"tag-provence-alpes-cote-dazur","21":"tag-qui","22":"tag-republique-francaise","23":"tag-societe","24":"tag-train","25":"tag-trenitalia"},"share_on_mastodon":{"url":"https:\/\/pubeurope.com\/@fr\/115693215026894467","error":""},"_links":{"self":[{"href":"https:\/\/www.europesays.com\/fr\/wp-json\/wp\/v2\/posts\/589832","targetHints":{"allow":["GET"]}}],"collection":[{"href":"https:\/\/www.europesays.com\/fr\/wp-json\/wp\/v2\/posts"}],"about":[{"href":"https:\/\/www.europesays.com\/fr\/wp-json\/wp\/v2\/types\/post"}],"author":[{"embeddable":true,"href":"https:\/\/www.europesays.com\/fr\/wp-json\/wp\/v2\/users\/2"}],"replies":[{"embeddable":true,"href":"https:\/\/www.europesays.com\/fr\/wp-json\/wp\/v2\/comments?post=589832"}],"version-history":[{"count":0,"href":"https:\/\/www.europesays.com\/fr\/wp-json\/wp\/v2\/posts\/589832\/revisions"}],"wp:featuredmedia":[{"embeddable":true,"href":"https:\/\/www.europesays.com\/fr\/wp-json\/wp\/v2\/media\/589833"}],"wp:attachment":[{"href":"https:\/\/www.europesays.com\/fr\/wp-json\/wp\/v2\/media?parent=589832"}],"wp:term":[{"taxonomy":"category","embeddable":true,"href":"https:\/\/www.europesays.com\/fr\/wp-json\/wp\/v2\/categories?post=589832"},{"taxonomy":"post_tag","embeddable":true,"href":"https:\/\/www.europesays.com\/fr\/wp-json\/wp\/v2\/tags?post=589832"}],"curies":[{"name":"wp","href":"https:\/\/api.w.org\/{rel}","templated":true}]}}