{"id":589836,"date":"2025-12-10T03:46:21","date_gmt":"2025-12-10T03:46:21","guid":{"rendered":"https:\/\/www.europesays.com\/fr\/589836\/"},"modified":"2025-12-10T03:46:21","modified_gmt":"2025-12-10T03:46:21","slug":"les-grandes-lignes-du-budget-2026-a-villeurbanne","status":"publish","type":"post","link":"https:\/\/www.europesays.com\/fr\/589836\/","title":{"rendered":"Les grandes lignes du budget 2026 \u00e0 Villeurbanne"},"content":{"rendered":"<p>                            <img loading=\"lazy\" width=\"1200\" height=\"750\" class=\"attachment-article size-article wp-post-image lazyload\" alt=\"C\u00e9dric Van Styvendael\" decoding=\"async\" src=\"https:\/\/www.europesays.com\/fr\/wp-content\/uploads\/2025\/12\/IMG_0257-e1765289376294.jpg\" data-eio-rwidth=\"1200\" data-eio-rheight=\"750\"\/><\/p>\n<p>C\u00e9dric Van Styvendael,Agn\u00e8s Thouvenot et Jonathajn Bocquet \u00e9taient pr\u00e9sents au club de la presse pour pr\u00e9senter le budget 2026. <\/p>\n<p class=\"content\" style=\"font-size:1.2em;font-weight:700\">Construction, r\u00e9novation \u00e9nerg\u00e9tique, plan canicule&#8230; Ce mardi 9 septembre, le maire de Villeurbanne a pr\u00e9sent\u00e9 les grands projets financ\u00e9s par le budget 2026. <\/p>\n<p>C&rsquo;est dans un climat national incertain que le maire de Villeurbanne C\u00e9dric Van Styvendael, s&rsquo;est rendu au club de la presse ce mardi 9 d\u00e9cembre pour pr\u00e9senter le budget 2026. Alors que budget national n&rsquo;a toujours pas \u00e9t\u00e9 vot\u00e9, le maire a tout de m\u00eame pr\u00e9sent\u00e9 les grands projets de cette fin de mandat aux c\u00f4t\u00e9s de deux de ses adjoints : \u00ab\u00a0Aujourd&rsquo;hui, nous sommes plus sur un budget de bilan qu&rsquo;un budget de perspective\u00a0\u00bb, a tenu \u00e0 pr\u00e9ciser Jonathan Bocquet, adjoint aux finances, avant de d\u00e9buter. <\/p>\n<p>Annonc\u00e9 \u00e0 hauteur de 261,3 millions d&rsquo;euros, le budget 2026 devrait ainsi permettre la \u00ab\u00a0continuit\u00e9 des projets engag\u00e9s\u00a0\u00bb par la municipalit\u00e9 actuelle pour un montant de 73 millions d&rsquo;euros. Parmi les grands axes notamment prioris\u00e9s : \u00ab\u00a0Le changement climatique, le soutien aux plus fragiles, l&rsquo;\u00e9ducation et les services publics\u00a0\u00bb, indique le maire socialiste.<\/p>\n<p>La construction de nouveaux \u00e9quipements devrait \u00e9galement permettre de r\u00e9pondre \u00e0 la hausse d\u00e9mographique, tandis que plusieurs r\u00e9novations et r\u00e9habilitations permettront aux Villeurbannais install\u00e9s de \u00ab\u00a0b\u00e9n\u00e9ficier de plus de confort\u00a0\u00bb. <\/p>\n<p>Constructions, r\u00e9novations thermiques&#8230;<\/p>\n<p>Plusieurs travaux de construction seront ainsi lanc\u00e9s en cette fin de mandat. A noter parmi les plus importants, le d\u00e9marrage des travaux de construction du groupe scolaire Jacques-Pr\u00e9vert dans le quartier des Grattes-Ciel d&rsquo;ici d\u00e9but 2026 pour un co\u00fbt total de 19 millions d&rsquo;euros (dont 7 millions inscrits au budget 2026). La poursuite de la restructuration du groupe scolaire Croix-Luizet (4,37 millions d&rsquo;euros sur le budget 2026), ou encore, la construction d&rsquo;un nouvel espace jeunes et d&rsquo;un complexe cin\u00e9ma dans le cadre du projet Villeurbanne grand-centre (175 000 euros sur le budget 2026). C\u00f4t\u00e9 s\u00e9niors, la maison des a\u00een\u00e9s devrait elle aussi \u00eatre r\u00e9nov\u00e9e d\u00e8s l&rsquo;\u00e9t\u00e9 2026 (50 000 euros). <\/p>\n<p><img loading=\"lazy\" decoding=\"async\" width=\"1200\" height=\"686\" alt=\"Groupe scolaire Jacques-Pr\u00e9vert\" class=\"wp-image-473609 lazyload\" src=\"https:\/\/www.europesays.com\/fr\/wp-content\/uploads\/2025\/12\/ecole-prevert-credit-AAGROUP-BD.jpg\"  data- data-eio-rwidth=\"1200\" data-eio-rheight=\"686\"\/>Perspective du futur groupe scolaire Jacques Pr\u00e9vert. Cr\u00e9dit : Ville de Villeurbanne. <\/p>\n<p>En parall\u00e8le, la Ville poursuit les travaux de r\u00e9novation des installations thermiques et \u00e9lectriques de ses b\u00e2timents et \u00e9tend son projet de solarisation des toitures. Dans cet \u00e9lan, le gymnase de l&rsquo;\u00e9cole L\u00e9on-Jouhaux, d\u00e9sormais r\u00e9nov\u00e9 \u00e9nergiquement, devrait \u00eatre inaugur\u00e9 d\u00e9but 2026. A noter qu&rsquo;une enveloppe de 600 000 euros lui est allou\u00e9e sur l&rsquo;ann\u00e9e.  <\/p>\n<p>\u00ab\u00a0Plan canicule\u00a0\u00bb dans les \u00e9coles<\/p>\n<p>Nouveaut\u00e9 cette ann\u00e9e, 1,25 million d&rsquo;euros du budget seront d\u00e9di\u00e9s \u00e0 la mise en place d&rsquo;un \u00ab\u00a0plan canicule\u00a0\u00bb dans les \u00e9coles. Suite \u00e0 la canicule pr\u00e9coce, survenue en mai dernier, C\u00e9dric Van Styvandael a assur\u00e9 \u00ab\u00a0engager des travaux tr\u00e8s rapidement\u00a0\u00bb pour permettre aux \u00e9tablissements d&rsquo;\u00eatre pr\u00eats en cas de nouvelle vague de chaleur intense.<\/p>\n<p>Les \u00e9coles les plus expos\u00e9es devraient ainsi \u00eatre prochainement pourvues de brasseurs d&rsquo;air, de volets roulants, d&rsquo;ombri\u00e8res et de films solaires sur leurs vitres. En parall\u00e8le, les menuiseries les plus v\u00e9tustes devraient \u00eatre remplac\u00e9es dans plusieurs \u00e9tablissements, tels que dans les groupes scolaires Ch\u00e2teau Gaillard, Anatole-France et Ren\u00e9-Descartes. <\/p>\n<p>Des recettes de fonctionnement sup\u00e9rieures aux d\u00e9penses<\/p>\n<p>Malgr\u00e9 les r\u00e9actions n\u00e9gatives de l&rsquo;opposition concernant ce budget 2026, Jonathan Bocquet l&rsquo;affirme : \u00ab\u00a0Pour la quatri\u00e8me ann\u00e9e cons\u00e9cutive, les recettes augmentent plus vite que nos d\u00e9penses.\u00a0\u00bb En chiffres, les d\u00e9penses r\u00e9elles de fonctionnement s&rsquo;\u00e9l\u00e8vent \u00e0 170,2 millions d&rsquo;euros pour 199,8 millions de recettes r\u00e9elles de fonctionnement.<\/p>\n<p>Alors que l&rsquo;opposition avait d\u00e9nonc\u00e9 une \u00ab\u00a0politique d\u2019acc\u00e9l\u00e9ration sans frein d\u2019atterrissage\u00a0\u00bb, qui \u00ab\u00a0fragiliserait\u00a0\u00bb le budget pour les ann\u00e9es \u00e0 venir, l&rsquo;\u00e9lu affirme de son c\u00f4t\u00e9 que l&rsquo;autofinancement de la Ville \u00ab\u00a0bat des records\u00a0\u00bb et augmente de 5,7 %. Reste d\u00e9sormais \u00e0 voir qui h\u00e9ritera des 188,3 millions d&rsquo;euros de budget restant en mars 2026. A noter que selon nos informations, le maire sortant devrait annoncer sa candidature dans les prochains jours.<\/p>\n<p class=\"has-cyan-bluish-gray-background-color has-background\">Dans le cadre de la strat\u00e9gie territoriale de s\u00e9curit\u00e9 et de pr\u00e9vention de la d\u00e9linquance, la Ville a affirm\u00e9 continuer d&rsquo;augmenter ses effectifs de police municipale en cr\u00e9ant trois postes suppl\u00e9mentaires, portant le nombre d&rsquo;agents \u00e0 75 en 2026. Par ailleurs, 34 nouveaux points d&rsquo;implantation de vid\u00e9oprotection et deux cam\u00e9ras nomades seront raccord\u00e9s au centre de supervision urbain d&rsquo;ici l&rsquo;ann\u00e9e prochaine. <\/p>\n<p><strong>Lire aussi : <\/strong><a href=\"https:\/\/www.lyoncapitale.fr\/actualite\/villeurbanne-58-cameras-de-videoprotection-supplementaires-bientot-deployees\" target=\"_blank\" rel=\"noopener\">Villeurbanne : 58 cam\u00e9ras de vid\u00e9oprotection suppl\u00e9mentaires bient\u00f4t d\u00e9ploy\u00e9es<\/a><\/p>\n","protected":false},"excerpt":{"rendered":"C\u00e9dric Van Styvendael,Agn\u00e8s Thouvenot et Jonathajn Bocquet \u00e9taient pr\u00e9sents au club de la presse pour pr\u00e9senter le budget&hellip;\n","protected":false},"author":2,"featured_media":589837,"comment_status":"","ping_status":"","sticky":false,"template":"","format":"standard","meta":{"footnotes":""},"categories":[1889],"tags":[1111,11,2430,1777,674,1011,27,2428,12,25],"class_list":{"0":"post-589836","1":"post","2":"type-post","3":"status-publish","4":"format-standard","5":"has-post-thumbnail","7":"category-lyon","8":"tag-actu","9":"tag-actualites","10":"tag-auvergne-rhone-alpes","11":"tag-eu","12":"tag-europe","13":"tag-fr","14":"tag-france","15":"tag-lyon","16":"tag-news","17":"tag-republique-francaise"},"share_on_mastodon":{"url":"https:\/\/pubeurope.com\/@fr\/115693224585918871","error":""},"_links":{"self":[{"href":"https:\/\/www.europesays.com\/fr\/wp-json\/wp\/v2\/posts\/589836","targetHints":{"allow":["GET"]}}],"collection":[{"href":"https:\/\/www.europesays.com\/fr\/wp-json\/wp\/v2\/posts"}],"about":[{"href":"https:\/\/www.europesays.com\/fr\/wp-json\/wp\/v2\/types\/post"}],"author":[{"embeddable":true,"href":"https:\/\/www.europesays.com\/fr\/wp-json\/wp\/v2\/users\/2"}],"replies":[{"embeddable":true,"href":"https:\/\/www.europesays.com\/fr\/wp-json\/wp\/v2\/comments?post=589836"}],"version-history":[{"count":0,"href":"https:\/\/www.europesays.com\/fr\/wp-json\/wp\/v2\/posts\/589836\/revisions"}],"wp:featuredmedia":[{"embeddable":true,"href":"https:\/\/www.europesays.com\/fr\/wp-json\/wp\/v2\/media\/589837"}],"wp:attachment":[{"href":"https:\/\/www.europesays.com\/fr\/wp-json\/wp\/v2\/media?parent=589836"}],"wp:term":[{"taxonomy":"category","embeddable":true,"href":"https:\/\/www.europesays.com\/fr\/wp-json\/wp\/v2\/categories?post=589836"},{"taxonomy":"post_tag","embeddable":true,"href":"https:\/\/www.europesays.com\/fr\/wp-json\/wp\/v2\/tags?post=589836"}],"curies":[{"name":"wp","href":"https:\/\/api.w.org\/{rel}","templated":true}]}}