{"id":589838,"date":"2025-12-10T03:47:27","date_gmt":"2025-12-10T03:47:27","guid":{"rendered":"https:\/\/www.europesays.com\/fr\/589838\/"},"modified":"2025-12-10T03:47:27","modified_gmt":"2025-12-10T03:47:27","slug":"a-lyon-des-slogans-contre-lextreme-droite-sinvitent-a-la-fete-des-lumieres","status":"publish","type":"post","link":"https:\/\/www.europesays.com\/fr\/589838\/","title":{"rendered":"\u00e0 Lyon, des slogans contre l&rsquo;extr\u00eame-droite s&rsquo;invitent \u00e0 la f\u00eate des Lumi\u00e8res"},"content":{"rendered":"<p>Ce week-end, au c\u0153ur de la f\u00eate des Lumi\u00e8res de Lyon, des slogans contre l\u2019extr\u00eame-droite, la militarisation, et les violences polici\u00e8res ont soudainement fait irruption, projet\u00e9s sur des illuminations. Avec cette action, revendiqu\u00e9e par les Soul\u00e8vements de la Terre, on a ainsi pu lire \u00ab\u00a0Sainte Soline, ni oubli, ni pardon\u00a0\u00bb, \u00ab\u00a0on d\u00e9gage le RN\u00a0\u00bb ou encore \u00ab\u00a0Non \u00e0 l\u2019Etat policier\u00a0\u00bb, et \u00ab\u00a0la police blesse et tue\u00a0\u00bb au milieu de cette f\u00eate, vitrine commerciale pour la mairie de Lyon.<\/p>\n<p>Depuis 25 ans, cet \u00e9v\u00e9nement embl\u00e9matique de Lyon r\u00e9unit en effet des milliers voire des millions de visiteurs et visiteuses comme cette ann\u00e9e. Cette action r\u00e9alis\u00e9e malgr\u00e9 un dispositif policier omnipr\u00e9sent, arrive un mois apr\u00e8s la <a href=\"https:\/\/www.mediapart.fr\/journal\/france\/dossier\/megabassines-la-guerre-de-l-eau\" class=\"spip_out\" rel=\"noopener noreferrer external\" target=\"_blank\">publication par Mediapart<\/a> des vid\u00e9os montrant la violente r\u00e9pression polici\u00e8re de la manifestation contre les m\u00e9ga-bassines de mars 2023 \u00e0 Sainte-Soline, \u00e0 l\u2019appel notamment des Soul\u00e8vements de la Terre.<\/p>\n<p>L\u2019action a imm\u00e9diatement suscit\u00e9 une pol\u00e9mique, les politiciens locaux s\u2019offusquant des slogans rappelant la r\u00e9alit\u00e9 des violences polici\u00e8res. \u00c0 cet \u00e9gard, Gr\u00e9gory Doucet, le maire de Lyon a d\u00e9nonc\u00e9 des <a href=\"https:\/\/www.leparisien.fr\/faits-divers\/la-police-blesse-et-tue-le-maire-de-lyon-condamne-des-messages-projetes-pendant-la-fete-des-lumieres-06-12-2025-WUGN7CBVKFG7RCXAJZBTWUMI6Y.php\" class=\"spip_out\" rel=\"noopener noreferrer external\" target=\"_blank\">\u00ab\u00a0propos violents envers les forces de police qui participent \u00e0 la s\u00e9curit\u00e9 des Lyonnais et des visiteurs pour la F\u00eate des Lumi\u00e8res\u00a0\u00bb<\/a> quand le candidat de la droite et de la macronie aux municipales, Jean-Michel Aulas a ridiculement dramatis\u00e9 la situation, d\u00e9clarant qu\u2019il s\u2019agit de \u00ab\u00a0propos insupportables contre la police\u00a0\u00bb, \u00ab\u00a0une atteinte grave \u00e0 nos institutions et un message dangereux qui salit celles et ceux qui prot\u00e8gent les Lyonnais chaque jour\u00a0\u00bb. Des r\u00e9actions qui rappellent que, si les deux politiciens surjouent leurs diff\u00e9rences dans le cadre des \u00e9lections, ils sont bien align\u00e9s sur la d\u00e9fense de l\u2019appareil r\u00e9pressif.<\/p>\n<p>Les Soul\u00e8vements de la Terre ont aussi projet\u00e9 des slogans anti-militaristes comme \u00ab\u00a0no to war, no to fascism\u00a0\u00bb (\u00ab\u00a0non \u00e0 la guerre, non au fascime\u00a0\u00bb), particuli\u00e8rement importants dans une p\u00e9riode o\u00f9 l\u2019extr\u00eame-droite monte tandis que le gouvernement veut pr\u00e9parer les esprits \u00e0 l\u2019effort de guerre. En effet, Macron vient d\u2019annoncer l\u2019instauration d\u2019un service militaire volontaire de 10 mois, <a href=\"https:\/\/www.defense.gouv.fr\/actualites\/service-national-ce-quil-faut-retenir-lannonce-du-president-republique\" class=\"spip_out\" rel=\"noopener noreferrer external\" target=\"_blank\">qui commencera \u00e0 l\u2019\u00e9t\u00e9 2026<\/a>. et la <a href=\"https:\/\/www.info.gouv.fr\/actualite\/la-loi-de-programmation-militaire-quest-ce-que-cest\" class=\"spip_out\" rel=\"noopener noreferrer external\" target=\"_blank\">loi de programmation militaire pr\u00e9voit une hausse de 40% du budget de la d\u00e9fense par rapport \u00e0 la p\u00e9riode 2019-2025<\/a>. Face au soutien unanime de la militarisation dans la classe politique, cette action \u00e9tait donc plus qu\u2019importante.<\/p>\n<p>Dans le m\u00eame sens, des slogans projet\u00e9s comme \u00ab\u00a0Dimanche, on annule le meeting du RN\u00a0\u00bb faisaient directement allusion au lancement de campagne de la candidate d\u2019extr\u00eame-droite Tiffany Joncour, en lice pour la M\u00e9tropole de Lyon, qui faisait son premier meeting dimanche aux c\u00f4t\u00e9s de Julien Odoul. Tiffany Joncour entretient des liens \u00e9troits avec le groupuscule d\u2019extr\u00eame droite identitaire Remparts\u00a0: en juillet 2024, StreetPress r\u00e9v\u00e9lait que des membres de Remparts avaient coll\u00e9 des affiches pour sa campagne dans la <a href=\"https:\/\/www.streetpress.com\/sujet\/1720011667-rhone-groupuscules-identitaires-violents-rassemblement-national-extreme-droite-tiffany-joncour-lyon\" class=\"spip_out\" rel=\"noopener noreferrer external\" target=\"_blank\">13e circonscription du Rh\u00f4ne<\/a>. Ce meeting, organis\u00e9 ce dimanche aux Terrasses du Parc \u00e0 Villeurbanne, a \u00e9t\u00e9 accueilli par une forte contestation\u00a0: malgr\u00e9 <a href=\"https:\/\/www.lyonmag.com\/article\/148763\/villeurbanne-la-prefecture-interdit-tout-rassemblement-autour-du-meeting-du-rn\" class=\"spip_out\" rel=\"noopener noreferrer external\" target=\"_blank\">l\u2019interdiction par la pr\u00e9fecture du Rh\u00f4ne<\/a> pr\u00e8s de <a href=\"https:\/\/www.instagram.com\/p\/DR_6LBlDdsk\/?img_index=1\" class=\"spip_out\" rel=\"noopener noreferrer external\" target=\"_blank\">400 personnes se sont rassembl\u00e9es<\/a> devant le lieu pour emp\u00eacher sa tenue et <a href=\"https:\/\/x.com\/lepoinglevelyon\/status\/1997958738666545433?s=20\" class=\"spip_out\" rel=\"noopener noreferrer external\" target=\"_blank\">signifier leur refus de la pr\u00e9sence du RN dans la M\u00e9tropole lyonnaise<\/a>. Alors que l\u2019extr\u00eame-droite tente de s\u2019implanter d\u00e9finitivement \u00e0 Lyon comme ailleurs, cette action nous rappelle qu\u2019il faut lutter dans la rue et par la mobilisation contre leurs id\u00e9es r\u00e9actionnaires\u00a0!<\/p>\n<p><script async src=\"\/\/www.instagram.com\/embed.js\"><\/script><\/p>\n","protected":false},"excerpt":{"rendered":"Ce week-end, au c\u0153ur de la f\u00eate des Lumi\u00e8res de Lyon, des slogans contre l\u2019extr\u00eame-droite, la militarisation, et&hellip;\n","protected":false},"author":2,"featured_media":589839,"comment_status":"","ping_status":"","sticky":false,"template":"","format":"standard","meta":{"footnotes":""},"categories":[1889],"tags":[1111,11,2430,1777,674,1011,27,2428,12,25],"class_list":{"0":"post-589838","1":"post","2":"type-post","3":"status-publish","4":"format-standard","5":"has-post-thumbnail","7":"category-lyon","8":"tag-actu","9":"tag-actualites","10":"tag-auvergne-rhone-alpes","11":"tag-eu","12":"tag-europe","13":"tag-fr","14":"tag-france","15":"tag-lyon","16":"tag-news","17":"tag-republique-francaise"},"share_on_mastodon":{"url":"https:\/\/pubeurope.com\/@fr\/115693226782619770","error":""},"_links":{"self":[{"href":"https:\/\/www.europesays.com\/fr\/wp-json\/wp\/v2\/posts\/589838","targetHints":{"allow":["GET"]}}],"collection":[{"href":"https:\/\/www.europesays.com\/fr\/wp-json\/wp\/v2\/posts"}],"about":[{"href":"https:\/\/www.europesays.com\/fr\/wp-json\/wp\/v2\/types\/post"}],"author":[{"embeddable":true,"href":"https:\/\/www.europesays.com\/fr\/wp-json\/wp\/v2\/users\/2"}],"replies":[{"embeddable":true,"href":"https:\/\/www.europesays.com\/fr\/wp-json\/wp\/v2\/comments?post=589838"}],"version-history":[{"count":0,"href":"https:\/\/www.europesays.com\/fr\/wp-json\/wp\/v2\/posts\/589838\/revisions"}],"wp:featuredmedia":[{"embeddable":true,"href":"https:\/\/www.europesays.com\/fr\/wp-json\/wp\/v2\/media\/589839"}],"wp:attachment":[{"href":"https:\/\/www.europesays.com\/fr\/wp-json\/wp\/v2\/media?parent=589838"}],"wp:term":[{"taxonomy":"category","embeddable":true,"href":"https:\/\/www.europesays.com\/fr\/wp-json\/wp\/v2\/categories?post=589838"},{"taxonomy":"post_tag","embeddable":true,"href":"https:\/\/www.europesays.com\/fr\/wp-json\/wp\/v2\/tags?post=589838"}],"curies":[{"name":"wp","href":"https:\/\/api.w.org\/{rel}","templated":true}]}}