{"id":589844,"date":"2025-12-10T03:51:19","date_gmt":"2025-12-10T03:51:19","guid":{"rendered":"https:\/\/www.europesays.com\/fr\/589844\/"},"modified":"2025-12-10T03:51:19","modified_gmt":"2025-12-10T03:51:19","slug":"emmanuel-gregoire-ps-veut-proposer-un-scenario-de-vente-du-parc-des-princes-au-psg","status":"publish","type":"post","link":"https:\/\/www.europesays.com\/fr\/589844\/","title":{"rendered":"Emmanuel Gr\u00e9goire (PS) veut proposer \u00abun sc\u00e9nario de vente\u00bb du Parc des Princes au PSG"},"content":{"rendered":"<p>\n    En ouvrant la porte \u00e0 une cession, le candidat socialiste prend le contre-pied de la sortante Anne Hidalgo, qui martelait que le stade n\u2019\u00e9tait \u00abpas \u00e0 vendre\u00bb.<\/p>\n<p class=\"fig-paragraph\">\u00abLe PSG, c\u2019est au Parc\u00bb, scandent depuis toujours les supporters du Paris Saint-Germain. Pour autant, le propri\u00e9taire du club, un fonds d\u2019investissement qatari, consid\u00e8re que l\u2019avenir s\u2019\u00e9crira ailleurs puisque la Ville refuse de lui vendre l\u2019enceinte de la porte de Saint-Cloud. Un dossier br\u00fblant, qui a\u00a0<a href=\"http:\/\/www.lefigaro.fr\/sports\/football\/ligue-1\/psg-vendre-non-mais-agrandir-oui-hidalgo-persiste-et-signe-sur-le-parc-des-princes-20250602\" data-fig-type=\"NewsFlash\" data-gtm-custom-categorie=\"navigation\" data-gtm-custom-action=\"crossclick\" data-gtm-custom-label=\"Contextuel\" data-gtm-event=\"customEventSPE\" data-fig-domain=\"LEFIGARO\" target=\"_blank\" rel=\"noopener\">oppos\u00e9 pendant des ann\u00e9es<\/a>\u00a0Nasser Al-Khela\u00effi, le pr\u00e9sident du club, \u00e0 Anne Hidalgo, la maire socialiste sortante qui r\u00e9p\u00e9tait que le Parc n\u2019\u00e9tait \u00abpas \u00e0 vendre\u00bb. Cette derni\u00e8re se voit aujourd\u2019hui contredite par son ex-premier adjoint,\u00a0<a href=\"http:\/\/www.lefigaro.fr\/politique\/municipales-2026-a-paris-bertrand-delanoe-assure-qu-il-va-s-engager-totalement-pour-emmanuel-gregoire-20251208\" data-fig-type=\"Article\" data-gtm-custom-categorie=\"navigation\" data-gtm-custom-action=\"crossclick\" data-gtm-custom-label=\"Contextuel\" data-gtm-event=\"customEventSPE\" data-fig-domain=\"LEFIGARO\" target=\"_blank\" rel=\"noopener\">Emmanuel Gr\u00e9goire<\/a>, en lice pour les municipales de 2026, et dont elle avait soutenu l\u2019adversaire lors de la primaire de d\u00e9signation interne au PS.<\/p>\n<p>                                            \u00abSortir des postures\u00bb<\/p>\n<p class=\"fig-paragraph\">Dans un entretien \u00e0 L\u2019\u00c9quipe publi\u00e9 lundi soir, le candidat veut notamment soumettre au vote \u00abun sc\u00e9nario de vente\u00bb au Conseil de Paris. \u00abIl faut sortir des postures pour trouver une issue au dossier. Je souhaite que le PSG reste au Parc et je consid\u00e8re que le Conseil de Paris est souverain pour d\u00e9cider. Mon sujet, c\u2019est donc de mettre toutes les options sur la table et construire le chemin avec le PSG afin que le club et la repr\u00e9sentation parisienne soient satisfaits\u00bb, indique-t-il, en rappelant que l\u2019\u00abobjectif commun\u00bb devait rester le m\u00eame\u00a0: \u00abQue le PSG reste au Parc\u00bb. Il rejoint ainsi la position de\u00a0<a href=\"http:\/\/www.lefigaro.fr\/politique\/une-bonne-nouvelle-dati-se-felicite-d-etre-donnee-en-tete-aux-municipales-a-paris-20251105\" data-fig-type=\"NewsFlash\" data-gtm-custom-categorie=\"navigation\" data-gtm-custom-action=\"crossclick\" data-gtm-custom-label=\"Contextuel\" data-gtm-event=\"customEventSPE\" data-fig-domain=\"LEFIGARO\" target=\"_blank\" rel=\"noopener\">Rachida Dati<\/a>, la t\u00eate liste LR qui ne veut, elle non plus, ne \u00abfermer aucune porte\u00bb, y compris celle de la cession.<\/p>\n<p>                                            <a class=\"fig-a11y-skip\" href=\"#fig-a11y-skip-main-inarticle\" data-module=\"a11y-skip\" data-context=\"was @visible\"><br \/>\n    Passer la publicit\u00e9<br \/>\n<\/a>            <\/p>\n<p class=\"fig-paragraph\">Dans le sc\u00e9nario d\u2019une vente, Emmanuel Gr\u00e9goire entend n\u00e9anmoins imposer des \u00abclauses\u00bb. \u00abEn cas d\u2019arr\u00eat d\u2019activit\u00e9, de faillite du PSG ou d\u2019extinction des activit\u00e9s sportives, le Parc des Princes devra imp\u00e9rativement rester un stade de foot en ext\u00e9rieur\u00bb, propose-t-il. Le candidat socialiste consid\u00e8re \u00e9galement que \u00abtoute transformation majeure du Parc et de ses alentours (devra) n\u00e9cessiter une modification pr\u00e9alable du plan local d\u2019urbanisme\u00bb, alors que la direction du club avait pour ambition d\u2019agrandir le stade en cas de vente. L\u2019ex-premier adjoint propose enfin \u00abla couverture d\u2019une partie du p\u00e9riph\u00e9rique afin de faire na\u00eetre un grand jardin connect\u00e9 \u00e0 la Porte de Saint-Cloud\u00bb.<\/p>\n","protected":false},"excerpt":{"rendered":"En ouvrant la porte \u00e0 une cession, le candidat socialiste prend le contre-pied de la sortante Anne Hidalgo,&hellip;\n","protected":false},"author":2,"featured_media":589845,"comment_status":"","ping_status":"","sticky":false,"template":"","format":"standard","meta":{"footnotes":""},"categories":[1888],"tags":[1111,1928,11,1927,70299,8186,1777,674,1011,27,66,12,1926,626,1925,3541,93,25],"class_list":{"0":"post-589844","1":"post","2":"type-post","3":"status-publish","4":"format-standard","5":"has-post-thumbnail","7":"category-paris","8":"tag-actu","9":"tag-actu-paris","10":"tag-actualites","11":"tag-actualites-paris","12":"tag-date-municipales-paris","13":"tag-emmanuel-gregoire","14":"tag-eu","15":"tag-europe","16":"tag-fr","17":"tag-france","18":"tag-ligue-1","19":"tag-news","20":"tag-news-paris","21":"tag-paris","22":"tag-paris-news","23":"tag-parti-socialiste","24":"tag-psg","25":"tag-republique-francaise"},"share_on_mastodon":{"url":"https:\/\/pubeurope.com\/@fr\/115693242924084031","error":""},"_links":{"self":[{"href":"https:\/\/www.europesays.com\/fr\/wp-json\/wp\/v2\/posts\/589844","targetHints":{"allow":["GET"]}}],"collection":[{"href":"https:\/\/www.europesays.com\/fr\/wp-json\/wp\/v2\/posts"}],"about":[{"href":"https:\/\/www.europesays.com\/fr\/wp-json\/wp\/v2\/types\/post"}],"author":[{"embeddable":true,"href":"https:\/\/www.europesays.com\/fr\/wp-json\/wp\/v2\/users\/2"}],"replies":[{"embeddable":true,"href":"https:\/\/www.europesays.com\/fr\/wp-json\/wp\/v2\/comments?post=589844"}],"version-history":[{"count":0,"href":"https:\/\/www.europesays.com\/fr\/wp-json\/wp\/v2\/posts\/589844\/revisions"}],"wp:featuredmedia":[{"embeddable":true,"href":"https:\/\/www.europesays.com\/fr\/wp-json\/wp\/v2\/media\/589845"}],"wp:attachment":[{"href":"https:\/\/www.europesays.com\/fr\/wp-json\/wp\/v2\/media?parent=589844"}],"wp:term":[{"taxonomy":"category","embeddable":true,"href":"https:\/\/www.europesays.com\/fr\/wp-json\/wp\/v2\/categories?post=589844"},{"taxonomy":"post_tag","embeddable":true,"href":"https:\/\/www.europesays.com\/fr\/wp-json\/wp\/v2\/tags?post=589844"}],"curies":[{"name":"wp","href":"https:\/\/api.w.org\/{rel}","templated":true}]}}