{"id":589851,"date":"2025-12-10T03:55:26","date_gmt":"2025-12-10T03:55:26","guid":{"rendered":"https:\/\/www.europesays.com\/fr\/589851\/"},"modified":"2025-12-10T03:55:26","modified_gmt":"2025-12-10T03:55:26","slug":"pour-le-pape-leon-xiv-chercher-un-accord-de-paix-en-ukraine-sans-inclure-leurope-nest-pas-realiste","status":"publish","type":"post","link":"https:\/\/www.europesays.com\/fr\/589851\/","title":{"rendered":"Pour le pape L\u00e9on XIV, \u00abchercher un accord de paix\u00bb en Ukraine sans inclure l\u2019Europe n\u2019est \u00abpas r\u00e9aliste\u00bb"},"content":{"rendered":"<p>\n    Le souverain Pontife a re\u00e7u le pr\u00e9sident ukrainien Volodymyr Zelensky dans sa r\u00e9sidence de Castel Gandolfo ce mardi. L\u2019occasion pour lui d\u2019\u00e9voquer la guerre en Ukraine.<\/p>\n<p class=\"fig-paragraph\">Le pape\u00a0<a href=\"http:\/\/www.lefigaro.fr\/international\/droits-de-l-homme-le-pape-ne-restera-pas-les-bras-croises-face-aux-graves-inegalites-et-aux-injustices-20251206\" data-fig-type=\"NewsFlash\" data-gtm-custom-categorie=\"navigation\" data-gtm-custom-action=\"crossclick\" data-gtm-custom-label=\"Contextuel\" data-gtm-event=\"customEventSPE\" data-fig-domain=\"LEFIGARO\" target=\"_blank\" rel=\"noopener\">L\u00e9on XIV<\/a>\u00a0a estim\u00e9 mardi qu&rsquo;il n&rsquo;\u00e9tait \u00abpas r\u00e9aliste\u00bb de chercher \u00e0 obtenir la paix pour l&rsquo;<a href=\"http:\/\/www.lefigaro.fr\/international\/guerre-en-ukraine-volodymyr-zelensky-rencontre-le-pape-leon-xiv-avant-un-entretien-avec-giorgia-meloni-20251209\" data-fig-type=\"NewsFlash\" data-gtm-custom-categorie=\"navigation\" data-gtm-custom-action=\"crossclick\" data-gtm-custom-label=\"Contextuel\" data-gtm-event=\"customEventSPE\" data-fig-domain=\"LEFIGARO\" target=\"_blank\" rel=\"noopener\">Ukraine<\/a>\u00a0sans l&rsquo;Europe et que le plan pr\u00e9sent\u00e9 par Donald Trump risquait d&rsquo;entra\u00eener un \u00ab\u00e9norme changement\u00bb dans l&rsquo;Alliance atlantique. Il a \u00e9galement mis en garde contre des d\u00e9clarations qui pouvaient \u00abtenter de rompre ce que je pense devoir \u00eatre une alliance tr\u00e8s importante aujourd&rsquo;hui comme \u00e0 l&rsquo;avenir\u00bb.<\/p>\n<p class=\"fig-paragraph\">L\u00e9on XIV, qui a re\u00e7u mardi le pr\u00e9sident ukrainien Volodymyr Zelensky dans sa r\u00e9sidence de Castel Gandolfo, a dit aux journalistes n&rsquo;avoir pas lu les propositions am\u00e9ricaines dans leur int\u00e9gralit\u00e9. \u00abMalheureusement, certaines des parties que j&rsquo;ai lues apportent un \u00e9norme changement dans ce qui \u00e9tait depuis de nombreuses ann\u00e9es une v\u00e9ritable alliance entre l&rsquo;Europe et les \u00c9tats-Unis\u00bb, a-t-il d\u00e9clar\u00e9.<\/p>\n<p>                                            <a class=\"fig-a11y-skip\" href=\"#fig-a11y-skip-main-inarticle\" data-module=\"a11y-skip\" data-context=\"was @visible\"><br \/>\n    Passer la publicit\u00e9<br \/>\n<\/a>            <\/p>\n<p>                                            L\u00e9on XIV \u00abesp\u00e8re\u00bb se rendre en Ukraine<\/p>\n<p class=\"fig-paragraph\">\u00abLes remarques qui sont faites par ailleurs dans des interviews r\u00e9centes \u00e0 propos de l&rsquo;Europe tentent de rompre ce que je pense devoir \u00eatre une alliance tr\u00e8s importante aujourd&rsquo;hui et \u00e0 l&rsquo;avenir\u00bb, a ajout\u00e9 le pape am\u00e9ricain. \u00abChercher un accord de paix sans inclure l&rsquo;Europe dans les discussions n&rsquo;est, permettez-moi de le dire, pas r\u00e9aliste\u00bb, a-t-il poursuivi.<\/p>\n<p class=\"fig-paragraph\">\u00abLa guerre est en Europe et je pense que l&rsquo;Europe doit \u00eatre partie prenante des garanties dont nous avons besoin pour la s\u00e9curit\u00e9, aujourd&rsquo;hui comme \u00e0 l&rsquo;avenir\u00bb. Enfin, interrog\u00e9 sur la possibilit\u00e9 pour lui d&rsquo;accepter l&rsquo;invitation de Volodymyr Zelensky \u00e0 se rendre en Ukraine, il a r\u00e9pondu \u00abJe l&rsquo;esp\u00e8re\u00bb mais a ajout\u00e9 qu&rsquo;il \u00e9tait impossible de pr\u00e9voir quand un tel voyage pourrait se faire.<\/p>\n","protected":false},"excerpt":{"rendered":"Le souverain Pontife a re\u00e7u le pr\u00e9sident ukrainien Volodymyr Zelensky dans sa r\u00e9sidence de Castel Gandolfo ce mardi.&hellip;\n","protected":false},"author":2,"featured_media":589852,"comment_status":"","ping_status":"","sticky":false,"template":"","format":"standard","meta":{"footnotes":""},"categories":[1590],"tags":[11,1777,674,131,19741,12,2403,220],"class_list":{"0":"post-589851","1":"post","2":"type-post","3":"status-publish","4":"format-standard","5":"has-post-thumbnail","7":"category-ukraine","8":"tag-actualites","9":"tag-eu","10":"tag-europe","11":"tag-guerre-en-ukraine","12":"tag-leon-xiv","13":"tag-news","14":"tag-paix","15":"tag-ukraine"},"share_on_mastodon":{"url":"https:\/\/pubeurope.com\/@fr\/115693258243367827","error":""},"_links":{"self":[{"href":"https:\/\/www.europesays.com\/fr\/wp-json\/wp\/v2\/posts\/589851","targetHints":{"allow":["GET"]}}],"collection":[{"href":"https:\/\/www.europesays.com\/fr\/wp-json\/wp\/v2\/posts"}],"about":[{"href":"https:\/\/www.europesays.com\/fr\/wp-json\/wp\/v2\/types\/post"}],"author":[{"embeddable":true,"href":"https:\/\/www.europesays.com\/fr\/wp-json\/wp\/v2\/users\/2"}],"replies":[{"embeddable":true,"href":"https:\/\/www.europesays.com\/fr\/wp-json\/wp\/v2\/comments?post=589851"}],"version-history":[{"count":0,"href":"https:\/\/www.europesays.com\/fr\/wp-json\/wp\/v2\/posts\/589851\/revisions"}],"wp:featuredmedia":[{"embeddable":true,"href":"https:\/\/www.europesays.com\/fr\/wp-json\/wp\/v2\/media\/589852"}],"wp:attachment":[{"href":"https:\/\/www.europesays.com\/fr\/wp-json\/wp\/v2\/media?parent=589851"}],"wp:term":[{"taxonomy":"category","embeddable":true,"href":"https:\/\/www.europesays.com\/fr\/wp-json\/wp\/v2\/categories?post=589851"},{"taxonomy":"post_tag","embeddable":true,"href":"https:\/\/www.europesays.com\/fr\/wp-json\/wp\/v2\/tags?post=589851"}],"curies":[{"name":"wp","href":"https:\/\/api.w.org\/{rel}","templated":true}]}}