{"id":589856,"date":"2025-12-10T03:58:22","date_gmt":"2025-12-10T03:58:22","guid":{"rendered":"https:\/\/www.europesays.com\/fr\/589856\/"},"modified":"2025-12-10T03:58:22","modified_gmt":"2025-12-10T03:58:22","slug":"allemagne-friedrich-merz-annonce-vouloir-mettre-fin-aux-controles-aux-frontieres","status":"publish","type":"post","link":"https:\/\/www.europesays.com\/fr\/589856\/","title":{"rendered":"Allemagne\u00a0: Friedrich Merz annonce vouloir mettre fin aux contr\u00f4les aux fronti\u00e8res"},"content":{"rendered":"<p>Alors que l\u2019Union europ\u00e9enne a d\u00e9cid\u00e9 de durcir sa politique migratoire, ce lundi 8\u00a0d\u00e9cembre 2025, le chancelier Friedrich Merz a annonc\u00e9 ce mardi pr\u00e9voir la fin des <a href=\"https:\/\/maubeuge.maville.com\/actu\/actudet_-reportage.-les-controles-a-la-frontiere-allemande-chamboulent-le-quotidien-des-strasbourgeois-_54135-6887943_actu.Htm\" target=\"_self\" rel=\"noopener\">contr\u00f4les aux fronti\u00e8res<\/a> de l\u2019<a href=\"https:\/\/rennes.maville.com\/actu\/actudet_-en-allemagne-le-parlement-adopte-le-projet-controverse-d-un-nouveau-service-militaire-volontaire-_54135-7096107_actu.Htm\" target=\"_self\" rel=\"noopener\">Allemagne<\/a>.<\/p>\n<p>Une politique devenue europ\u00e9enne<\/p>\n<p>Gr\u00e2ce \u00e0 la politique commune en mati\u00e8re d\u2019asile, <strong>\u00ab\u00a0nous parvenons \u00e9galement \u00e0 d\u00e9placer les contr\u00f4les aux fronti\u00e8res ext\u00e9rieures de l\u2019Europe\u00a0\u00bb,<\/strong> a-t-il d\u00e9clar\u00e9 lors de sa visite \u00e0 Mayence (sud-ouest), comme le rapporte l\u2019Agence France-Presse (AFP).<\/p>\n<p>Alors, <strong>\u00ab\u00a0ce que j\u2019ai toujours pr\u00e9conis\u00e9, \u00e0 savoir la cr\u00e9ation d\u2019un espace sans fronti\u00e8res int\u00e9rieures au sein de l\u2019Union europ\u00e9enne\u00a0\u00bb <\/strong>sera r\u00e9tabli, a ajout\u00e9 le chancelier conservateur.<\/p>\n<p>\u00ab\u00a0Une mesure provisoire\u00a0\u00bb lev\u00e9e<\/p>\n<p>Sous pression de la droite et de l\u2019extr\u00eame droite, les ministres de l\u2019Int\u00e9rieur des 27\u00a0pays membres ont adopt\u00e9 ce lundi 8\u00a0d\u00e9cembre toute une s\u00e9rie de textes pour encadrer plus strictement les arriv\u00e9es et les renvois de migrants, ouvrant notamment la voie \u00e0 des centres d\u2019accueil situ\u00e9s hors de l\u2019UE. Le Parlement europ\u00e9en doit encore donner son aval \u00e0 ces mesures.<\/p>\n<p><a href=\"https:\/\/rennes.maville.com\/actu\/actudet_-friedrich-merz-appelle-l-autorite-palestinienne-a-des-reformes-pour-pouvoir-jouer-un-role-dans-l-apres-guerre-a-gaza-_54135-7097178_actu.Htm\" target=\"_self\" rel=\"noopener\">Friedrich Merz<\/a> a affirm\u00e9 avoir <strong>\u00ab\u00a0toujours consid\u00e9r\u00e9 les contr\u00f4les aux fronti\u00e8res comme une mesure provisoire et \u00e0 effet limit\u00e9\u00a0\u00bb.<\/strong>\u00a0<strong>\u00ab\u00a0Si une politique europ\u00e9enne commune en mati\u00e8re d\u2019asile est d\u00e9sormais mise en place dans l\u2019Union europ\u00e9enne, c\u2019est exactement ce que nous avons toujours voulu.\u00a0\u00bb<\/strong><\/p>\n<p><strong>Lire aussi\u00a0: <\/strong> <a href=\"https:\/\/rennes.maville.com\/actu\/actudet_-le-chancelier-allemand-juge-inacceptables-certaines-parties-de-la-strategie-de-securite-de-donald-trump-_54135-7101128_actu.Htm\" target=\"_self\" rel=\"noopener\">Le chancelier allemand juge \u00ab\u00a0inacceptables\u00a0\u00bb certaines parties de la strat\u00e9gie de s\u00e9curit\u00e9 de Donald Trump<\/a><\/p>\n<p>\u00ab\u00a0Les chiffres nous donnent raison\u00a0\u00bb<\/p>\n<p>Le 7\u00a0mai dernier, le ministre allemand de l\u2019Int\u00e9rieur, Alexander Dobrindt, avait instaur\u00e9 des <a href=\"https:\/\/rennes.maville.com\/actu\/actudet_-controlee-a-la-frontiere-une-francaise-incarceree-en-allemagne-a-cause-d-une-amende-non-reglee-_53511-6926331_actu.Htm\" target=\"_self\" rel=\"noopener\">contr\u00f4les renforc\u00e9s \u00e0 toutes les fronti\u00e8res allemandes<\/a>, provoquant agacement et m\u00e9contentement parmi les neuf pays voisins.<\/p>\n<p>Concr\u00e8tement, il avait ordonn\u00e9 \u00e0 <a href=\"https:\/\/maubeuge.maville.com\/actu\/actudet_-dans-l-ue-le-retour-des-controles-aux-frontieres-bouscule-l-espace-schengen-_54135-6903772_actu.Htm\" target=\"_self\" rel=\"noopener\">la police des fronti\u00e8res<\/a> de refouler les demandeurs d\u2019asile sans papiers, <strong>\u00ab\u00a0sauf les groupes vuln\u00e9rables, comme les enfants et les femmes enceintes\u00a0\u00bb.<\/strong>\u00a0<strong>\u00ab\u00a0Les chiffres nous donnent raison,<\/strong> a dit le chancelier allemand. <strong>Nous avons pu consid\u00e9rablement diminuer le nombre des demandeurs d\u2019asile en Allemagne.\u00a0\u00bb<\/strong>\u00a0<\/p>\n<p><strong>Lire aussi\u00a0: <\/strong> <a href=\"https:\/\/rennes.maville.com\/actu\/actudet_-kiev-et-les-europeens-serrent-les-rangs-face-a-l-axe-moscou-washington-_53511-7099860_actu.Htm\" target=\"_self\" rel=\"noopener\">Kiev et les Europ\u00e9ens serrent les rangs face \u00e0 l\u2019axe Moscou-Washington<\/a><\/p>\n<p>D\u00e8s son arriv\u00e9e au pouvoir \u00e0 Berlin en mai dernier, la coalition conservatrice et sociale-d\u00e9mocrate de Friedrich Merz avait op\u00e9r\u00e9 un tour de vis sur l\u2019immigration, un sujet dominant des l\u00e9gislatives allemandes apr\u00e8s une s\u00e9rie d\u2019attaques commises par des \u00e9trangers, dans un contexte de mont\u00e9e de l\u2019extr\u00eame droite.<\/p>\n<p>\u00a0<\/p>\n","protected":false},"excerpt":{"rendered":"Alors que l\u2019Union europ\u00e9enne a d\u00e9cid\u00e9 de durcir sa politique migratoire, ce lundi 8\u00a0d\u00e9cembre 2025, le chancelier Friedrich&hellip;\n","protected":false},"author":2,"featured_media":589857,"comment_status":"","ping_status":"","sticky":false,"template":"","format":"standard","meta":{"footnotes":""},"categories":[1587],"tags":[11,672,2562,1804,10787,1805,1803,1777,674,5729,18612,6430,1801,18613,7557,12,584,1802],"class_list":{"0":"post-589856","1":"post","2":"type-post","3":"status-publish","4":"format-standard","5":"has-post-thumbnail","7":"category-allemagne","8":"tag-actualites","9":"tag-allemagne","10":"tag-annonce","11":"tag-bundesrepublik-deutschland","12":"tag-controles","13":"tag-de","14":"tag-deutschland","15":"tag-eu","16":"tag-europe","17":"tag-fin","18":"tag-friedrich","19":"tag-frontieres","20":"tag-germany","21":"tag-merz","22":"tag-mettre","23":"tag-news","24":"tag-rennes","25":"tag-republique-federale-dallemagne"},"share_on_mastodon":{"url":"https:\/\/pubeurope.com\/@fr\/115693270111314292","error":""},"_links":{"self":[{"href":"https:\/\/www.europesays.com\/fr\/wp-json\/wp\/v2\/posts\/589856","targetHints":{"allow":["GET"]}}],"collection":[{"href":"https:\/\/www.europesays.com\/fr\/wp-json\/wp\/v2\/posts"}],"about":[{"href":"https:\/\/www.europesays.com\/fr\/wp-json\/wp\/v2\/types\/post"}],"author":[{"embeddable":true,"href":"https:\/\/www.europesays.com\/fr\/wp-json\/wp\/v2\/users\/2"}],"replies":[{"embeddable":true,"href":"https:\/\/www.europesays.com\/fr\/wp-json\/wp\/v2\/comments?post=589856"}],"version-history":[{"count":0,"href":"https:\/\/www.europesays.com\/fr\/wp-json\/wp\/v2\/posts\/589856\/revisions"}],"wp:featuredmedia":[{"embeddable":true,"href":"https:\/\/www.europesays.com\/fr\/wp-json\/wp\/v2\/media\/589857"}],"wp:attachment":[{"href":"https:\/\/www.europesays.com\/fr\/wp-json\/wp\/v2\/media?parent=589856"}],"wp:term":[{"taxonomy":"category","embeddable":true,"href":"https:\/\/www.europesays.com\/fr\/wp-json\/wp\/v2\/categories?post=589856"},{"taxonomy":"post_tag","embeddable":true,"href":"https:\/\/www.europesays.com\/fr\/wp-json\/wp\/v2\/tags?post=589856"}],"curies":[{"name":"wp","href":"https:\/\/api.w.org\/{rel}","templated":true}]}}