{"id":589860,"date":"2025-12-10T04:01:01","date_gmt":"2025-12-10T04:01:01","guid":{"rendered":"https:\/\/www.europesays.com\/fr\/589860\/"},"modified":"2025-12-10T04:01:01","modified_gmt":"2025-12-10T04:01:01","slug":"lue-durcit-les-regles-sur-limmigration-un-demi-succes-pour-giorgia-meloni","status":"publish","type":"post","link":"https:\/\/www.europesays.com\/fr\/589860\/","title":{"rendered":"L\u2019UE durcit les r\u00e8gles sur l\u2019immigration, un demi-succ\u00e8s pour Giorgia Meloni"},"content":{"rendered":"<p>Lors de leur r\u00e9union de lundi, les ministres europ\u00e9ens de l\u2019Int\u00e9rieur ont propos\u00e9 <a class=\"Link \" href=\"https:\/\/www.lopinion.fr\/international\/ue-vers-un-durcissement-de-la-politique-migratoire-et-la-creation-de-hubs-de-retour\" data-cms-ai=\"0\" target=\"_blank\" rel=\"noopener\">une s\u00e9rie de modifications majeures<\/a> aux proc\u00e9dures d\u2019asile et de gestion des flux migratoires, qui entreront dans l\u2019architecture du pacte des Vingt-Sept pr\u00e9vu pour 2026. Pour l\u2019Italie, en premi\u00e8re ligne dans l\u2019accueil des arriv\u00e9es par mer, ces changements sont significatifs, car l\u2019immigration reste l<a class=\"Link \" href=\"https:\/\/www.lopinion.fr\/international\/pour-meloni-les-centres-de-migrants-en-albanie-virent-au-cauchemar-juridique\" data-cms-ai=\"0\" target=\"_blank\" rel=\"noopener\">\u2019un des points faibles <\/a> du bilan du gouvernement Meloni. Elue entre autres sur la promesse d\u2019un serrage de vis, la droite avait d\u2019abord assist\u00e9 \u00e0 une forte hausse des arriv\u00e9es en 2023 (152\u202f890), avant un repli autour de 65\u202f000 en 2024 et 2025. Rome avait aussi mis\u00e9 sur des centres de d\u00e9tention et de retour en Albanie pour externaliser la gestion des flux, mais le dispositif s\u2019est r\u00e9v\u00e9l\u00e9 inefficace en raison de limites juridiques et de d\u00e9cisions de magistrats. Con\u00e7us pour traiter 3\u202f000 cas par mois, les centres ont accueilli tr\u00e8s peu de personnes depuis leur cr\u00e9ation. Autant dire que le r\u00e9sultat n\u2019est pas \u00e0 la hauteur pour un projet d\u2019un milliard d\u2019euros sur cinq ans. C\u2019est donc <a class=\"Link \" href=\"https:\/\/www.lopinion.fr\/international\/face-a-son-echec-meloni-veut-changer-la-destination-de-ses-centres-pour-migrants-en-albanie\" data-cms-ai=\"0\" target=\"_blank\" rel=\"noopener\">un \u00e9chec politique tr\u00e8s net <\/a> pour Meloni.<\/p>\n","protected":false},"excerpt":{"rendered":"Lors de leur r\u00e9union de lundi, les ministres europ\u00e9ens de l\u2019Int\u00e9rieur ont propos\u00e9 une s\u00e9rie de modifications majeures&hellip;\n","protected":false},"author":2,"featured_media":589861,"comment_status":"","ping_status":"","sticky":false,"template":"","format":"standard","meta":{"footnotes":""},"categories":[1586],"tags":[11,1777,674,1779,1011,27,12,25,1778,364],"class_list":{"0":"post-589860","1":"post","2":"type-post","3":"status-publish","4":"format-standard","5":"has-post-thumbnail","7":"category-europe","8":"tag-actualites","9":"tag-eu","10":"tag-europe","11":"tag-european-union","12":"tag-fr","13":"tag-france","14":"tag-news","15":"tag-republique-francaise","16":"tag-ue","17":"tag-union-europeenne"},"share_on_mastodon":{"url":"","error":""},"_links":{"self":[{"href":"https:\/\/www.europesays.com\/fr\/wp-json\/wp\/v2\/posts\/589860","targetHints":{"allow":["GET"]}}],"collection":[{"href":"https:\/\/www.europesays.com\/fr\/wp-json\/wp\/v2\/posts"}],"about":[{"href":"https:\/\/www.europesays.com\/fr\/wp-json\/wp\/v2\/types\/post"}],"author":[{"embeddable":true,"href":"https:\/\/www.europesays.com\/fr\/wp-json\/wp\/v2\/users\/2"}],"replies":[{"embeddable":true,"href":"https:\/\/www.europesays.com\/fr\/wp-json\/wp\/v2\/comments?post=589860"}],"version-history":[{"count":0,"href":"https:\/\/www.europesays.com\/fr\/wp-json\/wp\/v2\/posts\/589860\/revisions"}],"wp:featuredmedia":[{"embeddable":true,"href":"https:\/\/www.europesays.com\/fr\/wp-json\/wp\/v2\/media\/589861"}],"wp:attachment":[{"href":"https:\/\/www.europesays.com\/fr\/wp-json\/wp\/v2\/media?parent=589860"}],"wp:term":[{"taxonomy":"category","embeddable":true,"href":"https:\/\/www.europesays.com\/fr\/wp-json\/wp\/v2\/categories?post=589860"},{"taxonomy":"post_tag","embeddable":true,"href":"https:\/\/www.europesays.com\/fr\/wp-json\/wp\/v2\/tags?post=589860"}],"curies":[{"name":"wp","href":"https:\/\/api.w.org\/{rel}","templated":true}]}}