{"id":589863,"date":"2025-12-10T04:03:20","date_gmt":"2025-12-10T04:03:20","guid":{"rendered":"https:\/\/www.europesays.com\/fr\/589863\/"},"modified":"2025-12-10T04:03:20","modified_gmt":"2025-12-10T04:03:20","slug":"dans-les-transports-de-plus-en-plus-dagressions-sexuelles-sont-commises-par-des-etrangers","status":"publish","type":"post","link":"https:\/\/www.europesays.com\/fr\/589863\/","title":{"rendered":"dans les transports, de plus en plus d\u2019agressions sexuelles sont commises par des \u00e9trangers"},"content":{"rendered":"<p>\n    <strong>INFOGRAPHIES &#8211;<\/strong> Ce mardi, la r\u00e9gion \u00cele-de-France organise une journ\u00e9e de mobilisation contre les violences dans les transports. La surrepr\u00e9sentation des \u00e9trangers chez les auteurs de ces agressions est officiellement \u00e9tablie par les donn\u00e9es officielles du minist\u00e8re de l\u2019Int\u00e9rieur.<\/p>\n<p class=\"fig-paragraph\">Co\u00efncidence dramatique et \u00e9loquente. Ce mardi 9 d\u00e9cembre, la r\u00e9gion \u00cele-de-France organise une journ\u00e9e de mobilisation contre les violences que subissent les\u00a0<a href=\"http:\/\/www.lefigaro.fr\/faits-divers\/un-predateur-qui-traumatise-ses-victimes-un-clandestin-qui-ejaculait-sur-des-femmes-dans-les-transports-parisiens-de-2010-a-2024-condamne-20250117\" data-fig-type=\"NewsFlash\" data-gtm-custom-categorie=\"navigation\" data-gtm-custom-action=\"crossclick\" data-gtm-custom-label=\"Contextuel\" data-gtm-event=\"customEventSPE\" data-fig-domain=\"LEFIGARO\" target=\"_blank\" rel=\"noopener\">femmes dans les transports en commun<\/a>. Samedi dernier, trois femmes \u00e9taient\u00a0<a href=\"http:\/\/www.lefigaro.fr\/faits-divers\/paris-trois-femmes-volees-sous-la-menace-d-un-couteau-frappees-et-agressees-sexuellement-dans-le-metro-20251208\" data-fig-type=\"NewsFlash\" data-gtm-custom-categorie=\"navigation\" data-gtm-custom-action=\"crossclick\" data-gtm-custom-label=\"Contextuel\" data-gtm-event=\"customEventSPE\" data-fig-domain=\"LEFIGARO\" target=\"_blank\" rel=\"noopener\">vol\u00e9es, frapp\u00e9es et agress\u00e9es sexuellement<\/a>\u00a0sur la ligne 1 au niveau de la station Bastille, en plein centre de la capitale. Le sujet, qui d\u00e9fraie l\u2019actualit\u00e9 \u00e0 intervalles r\u00e9guliers, avait suscit\u00e9 un d\u00e9bat passionn\u00e9 en octobre dernier, apr\u00e8s l\u2019\u00e9motion suscit\u00e9e par\u00a0<a href=\"http:\/\/www.lefigaro.fr\/faits-divers\/une-jeune-femme-frappee-et-victime-d-une-tentative-de-viol-dans-le-rer-c-20251023\" data-fig-type=\"NewsFlash\" data-gtm-custom-categorie=\"navigation\" data-gtm-custom-action=\"crossclick\" data-gtm-custom-label=\"Contextuel\" data-gtm-event=\"customEventSPE\" data-fig-domain=\"LEFIGARO\" target=\"_blank\" rel=\"noopener\">l\u2019agression de Jhordana<\/a>\u00a0dans le RER C. Le 15 octobre, un \u00c9gyptien violentait et tentait de violer cette jeune femme de 26 ans dans le RER C.<\/p>\n<p class=\"fig-paragraph\">Cette histoire gla\u00e7ante avait suscit\u00e9 deux p\u00e9titions, l\u2019une pour la mise en place de wagons r\u00e9serv\u00e9s aux femmes, l\u2019autre pour l\u2019installation de cam\u00e9ras de vid\u00e9osurveillance dans chaque rame. La surrepr\u00e9sentation des \u00e9trangers chez les auteurs de ces agressions, pourtant \u00e9tablie par les donn\u00e9es officielles du minist\u00e8re de l\u2019Int\u00e9rieur, avait en revanche assez peu\u2026<\/p>\n<p class=\"fig-premium-paywall__infos\">\n        Cet article est r\u00e9serv\u00e9 aux abonn\u00e9s.        Il vous reste 84% \u00e0 d\u00e9couvrir.\n    <\/p>\n<p>                <img  data- alt=\"Le Figaro\" class=\"fig-img--complete fig-img\"\/><\/p>\n<p class=\"fig-premium-paywall__title\">Vente Flash<\/p>\n<p class=\"fig-premium-paywall__subtitle\">-50% sur l&rsquo;abonnement num\u00e9rique<\/p>\n<p class=\"fig-premium-paywall__connect\">\n                D\u00e9j\u00e0 abonn\u00e9\u00a0?                <a class=\"fig-premium-paywall__connect-link\" href=\"https:\/\/connect.lefigaro.fr\/login?client=horizon_web&amp;type=main&amp;redirect_uri=https%3A%2F%2Fwww.lefigaro.fr%2Factualite-france%2File-de-france-dans-les-transports-de-plus-en-plus-d-agressions-sexuelles-sont-commises-par-des-etrangers-20251209\" data-js-gtm=\"{&quot;customCategorie&quot;: &quot;conversion&quot;, &quot;customAction&quot;: &quot;before_Landing_Connexion_paywall_auto&quot;, &quot;customLabel&quot;: &quot;bGVmaWdhcm8uZnJfXzFmMGQ0NGY2LWE2NjAtNmE4Mi1hN2NiLTI3ZDAxM2ZjZjMyMV9fQXJ0aWNsZQ==_\u00cele-de-France: dans les transports, de plus en plus d\u2019agressions sexuelles sont commises par des \u00e9trangers_362&quot;, &quot;customIDSPE&quot;: &quot;bGVmaWdhcm8uZnJfXzFmMGQ0NGY2LWE2NjAtNmE4Mi1hN2NiLTI3ZDAxM2ZjZjMyMV9fQXJ0aWNsZQ==&quot;, &quot;event&quot;: &quot;customEventSPE&quot;}\" target=\"_blank\" rel=\"noopener\"><br \/>\n                    Connectez-vous<br \/>\n                <\/a>\n            <\/p>\n","protected":false},"excerpt":{"rendered":"INFOGRAPHIES &#8211; Ce mardi, la r\u00e9gion \u00cele-de-France organise une journ\u00e9e de mobilisation contre les violences dans les transports.&hellip;\n","protected":false},"author":2,"featured_media":589864,"comment_status":"","ping_status":"","sticky":false,"template":"","format":"standard","meta":{"footnotes":""},"categories":[2],"tags":[11,1401,4651,1011,27,662,1014,12,4843,25,656,2216],"class_list":{"0":"post-589863","1":"post","2":"type-post","3":"status-publish","4":"format-standard","5":"has-post-thumbnail","7":"category-actualites","8":"tag-actualites","9":"tag-agressions-sexuelles","10":"tag-femmes","11":"tag-fr","12":"tag-france","13":"tag-ile-de-france","14":"tag-ministere-de-linterieur","15":"tag-news","16":"tag-police-nationale","17":"tag-republique-francaise","18":"tag-securite","19":"tag-transports-en-commun"},"share_on_mastodon":{"url":"https:\/\/pubeurope.com\/@fr\/115693289840295351","error":""},"_links":{"self":[{"href":"https:\/\/www.europesays.com\/fr\/wp-json\/wp\/v2\/posts\/589863","targetHints":{"allow":["GET"]}}],"collection":[{"href":"https:\/\/www.europesays.com\/fr\/wp-json\/wp\/v2\/posts"}],"about":[{"href":"https:\/\/www.europesays.com\/fr\/wp-json\/wp\/v2\/types\/post"}],"author":[{"embeddable":true,"href":"https:\/\/www.europesays.com\/fr\/wp-json\/wp\/v2\/users\/2"}],"replies":[{"embeddable":true,"href":"https:\/\/www.europesays.com\/fr\/wp-json\/wp\/v2\/comments?post=589863"}],"version-history":[{"count":0,"href":"https:\/\/www.europesays.com\/fr\/wp-json\/wp\/v2\/posts\/589863\/revisions"}],"wp:featuredmedia":[{"embeddable":true,"href":"https:\/\/www.europesays.com\/fr\/wp-json\/wp\/v2\/media\/589864"}],"wp:attachment":[{"href":"https:\/\/www.europesays.com\/fr\/wp-json\/wp\/v2\/media?parent=589863"}],"wp:term":[{"taxonomy":"category","embeddable":true,"href":"https:\/\/www.europesays.com\/fr\/wp-json\/wp\/v2\/categories?post=589863"},{"taxonomy":"post_tag","embeddable":true,"href":"https:\/\/www.europesays.com\/fr\/wp-json\/wp\/v2\/tags?post=589863"}],"curies":[{"name":"wp","href":"https:\/\/api.w.org\/{rel}","templated":true}]}}