{"id":589875,"date":"2025-12-10T04:14:15","date_gmt":"2025-12-10T04:14:15","guid":{"rendered":"https:\/\/www.europesays.com\/fr\/589875\/"},"modified":"2025-12-10T04:14:15","modified_gmt":"2025-12-10T04:14:15","slug":"la-mort-la-frappee-nous-avons-le-coeur-completement-brise-un-drame-est-survenu-dans-son-entourage","status":"publish","type":"post","link":"https:\/\/www.europesays.com\/fr\/589875\/","title":{"rendered":"la mort l&rsquo;a frapp\u00e9e, \u00ab\u00a0nous avons le c\u0153ur compl\u00e8tement bris\u00e9\u00a0\u00bb, un drame est survenu dans son entourage"},"content":{"rendered":"<p>Par <a class=\"author_recette\" id=\"author_name\" href=\"https:\/\/www.nextplz.fr\/auteur\/victoria-buisson\" target=\"_blank\" rel=\"noopener\">Victoria<br \/>\nBuisson<\/a> &#8211;<br \/>\nPubli\u00e9 le 09 D\u00e9c 2025 \u00e0<br \/>\n20:30<\/p>\n<p class=\"article-intro excerpt\">La vie de Vanessa Paradis n\u2019est<br \/>\npas toujours rose. La preuve\u2026 la star a r\u00e9cemment fait face \u00e0 une<br \/>\nterrible drame.<\/p>\n<p><img width=\"750\" height=\"410\" src=\"https:\/\/www.europesays.com\/fr\/wp-content\/uploads\/2025\/12\/vanessa-paradis-750x410.jpg\" class=\"img-responsive alignnone size-full pinit-here zoom-it\" alt=\"vanessa paradis\" fetchpriority=\"high\" data-lazyloading=\"false\" decoding=\"async\"\/><\/p>\n<p>\u00a9 shutterstock<\/p>\n<p>Figure embl\u00e9matique de la chanson fran\u00e7aise, <a href=\"https:\/\/www.nextplz.fr\/personnalite\/vanessa-paradis\/\" target=\"_blank\" rel=\"noopener\">Vanessa<br \/>\nParadis ne compte plus<\/a> les titres \u00e0 succ\u00e8s qu\u00a0\u00bbelle a eu la<br \/>\nchance d&rsquo;interpr\u00e9ter. De Joe le taxi \u00e0 La Seine<br \/>\nen passant par Be My Baby, la quinquag\u00e9naire fait mouche<br \/>\nsur les ondes depuis la fin des ann\u00e9es 80. Toujours tr\u00e8s active sur<br \/>\nla sc\u00e8ne musicale, elle \u00e9tait, ce lundi 8 d\u00e9cembre 2025, l&rsquo;invit\u00e9e<br \/>\nexceptionnelle d&rsquo;Anne-\u00c9lisabeth Lemoine sur le plateau de C \u00e0<br \/>\nvous. Un entretien au cours duquel elle a longuement \u00e9voqu\u00e9 sa<br \/>\ncarri\u00e8re, mais aussi ses enfants : Lily-Rose et Jack, n\u00e9s de sa<br \/>\nrelation avec l&rsquo;acteur am\u00e9ricain Johnny Depp.<\/p>\n<p>Vanessa Paradis face \u00e0<br \/>\nun terrible drame<\/p>\n<p>Bien que Vanessa Paradis rencontre un franc succ\u00e8s depuis son<br \/>\nplus jeune \u00e2ge, la chanteuse a aussi travers\u00e9 des \u00e9preuves<br \/>\nparticuli\u00e8rement douloureuses. En mars dernier, elle a m\u00eame<br \/>\naffront\u00e9 un d\u00e9c\u00e8s. Angie Stone, qui avait collabor\u00e9 avec <a href=\"https:\/\/www.nextplz.fr\/people\/519382-des-annees-apres-florent-pagny-exprime-un-profond-regret-vis-a-vis-de-son-ex-vanessa-paradis-avec-elle-je-nai-jamais-eu-droit-a\" target=\"_blank\" rel=\"noopener\"><br \/>\nl&rsquo;ex de Florent Pagny<\/a> et Lenny Kravitz dans les ann\u00e9es 90 avant<br \/>\nde se faire un nom dans la musique, a effectivement perdu la vie \u00e0<br \/>\n63 ans dans un tragique accident de la route. Selon les<br \/>\ninformations de NPR, elle venait tout juste de donner un<br \/>\nconcert \u00e0 Mobile, en Alabama, lorsque le drame s&rsquo;est produit.<\/p>\n<p>Le v\u00e9hicule d&rsquo;Angie Stone heurt\u00e9 de plein fouet sur<br \/>\nl&rsquo;autoroute<\/p>\n<p>La voiture de celle qui a notamment accompagn\u00e9 Vanessa Paradis<br \/>\nsur sc\u00e8ne a effectu\u00e9 une violente sortie de route sur l&rsquo;autoroute<br \/>\navant d&rsquo;\u00eatre heurt\u00e9e de plein fouet par un poids lourd. \u00ab\u00a0Jamais<br \/>\nnous n&rsquo;aurions imagin\u00e9 recevoir cette horrible nouvelle. Notre m\u00e8re<br \/>\nest et sera toujours tout pour nous. Nous essayons toujours de<br \/>\ncomprendre [ce qu&rsquo;il s&rsquo;est pass\u00e9] et nous avons le c\u0153ur<br \/>\ncompl\u00e8tement bris\u00e9\u00a0\u00bb, ont d\u00e9clar\u00e9 sa fille Diamond Stone et son<br \/>\nfils Michael Archer, n\u00e9 de sa relation pr\u00e9c\u00e9dente avec le chanteur<br \/>\nD\u2019Angelo, dans un communiqu\u00e9 commun.<\/p>\n<p>Une figure majeure de<br \/>\nla n\u00e9o-soul<\/p>\n<p>N\u00e9e Angela Laverne Brown le 18 d\u00e9cembre 1961 \u00e0 Columbia, en<br \/>\nCaroline du Sud, Angie Stone s&rsquo;\u00e9tait d&rsquo;abord illustr\u00e9e \u00e0 la fin des<br \/>\nann\u00e9es 70 au sein du trio The Sequence, gr\u00e2ce au titre Funk You<br \/>\nUp. Apr\u00e8s une p\u00e9riode plus discr\u00e8te, durant laquelle elle<br \/>\navait notamment \u00e9crit pour plusieurs projets \u00e9lectroniques, elle<br \/>\n\u00e9tait r\u00e9apparue au d\u00e9but des ann\u00e9es 90 avec Vertical Hold et le<br \/>\ntitre Seems You&rsquo;re Much Too Busy. Choriste pour Lenny<br \/>\nKravitz puis Vanessa Paradis, elle s&rsquo;\u00e9tait r\u00e9ellement impos\u00e9e aux<br \/>\nc\u00f4t\u00e9s de D&rsquo;Angelo avant de lancer sa carri\u00e8re solo avec Black<br \/>\nDiamond. Figure majeure de la n\u00e9o-soul, elle a laiss\u00e9 une<br \/>\nempreinte consid\u00e9rable sur la musique.<\/p>\n","protected":false},"excerpt":{"rendered":"Par Victoria Buisson &#8211; Publi\u00e9 le 09 D\u00e9c 2025 \u00e0 20:30 La vie de Vanessa Paradis n\u2019est pas&hellip;\n","protected":false},"author":2,"featured_media":589876,"comment_status":"","ping_status":"","sticky":false,"template":"","format":"standard","meta":{"footnotes":""},"categories":[1359],"tags":[58,59,1011,27,973,65861],"class_list":{"0":"post-589875","1":"post","2":"type-post","3":"status-publish","4":"format-standard","5":"has-post-thumbnail","7":"category-people","8":"tag-divertissement","9":"tag-entertainment","10":"tag-fr","11":"tag-france","12":"tag-people","13":"tag-trend"},"share_on_mastodon":{"url":"https:\/\/pubeurope.com\/@fr\/115693333787049886","error":""},"_links":{"self":[{"href":"https:\/\/www.europesays.com\/fr\/wp-json\/wp\/v2\/posts\/589875","targetHints":{"allow":["GET"]}}],"collection":[{"href":"https:\/\/www.europesays.com\/fr\/wp-json\/wp\/v2\/posts"}],"about":[{"href":"https:\/\/www.europesays.com\/fr\/wp-json\/wp\/v2\/types\/post"}],"author":[{"embeddable":true,"href":"https:\/\/www.europesays.com\/fr\/wp-json\/wp\/v2\/users\/2"}],"replies":[{"embeddable":true,"href":"https:\/\/www.europesays.com\/fr\/wp-json\/wp\/v2\/comments?post=589875"}],"version-history":[{"count":0,"href":"https:\/\/www.europesays.com\/fr\/wp-json\/wp\/v2\/posts\/589875\/revisions"}],"wp:featuredmedia":[{"embeddable":true,"href":"https:\/\/www.europesays.com\/fr\/wp-json\/wp\/v2\/media\/589876"}],"wp:attachment":[{"href":"https:\/\/www.europesays.com\/fr\/wp-json\/wp\/v2\/media?parent=589875"}],"wp:term":[{"taxonomy":"category","embeddable":true,"href":"https:\/\/www.europesays.com\/fr\/wp-json\/wp\/v2\/categories?post=589875"},{"taxonomy":"post_tag","embeddable":true,"href":"https:\/\/www.europesays.com\/fr\/wp-json\/wp\/v2\/tags?post=589875"}],"curies":[{"name":"wp","href":"https:\/\/api.w.org\/{rel}","templated":true}]}}