{"id":589877,"date":"2025-12-10T04:15:46","date_gmt":"2025-12-10T04:15:46","guid":{"rendered":"https:\/\/www.europesays.com\/fr\/589877\/"},"modified":"2025-12-10T04:15:46","modified_gmt":"2025-12-10T04:15:46","slug":"alsace-un-illustrateur-rend-hommage-a-la-region-a-travers-une-carte-dessinee-a-la-main","status":"publish","type":"post","link":"https:\/\/www.europesays.com\/fr\/589877\/","title":{"rendered":"Alsace. Un illustrateur rend hommage \u00e0\u00a0la r\u00e9gion \u00e0 travers une carte dessin\u00e9e \u00e0 la main"},"content":{"rendered":"<p>Des cartes de l\u2019Alsace, il en existe autant de diff\u00e9rentes qu\u2019il y a de communes dans la r\u00e9gion. Pourtant, d\u00e8s le premier coup d\u2019\u0153il, la carte de l\u2019illustrateur Alcatela \u00e9tonne.<\/p>\n<p>Par ses couleurs fluo d\u00e9j\u00e0. Alexis Carlier, de son vrai nom, 29 ans, a tenu \u00e0 montrer que l\u2019Alsace est une r\u00e9gion qui vit intens\u00e9ment. Et puis, cette carte interpelle \u00e9galement par le choix de ses rep\u00e8res. \u00ab J\u2019ai fait appel, via les r\u00e9seaux sociaux, aux contributions des personnes qui me suivent pour qu\u2019elles me donnent leurs adresses. C\u2019est un peu ma fa\u00e7on de dessiner pour les autres. \u00bb On peut donc retrouver p\u00eale-m\u00eale l\u2019observatoire du Grand Ballon, le supermarch\u00e9 Leclerc de Marmoutier ou encore la m\u00e9t\u00e9orite d\u2019Ensisheim. Autant de \u00ab points de rep\u00e8re qui parlent aux gens. \u00bb<\/p>\n<p>Ce contenu est bloqu\u00e9 car vous n&rsquo;avez pas accept\u00e9 les cookies et autres traceurs.<\/p>\n<p>En cliquant sur \u00ab J\u2019accepte \u00bb, les cookies et autres traceurs seront d\u00e9pos\u00e9s et vous pourrez visualiser les contenus  (<a href=\"\" class=\"consentModule_policy\" target=\"_blank\" title=\"Consulter la politique de protection des donn\u00e9es du fournisseur\">plus d&rsquo;informations<\/a>).<\/p>\n<p>En cliquant sur \u00ab J\u2019accepte tous les cookies \u00bb, vous autorisez des d\u00e9p\u00f4ts de cookies et autres traceurs pour le stockage de vos donn\u00e9es sur nos sites et applications \u00e0 des fins de personnalisation et de ciblage publicitaire.<\/p>\n<p class=\"consentModule_secondaryText\">Vous gardez la possibilit\u00e9 de retirer votre consentement \u00e0 tout moment en consultant notre <a href=\"https:\/\/www.lalsace.fr\/protection-des-donnees\" target=\"_blank\" title=\"Consulter notre politique de protection des donn\u00e9es\" rel=\"noopener\">politique de protection des donn\u00e9es<\/a>. <br \/>&#13;<br \/>\n            <a href=\"https:\/\/www.lalsace.fr\/culture-loisirs\/2025\/12\/09\/javascript:Didomi.notice.show()\" class=\"consentModule_cmp\" target=\"_blank\" rel=\"noopener\">G\u00e9rer mes choix<\/a>&#13;\n        <\/p>\n<p>&#13;<br \/>\n                        J&rsquo;accepte&#13;<br \/>\n            J&rsquo;accepte tous les cookies&#13;\n        <\/p>\n<p>  La densit\u00e9 alsacienne<\/p>\n<p>Originaire du Jura, le jeune homme dessine depuis l\u2019enfance des cartes imaginaires et\u2026 des plans de m\u00e9tro. Apr\u00e8s des \u00e9tudes \u00e0 Sciences Po Toulouse, sa carri\u00e8re s\u2019est d\u2019ailleurs orient\u00e9e vers la RATP, avant que le dessin ne prenne compl\u00e8tement le dessus en 2022, \u00e0 la faveur du bouche-\u00e0-oreille et des r\u00e9seaux sociaux.<\/p>\n<p>Cette carte dessin\u00e9e \u00e0 la main et coloris\u00e9e num\u00e9riquement a repr\u00e9sent\u00e9 un challenge pour Alcatela, avec pas moins de quatorze journ\u00e9es de travail. \u00ab Je n\u2019avais pas r\u00e9alis\u00e9 que l\u2019Alsace \u00e9tait aussi dense, avec autant de communes et leurs noms \u00e0 l\u2019orthographe singuli\u00e8re, \u00bb plaisante-t-il.<\/p>\n<p>Une belle id\u00e9e de cadeau de No\u00ebl \u00e0 offrir cette ann\u00e9e, mais attention : cette affiche tir\u00e9e \u00e0 seulement 1000 exemplaires num\u00e9rot\u00e9s commence d\u00e9j\u00e0 \u00e0 \u00eatre prise d\u2019assaut.<\/p>\n<p class=\"note\">La carte de l\u2019Alsace est <a href=\"https:\/\/alcatela.com\/shop\/p\/27yj8ofjw9dseyedhtml4rdi3mzjld\" target=\"_blank\" rel=\"noopener\">disponible sur la boutique en ligne d\u2019Alcatela<\/a> en formats A3 et A2 \u00e0 partir de 39 \u20ac.<br \/>Retrouvez l\u2019int\u00e9gralit\u00e9 du travail de l\u2019illustrateur sur son compte Instagram <a href=\"https:\/\/www.instagram.com\/alcatela_illustration?utm_source=ig_web_button_share_sheet&amp;igsh=ZDNlZDc0MzIxNw==\" target=\"_blank\" rel=\"noopener\">@alcatela_illustration<\/a>.<\/p>\n<p><script async src=\"\/\/www.instagram.com\/embed.js\"><\/script><\/p>\n","protected":false},"excerpt":{"rendered":"Des cartes de l\u2019Alsace, il en existe autant de diff\u00e9rentes qu\u2019il y a de communes dans la r\u00e9gion.&hellip;\n","protected":false},"author":2,"featured_media":589878,"comment_status":"","ping_status":"","sticky":false,"template":"","format":"standard","meta":{"footnotes":""},"categories":[1358],"tags":[2389,1348,1384,1385,1687,1386,58,59,107,1011,27,2661],"class_list":{"0":"post-589877","1":"post","2":"type-post","3":"status-publish","4":"format-standard","5":"has-post-thumbnail","7":"category-arts-et-design","8":"tag-alsace","9":"tag-arts","10":"tag-arts-and-design","11":"tag-arts-et-design","12":"tag-culture-loisirs","13":"tag-design","14":"tag-divertissement","15":"tag-entertainment","16":"tag-fil-info","17":"tag-fr","18":"tag-france","19":"tag-patrimoine-culturel"},"share_on_mastodon":{"url":"https:\/\/pubeurope.com\/@fr\/115693340803555965","error":""},"_links":{"self":[{"href":"https:\/\/www.europesays.com\/fr\/wp-json\/wp\/v2\/posts\/589877","targetHints":{"allow":["GET"]}}],"collection":[{"href":"https:\/\/www.europesays.com\/fr\/wp-json\/wp\/v2\/posts"}],"about":[{"href":"https:\/\/www.europesays.com\/fr\/wp-json\/wp\/v2\/types\/post"}],"author":[{"embeddable":true,"href":"https:\/\/www.europesays.com\/fr\/wp-json\/wp\/v2\/users\/2"}],"replies":[{"embeddable":true,"href":"https:\/\/www.europesays.com\/fr\/wp-json\/wp\/v2\/comments?post=589877"}],"version-history":[{"count":0,"href":"https:\/\/www.europesays.com\/fr\/wp-json\/wp\/v2\/posts\/589877\/revisions"}],"wp:featuredmedia":[{"embeddable":true,"href":"https:\/\/www.europesays.com\/fr\/wp-json\/wp\/v2\/media\/589878"}],"wp:attachment":[{"href":"https:\/\/www.europesays.com\/fr\/wp-json\/wp\/v2\/media?parent=589877"}],"wp:term":[{"taxonomy":"category","embeddable":true,"href":"https:\/\/www.europesays.com\/fr\/wp-json\/wp\/v2\/categories?post=589877"},{"taxonomy":"post_tag","embeddable":true,"href":"https:\/\/www.europesays.com\/fr\/wp-json\/wp\/v2\/tags?post=589877"}],"curies":[{"name":"wp","href":"https:\/\/api.w.org\/{rel}","templated":true}]}}