{"id":589881,"date":"2025-12-10T04:19:16","date_gmt":"2025-12-10T04:19:16","guid":{"rendered":"https:\/\/www.europesays.com\/fr\/589881\/"},"modified":"2025-12-10T04:19:16","modified_gmt":"2025-12-10T04:19:16","slug":"pierre-garnier-revele-ses-projets-apres-la-fin-de-sa-tournee","status":"publish","type":"post","link":"https:\/\/www.europesays.com\/fr\/589881\/","title":{"rendered":"Pierre Garnier r\u00e9v\u00e8le ses projets apr\u00e8s la fin de sa tourn\u00e9e"},"content":{"rendered":"<p>\n        Pierre Garnier va donner le tout dernier concert de sa tourn\u00e9e apr\u00e8s deux ans \u00e0 cent \u00e0 l&rsquo;heure. Mais que va faire le chanteur durant sa longue pause ? Un nouvel album ! \u00ab\u00a0J&rsquo;esp\u00e8re que le public sera toujours au rendez-vous\u00a0\u00bb confie-t-il.\n    <\/p>\n<p class=\"content-paragraph\"><img decoding=\"async\" src=\"https:\/\/www.europesays.com\/fr\/wp-content\/uploads\/2025\/12\/photo_1765201974.jpg\" class=\"textcenter img-content\" loading=\"lazy\" style=\"margin-bottom: 0;\"\/>Bestimage <br \/>Pierre Garnier s&rsquo;appr\u00eate \u00e0 faire une pause. Son premier <a href=\"https:\/\/www.chartsinfrance.net\/Pierre-Garnier\/news-129076.html\" class=\"articlepage-link\" target=\"_blank\" rel=\"noopener\">album \u00ab\u00a0Chaque seconde\u00a0\u00bb<\/a> s&rsquo;est \u00e9coul\u00e9 \u00e0 pr\u00e8s de 300.000 exemplaires et cumule pr\u00e8s de 300 millions d&rsquo;\u00e9coutes sur Spotify, il d\u00e9tient deux titres certifi\u00e9s diamant, sa tourn\u00e9e a attir\u00e9 plus de 600.000 spectateurs, et il a rafl\u00e9 3 NRJ Music Awards et m\u00eame 2 Victoires de la Musique. \u00ab Tout est all\u00e9 si vite&#8230; Jamais je n&rsquo;aurais imagin\u00e9 un tel raz-de-mar\u00e9e \u00bb confie l&rsquo;interpr\u00e8te de <a href=\"https:\/\/www.chartsinfrance.net\/Pierre-Garnier\/news-134385.html\" class=\"articlepage-link\" target=\"_blank\" rel=\"noopener\">\u00ab\u00a0L&rsquo;horizon\u00a0\u00bb<\/a> \u00e0 T\u00e9l\u00e9 7 Jours, lui qui donnera le dernier concert de sa tourn\u00e9e le 17 d\u00e9cembre prochain au Z\u00e9nith de Caen, sa ville natale : \u00ab Je commence \u00e0 ressentir un peu de nostalgie, \u00e0 quelques jours de la fin de la tourn\u00e9e. C&rsquo;est une sacr\u00e9e page qui est en train de se tourner&#8230; \u00bb. \u00c0 23 ans, le jeune artiste <a href=\"https:\/\/www.chartsinfrance.net\/Pierre-Garnier\/news-130715.html\" class=\"articlepage-link\" target=\"_blank\" rel=\"noopener\">se produira m\u00eame \u00e0 l&rsquo;Accor Arena<\/a> ce soir, <a href=\"https:\/\/www.chartsinfrance.net\/Pierre-Garnier\/news-134562.html\" class=\"articlepage-link\" target=\"_blank\" rel=\"noopener\">un show qui sera retransmis sur TFX<\/a> pour les f\u00eates : \u00ab C&rsquo;est une trace de ce qu&rsquo;on a v\u00e9cu tous ensemble. Surtout que quelques surprises sont pr\u00e9vues&#8230; \u00bb.<\/p>\n<p>\u00ab\u00a0C&rsquo;est important de regarder ailleurs\u00a0\u00bb<\/p>\n<p class=\"content-paragraph\"> Mais que va faire Pierre Garnier apr\u00e8s l&rsquo;arr\u00eat de sa tourn\u00e9e ? \u00ab Un peu de canap\u00e9 au d\u00e9but, mais je suis certain qu&rsquo;au bout d&rsquo;une semaine, je vais commencer \u00e0 m&rsquo;ennuyer ! Puis voyager, oui. C&rsquo;est important de regarder ailleurs, de s&rsquo;a\u00e9rer l&rsquo;esprit, de d\u00e9couvrir, pour nourrir un nouvel album \u00bb confirme l&rsquo;interpr\u00e8te de <a href=\"https:\/\/www.chartsinfrance.net\/Star-Academy\/news-128205.html\" class=\"articlepage-link\" target=\"_blank\" rel=\"noopener\">\u00ab\u00a0Ceux qu&rsquo;on \u00e9tait\u00a0\u00bb<\/a>, qui va avoir besoin de prendre du recul apr\u00e8s deux ann\u00e9es \u00e9puisantes : \u00ab Le mental fatigue vite quand on encha\u00eene les concerts. Il m&rsquo;est arriv\u00e9, en plein milieu de la tourn\u00e9e, de regarder toutes les dates qu&rsquo;il restait et de me dire: \u00ab\u00a0OK. Je suis dans cet \u00e9tat-l\u00e0, comment on va faire ?\u00a0\u00bb C&rsquo;est aussi pour cette raison que j&rsquo;ai souhait\u00e9 faire une pause apr\u00e8s les festivals estivaux. Pour mieux revenir \u00bb.<\/p>\n<p class=\"content-paragraph\">Alors que souhaiter \u00e0 Pierre Garnier pour la suite ? \u00ab De finir la tourn\u00e9e en beaut\u00e9. De me reposer. De construire un beau projet pour le deuxi\u00e8me album. De repartir en tourn\u00e9e&#8230; J&rsquo;esp\u00e8re que le public sera toujours au rendez-vous \u00bb confie le chanteur, qui n&rsquo;a pas vraiment eu le temps de se plancher sur de nouvelles chansons : \u00ab Je n&rsquo;ai pas beaucoup avanc\u00e9 depuis. Mais il y aura plus de moyens, plus d&rsquo;id\u00e9es, plus de temps&#8230; Pas des ann\u00e9es non plus, hein ! \u00bb. L&rsquo;envie de Pierre Garnier est \u00ab de se remettre en question \u00bb et \u00ab d&rsquo;imaginer ce qu&rsquo;on pourrait proposer de mieux \u00bb : \u00ab Apr\u00e8s, ce sera au public de d\u00e9cider s&rsquo;il aime ou non ce que je lui proposerai \u00bb.<\/p>\n<p>                <img loading=\"lazy\" decoding=\"async\" src=\"https:\/\/www.europesays.com\/fr\/wp-content\/uploads\/2025\/10\/favicon.png\" class=\"author-article-picture\" width=\"35\" height=\"35\"\/><\/p>\n<p>                    Par<\/p>\n<p>                                            <a class=\"author-article-bio-link\" href=\"https:\/\/www.chartsinfrance.net\/auteur\/54\/\" target=\"_blank\" rel=\"noopener\">Julien GONCALVES<\/a><\/p>\n<p>                    |<\/p>\n<p>                                            R\u00e9dacteur en chef<\/p>\n<p>\n                Enfant des ann\u00e9es 80 et ex-collectionneur de CD 2 titres, il se passionne tr\u00e8s t\u00f4t pour la musique, notamment la pop anglaise et la chanson fran\u00e7aise dont il est devenu un expert.\n            <\/p>\n","protected":false},"excerpt":{"rendered":"Pierre Garnier va donner le tout dernier concert de sa tourn\u00e9e apr\u00e8s deux ans \u00e0 cent \u00e0 l&rsquo;heure.&hellip;\n","protected":false},"author":2,"featured_media":589882,"comment_status":"","ping_status":"","sticky":false,"template":"","format":"standard","meta":{"footnotes":""},"categories":[1355],"tags":[58,59,1011,27,1361,873],"class_list":{"0":"post-589881","1":"post","2":"type-post","3":"status-publish","4":"format-standard","5":"has-post-thumbnail","7":"category-musique","8":"tag-divertissement","9":"tag-entertainment","10":"tag-fr","11":"tag-france","12":"tag-music","13":"tag-musique"},"share_on_mastodon":{"url":"https:\/\/pubeurope.com\/@fr\/115693353420340645","error":""},"_links":{"self":[{"href":"https:\/\/www.europesays.com\/fr\/wp-json\/wp\/v2\/posts\/589881","targetHints":{"allow":["GET"]}}],"collection":[{"href":"https:\/\/www.europesays.com\/fr\/wp-json\/wp\/v2\/posts"}],"about":[{"href":"https:\/\/www.europesays.com\/fr\/wp-json\/wp\/v2\/types\/post"}],"author":[{"embeddable":true,"href":"https:\/\/www.europesays.com\/fr\/wp-json\/wp\/v2\/users\/2"}],"replies":[{"embeddable":true,"href":"https:\/\/www.europesays.com\/fr\/wp-json\/wp\/v2\/comments?post=589881"}],"version-history":[{"count":0,"href":"https:\/\/www.europesays.com\/fr\/wp-json\/wp\/v2\/posts\/589881\/revisions"}],"wp:featuredmedia":[{"embeddable":true,"href":"https:\/\/www.europesays.com\/fr\/wp-json\/wp\/v2\/media\/589882"}],"wp:attachment":[{"href":"https:\/\/www.europesays.com\/fr\/wp-json\/wp\/v2\/media?parent=589881"}],"wp:term":[{"taxonomy":"category","embeddable":true,"href":"https:\/\/www.europesays.com\/fr\/wp-json\/wp\/v2\/categories?post=589881"},{"taxonomy":"post_tag","embeddable":true,"href":"https:\/\/www.europesays.com\/fr\/wp-json\/wp\/v2\/tags?post=589881"}],"curies":[{"name":"wp","href":"https:\/\/api.w.org\/{rel}","templated":true}]}}