{"id":589892,"date":"2025-12-10T04:25:13","date_gmt":"2025-12-10T04:25:13","guid":{"rendered":"https:\/\/www.europesays.com\/fr\/589892\/"},"modified":"2025-12-10T04:25:13","modified_gmt":"2025-12-10T04:25:13","slug":"face-a-la-grogne-des-americains-donald-trump-affirme-que-les-prix-baissent-enormement-grace-a-lui","status":"publish","type":"post","link":"https:\/\/www.europesays.com\/fr\/589892\/","title":{"rendered":"Face \u00e0 la grogne des Am\u00e9ricains, Donald Trump affirme que les prix baissent \u00ab\u00e9norm\u00e9ment\u00bb gr\u00e2ce \u00e0 lui"},"content":{"rendered":"<p>\n    Alors que l\u2019inflation s\u2019acc\u00e9l\u00e8re aux \u00c9tats-Unis, le pr\u00e9sident am\u00e9ricain a d\u00e9fendu sa politique \u00e9conomique.<\/p>\n<p class=\"fig-paragraph\">Pendant un meeting cens\u00e9 raviver l\u2019\u00e9lan de sa campagne pr\u00e9sidentielle\u00a0<a href=\"https:\/\/www.lefigaro.fr\/tag\/donald-trump\" target=\"_blank\" rel=\"sponsored noopener\" data-gtm-custom-categorie=\"navigation\" data-gtm-custom-action=\"crossclick\" data-gtm-custom-label=\"Contextuel\" data-gtm-event=\"customEventSPE\">Donald Trump<\/a>\u00a0a assur\u00e9 mardi que les prix baissaient \u00ab\u00e9norm\u00e9ment\u00bb gr\u00e2ce \u00e0 lui, m\u00eame si l\u2019inflation a acc\u00e9l\u00e9r\u00e9 aux \u00c9tats-Unis selon les derni\u00e8res statistiques publi\u00e9es, remontant \u00e0 septembre.<\/p>\n<p class=\"fig-paragraph\">Le pr\u00e9sident, pendant un meeting en Pennsylvanie destin\u00e9 \u00e0 convaincre des Am\u00e9ricains m\u00e9contents que sa politique \u00e9conomique fonctionne, a accus\u00e9 l\u2019opposition d\u00e9mocrate de promouvoir une \u00absupercherie\u00bb lorsqu\u2019elle d\u00e9nonce le co\u00fbt de la vie toujours \u00e9lev\u00e9.<\/p>\n<p>                                            <a class=\"fig-a11y-skip\" href=\"#fig-a11y-skip-main-inarticle\" data-module=\"a11y-skip\" data-context=\"was @visible\"><br \/>\n    Passer la publicit\u00e9<br \/>\n<\/a>            <\/p>\n<p class=\"fig-paragraph\">\u00abLes prix baissent de mani\u00e8re assez substantielle. Il faut toujours qu\u2019ils (ndlr: les d\u00e9mocrates) trouvent une supercherie. (Leur) nouveau mot est \u201cco\u00fbt de la vie\u201d\u00bb, a critiqu\u00e9 le dirigeant r\u00e9publicain. \u00abLes d\u00e9mocrates qui parlent de \u201cco\u00fbt de la vie\u201d c\u2019est comme si Bonnie et Clyde parlaient d\u2019ordre public\u00bb, a-t-il ironis\u00e9.<\/p>\n<p>                                            \u00abConnard endormi\u00bb<\/p>\n<p class=\"fig-paragraph\">D\u00e9laissant les questions \u00e9conomiques, le milliardaire de 79 ans s\u2019en est par ailleurs pris violemment \u00e0 ses adversaires politiques, aux journalistes et surtout aux immigr\u00e9s, en particulier somaliens, ses cibles de pr\u00e9dilection derni\u00e8rement &#8211; la salle s\u2019est alors mise \u00e0 crier \u00abRenvoyez-les! Renvoyez-les!\u00bb.<\/p>\n<p class=\"fig-paragraph\">Donald Trump, qui a suspendu les demandes d\u2019immigration de 19 pays parmi les plus pauvres de la plan\u00e8te, a aussi repris une expression qui avait beaucoup choqu\u00e9 pendant son premier mandat en disant que les \u00c9tats-Unis laissaient entrer des personnes venant de \u00abpays de merde\u00bb. Il a, par ailleurs, trait\u00e9 son pr\u00e9d\u00e9cesseur Joe Biden de \u00abconnard endormi\u00bb en \u00e9trillant le bilan selon lui d\u00e9sastreux laiss\u00e9 par l\u2019ancien pr\u00e9sident d\u00e9mocrate, un argument qui porte au moins aupr\u00e8s de ses plus fervents partisans.<\/p>\n<p class=\"fig-paragraph\">\u00abOui, les prix sont \u00e9lev\u00e9s en ce moment&#8230; mais les choses doivent empirer avant de s\u2019am\u00e9liorer\u00bb, a dit \u00e0 l\u2019AFP Brianna Shay, 26 ans, administratrice dans l\u2019\u00e9ducation publique, venue assister au meeting. \u00abMalheureusement, le pr\u00e9sident pr\u00e9c\u00e9dent nous a vraiment entub\u00e9s\u00bb, a-t-elle ajout\u00e9.<\/p>\n<p>                                            Popularit\u00e9 en berne<\/p>\n<p class=\"fig-paragraph\">La cote de popularit\u00e9 du pr\u00e9sident a chut\u00e9 \u00e0 son plus bas niveau depuis son retour au pouvoir en janvier, notamment en raison du co\u00fbt de la vie que les Am\u00e9ricains imputent en partie \u00e0 ses droits de douane. Les sondages indiquent toutefois que la cote de popularit\u00e9 de Donald Trump a chut\u00e9 sous le poids des mauvaises performances de sa politique \u00e9conomique.<\/p>\n<p>                                            <a class=\"fig-a11y-skip\" href=\"#fig-a11y-skip-main-inarticle_mtf\" data-module=\"a11y-skip\" data-context=\"was @visible\"><br \/>\n    Passer la publicit\u00e9<br \/>\n<\/a>            <\/p>\n<p class=\"fig-paragraph\">Le r\u00e9publicain doit \u00e9galement faire face \u00e0 des dissensions au sein de son propre mouvement \u00abMake America Great Again\u00bb (\u00abRendre sa grandeur \u00e0 l\u2019Am\u00e9rique\u00bb), avec des appels \u00e0 se concentrer sur le pays plut\u00f4t que sur l\u2019international. Il a choisi pour ce meeting, pr\u00e9sent\u00e9 comme le premier d\u2019une s\u00e9rie de rassemblements \u00e0 travers le pays, le complexe h\u00f4telier du Mount Airy Casino. Avant de devenir pr\u00e9sident, il comptait plusieurs casinos dans son portefeuille d\u2019affaires, dont plusieurs ont fait faillite.<\/p>\n<p>                                            Hausse des prix<\/p>\n<p class=\"fig-paragraph\">Donald Trump insiste sur le fait que les prix baissent pour des produits cl\u00e9s comme le b\u0153uf, les \u0153ufs, le caf\u00e9 et l\u2019essence. Malgr\u00e9 tout, la hausse des prix a continu\u00e9 d\u2019acc\u00e9l\u00e9rer pour atteindre 2,8% en septembre, selon les derni\u00e8res statistiques publi\u00e9es.<\/p>\n<p class=\"fig-paragraph\">Le th\u00e8me a \u00e9t\u00e9 au centre de la campagne des d\u00e9mocrates lors des \u00e9lections remport\u00e9es en novembre pour la mairie de New York et pour les gouvernorats du New Jersey et de Virginie. Il promet aussi de dominer la bataille pour les \u00e9lections l\u00e9gislatives de mi-mandat, \u00e0 l\u2019automne 2026.<\/p>\n<p class=\"fig-paragraph\">La Pennsylvanie ouvri\u00e8re est un \u00c9tat-cl\u00e9 sur le plan \u00e9lectoral. Donald Trump a remport\u00e9 de justesse cet \u00c9tat du nord-est en 2016 et 2024, et l\u2019avait perdu de peu face \u00e0 Joe Biden en 2020. Il n\u2019est pas \u00e9ligible pour se repr\u00e9senter en 2028, malgr\u00e9 les appels de certains de ses partisans &#8211; en Pennsylvanie mardi, le public a scand\u00e9 \u00abQuatre ans de plus! Quatre ans de plus!\u00bb, le slogan habituel pour encourager un pr\u00e9sident \u00e0 briguer un nouveau mandat. La cheffe de cabinet du pr\u00e9sident, Susie Wiles, a indiqu\u00e9 qu\u2019il serait n\u00e9anmoins sur le terrain l\u2019ann\u00e9e prochaine, afin de mobiliser une base tent\u00e9e par l\u2019abstention avant les \u00abmidterms\u00bb.<\/p>\n","protected":false},"excerpt":{"rendered":"Alors que l\u2019inflation s\u2019acc\u00e9l\u00e8re aux \u00c9tats-Unis, le pr\u00e9sident am\u00e9ricain a d\u00e9fendu sa politique \u00e9conomique. Pendant un meeting cens\u00e9&hellip;\n","protected":false},"author":2,"featured_media":589893,"comment_status":"","ping_status":"","sticky":false,"template":"","format":"standard","meta":{"footnotes":""},"categories":[6],"tags":[35,75,33,34,73,1011,27,9345],"class_list":{"0":"post-589892","1":"post","2":"type-post","3":"status-publish","4":"format-standard","5":"has-post-thumbnail","7":"category-economie","8":"tag-business","9":"tag-donald-trump","10":"tag-economie","11":"tag-economy","12":"tag-etats-unis","13":"tag-fr","14":"tag-france","15":"tag-inflation"},"share_on_mastodon":{"url":"https:\/\/pubeurope.com\/@fr\/115693376242628749","error":""},"_links":{"self":[{"href":"https:\/\/www.europesays.com\/fr\/wp-json\/wp\/v2\/posts\/589892","targetHints":{"allow":["GET"]}}],"collection":[{"href":"https:\/\/www.europesays.com\/fr\/wp-json\/wp\/v2\/posts"}],"about":[{"href":"https:\/\/www.europesays.com\/fr\/wp-json\/wp\/v2\/types\/post"}],"author":[{"embeddable":true,"href":"https:\/\/www.europesays.com\/fr\/wp-json\/wp\/v2\/users\/2"}],"replies":[{"embeddable":true,"href":"https:\/\/www.europesays.com\/fr\/wp-json\/wp\/v2\/comments?post=589892"}],"version-history":[{"count":0,"href":"https:\/\/www.europesays.com\/fr\/wp-json\/wp\/v2\/posts\/589892\/revisions"}],"wp:featuredmedia":[{"embeddable":true,"href":"https:\/\/www.europesays.com\/fr\/wp-json\/wp\/v2\/media\/589893"}],"wp:attachment":[{"href":"https:\/\/www.europesays.com\/fr\/wp-json\/wp\/v2\/media?parent=589892"}],"wp:term":[{"taxonomy":"category","embeddable":true,"href":"https:\/\/www.europesays.com\/fr\/wp-json\/wp\/v2\/categories?post=589892"},{"taxonomy":"post_tag","embeddable":true,"href":"https:\/\/www.europesays.com\/fr\/wp-json\/wp\/v2\/tags?post=589892"}],"curies":[{"name":"wp","href":"https:\/\/api.w.org\/{rel}","templated":true}]}}