{"id":589894,"date":"2025-12-10T04:26:12","date_gmt":"2025-12-10T04:26:12","guid":{"rendered":"https:\/\/www.europesays.com\/fr\/589894\/"},"modified":"2025-12-10T04:26:12","modified_gmt":"2025-12-10T04:26:12","slug":"les-avocats-de-jair-bolsonaro-demandent-sa-sortie-de-prison-pour-une-operation-immediate","status":"publish","type":"post","link":"https:\/\/www.europesays.com\/fr\/589894\/","title":{"rendered":"les avocats de Jair Bolsonaro demandent sa sortie de prison pour une op\u00e9ration \u00abimm\u00e9diate\u00bb"},"content":{"rendered":"<p>\n    Les avocats de l\u2019ex-pr\u00e9sident br\u00e9silien, condamn\u00e9 \u00e0 27 ans de prison pour tentative de coup d\u2019\u00c9tat, ont demand\u00e9 \u00e0 la Cour supr\u00eame d\u2019autoriser leur client \u00e0 \u00eatre hospitalis\u00e9 pour subir une op\u00e9ration chirurgicale.<\/p>\n<p class=\"fig-paragraph\">Les avocats de l\u2019ex-pr\u00e9sident br\u00e9silien\u00a0<a href=\"https:\/\/www.lefigaro.fr\/tag\/jair-bolsonaro\" target=\"_blank\" rel=\"sponsored noopener\" data-gtm-custom-categorie=\"navigation\" data-gtm-custom-action=\"crossclick\" data-gtm-custom-label=\"Contextuel\" data-gtm-event=\"customEventSPE\">Jair Bolsonaro<\/a>, condamn\u00e9 \u00e0 27 ans de prison pour tentative de coup d\u2019\u00c9tat, ont demand\u00e9 \u00e0 la Cour supr\u00eame d\u2019autoriser leur client \u00e0 \u00eatre hospitalis\u00e9 pour subir une op\u00e9ration chirurgicale, selon des documents obtenus mardi par l\u2019AFP.<\/p>\n<p class=\"fig-paragraph\">\u00abTous les nouveaux documents apport\u00e9s r\u00e9cemment (&#8230;) d\u00e9crivent une aggravation significative de l\u2019\u00e9tat de sant\u00e9\u00bb de l\u2019ancien chef d\u2019\u00c9tat de 70 ans, selon ces documents qui demandent pour lui une \u00abhospitalisation imm\u00e9diate\u00bb.<\/p>\n<p>                                            <a class=\"fig-a11y-skip\" href=\"#fig-a11y-skip-main-inarticle\" data-module=\"a11y-skip\" data-context=\"was @visible\"><br \/>\n    Passer la publicit\u00e9<br \/>\n<\/a>            <\/p>\n<p class=\"fig-paragraph\">Les avocats demandent l\u2019autorisation de le transf\u00e9rer dans un h\u00f4pital de Brasilia afin qu\u2019il subisse une double intervention chirurgicale urgente\u00a0: un \u00abbloc anesth\u00e9sique du nerf phr\u00e9nique\u00bb pour faire cesser un hoquet persistant, et le traitement d\u2019une hernie inguinale. Selon le rapport m\u00e9dical, ces deux interventions n\u00e9cessitent une hospitalisation de cinq \u00e0 sept jours et une anesth\u00e9sie g\u00e9n\u00e9rale.<\/p>\n<p>                                            D\u00e9tenu dans les locaux de la police f\u00e9d\u00e9rale \u00e0 Brasilia<\/p>\n<p class=\"fig-paragraph\">Jair Bolsonaro, plac\u00e9 en r\u00e9sidence surveill\u00e9e entre ao\u00fbt et novembre, a \u00e9t\u00e9 incarc\u00e9r\u00e9 quelques jours avant la date pr\u00e9vue pour avoir tent\u00e9 d\u2019endommager son bracelet \u00e9lectronique. Il est d\u00e9tenu dans les locaux de la police f\u00e9d\u00e9rale \u00e0 Brasilia, dans une petite cellule \u00e9quip\u00e9e d\u2019un minibar, de la climatisation et d\u2019une t\u00e9l\u00e9vision, et re\u00e7oit deux jours par semaine la visite de ses enfants et de son \u00e9pouse.<\/p>\n<p class=\"fig-paragraph\">L\u2019ancien pr\u00e9sident souffre de s\u00e9quelles permanentes apr\u00e8s avoir \u00e9t\u00e9 poignard\u00e9 dans le ventre en 2018 lors d\u2019un meeting de campagne pr\u00e9sidentielle. Dans leur requ\u00eate, les avocats \u00e9num\u00e8rent les multiples op\u00e9rations chirurgicales auxquelles il a d\u00fb se soumettre depuis lors, la derni\u00e8re remontant au mois d\u2019avril. Jair Bolsonaro souffre de reflux et de crises de hoquet qui lui ont caus\u00e9 des essoufflements et des \u00e9vanouissements, selon les documents m\u00e9dicaux.<\/p>\n<p class=\"fig-paragraph\">Pr\u00e9sident du Br\u00e9sil de 2019 \u00e0 2022, Jair Bolsonaro a \u00e9t\u00e9 reconnu coupable par la Cour supr\u00eame d\u2019avoir conspir\u00e9 pour se maintenir au pouvoir \u00abde fa\u00e7on autoritaire\u00bb quel que soit le r\u00e9sultat de l\u2019\u00e9lection de 2022, qu\u2019il a finalement perdu au second tour face \u00e0 son rival de gauche Lula. Il clame son innocence, se disant victime de \u00abpers\u00e9cution politique\u00bb. Sa d\u00e9fense a d\u00e9pos\u00e9 fin novembre un nouveau recours pour demander l\u2019annulation du proc\u00e8s, apr\u00e8s le rejet par la Cour supr\u00eame d\u2019un premier appel.<\/p>\n","protected":false},"excerpt":{"rendered":"Les avocats de l\u2019ex-pr\u00e9sident br\u00e9silien, condamn\u00e9 \u00e0 27 ans de prison pour tentative de coup d\u2019\u00c9tat, ont demand\u00e9&hellip;\n","protected":false},"author":2,"featured_media":589895,"comment_status":"","ping_status":"","sticky":false,"template":"","format":"standard","meta":{"footnotes":""},"categories":[5],"tags":[11,2548,1011,27,14,35977,12,28],"class_list":{"0":"post-589894","1":"post","2":"type-post","3":"status-publish","4":"format-standard","5":"has-post-thumbnail","7":"category-international","8":"tag-actualites","9":"tag-bresil","10":"tag-fr","11":"tag-france","12":"tag-international","13":"tag-jair-bolsonaro","14":"tag-news","15":"tag-world"},"share_on_mastodon":{"url":"https:\/\/pubeurope.com\/@fr\/115693380205223305","error":""},"_links":{"self":[{"href":"https:\/\/www.europesays.com\/fr\/wp-json\/wp\/v2\/posts\/589894","targetHints":{"allow":["GET"]}}],"collection":[{"href":"https:\/\/www.europesays.com\/fr\/wp-json\/wp\/v2\/posts"}],"about":[{"href":"https:\/\/www.europesays.com\/fr\/wp-json\/wp\/v2\/types\/post"}],"author":[{"embeddable":true,"href":"https:\/\/www.europesays.com\/fr\/wp-json\/wp\/v2\/users\/2"}],"replies":[{"embeddable":true,"href":"https:\/\/www.europesays.com\/fr\/wp-json\/wp\/v2\/comments?post=589894"}],"version-history":[{"count":0,"href":"https:\/\/www.europesays.com\/fr\/wp-json\/wp\/v2\/posts\/589894\/revisions"}],"wp:featuredmedia":[{"embeddable":true,"href":"https:\/\/www.europesays.com\/fr\/wp-json\/wp\/v2\/media\/589895"}],"wp:attachment":[{"href":"https:\/\/www.europesays.com\/fr\/wp-json\/wp\/v2\/media?parent=589894"}],"wp:term":[{"taxonomy":"category","embeddable":true,"href":"https:\/\/www.europesays.com\/fr\/wp-json\/wp\/v2\/categories?post=589894"},{"taxonomy":"post_tag","embeddable":true,"href":"https:\/\/www.europesays.com\/fr\/wp-json\/wp\/v2\/tags?post=589894"}],"curies":[{"name":"wp","href":"https:\/\/api.w.org\/{rel}","templated":true}]}}