{"id":589899,"date":"2025-12-10T04:32:58","date_gmt":"2025-12-10T04:32:58","guid":{"rendered":"https:\/\/www.europesays.com\/fr\/589899\/"},"modified":"2025-12-10T04:32:58","modified_gmt":"2025-12-10T04:32:58","slug":"le-favori-a-la-succession-de-gael-perdriau-se-retire-qui-le-remplace","status":"publish","type":"post","link":"https:\/\/www.europesays.com\/fr\/589899\/","title":{"rendered":"le favori \u00e0 la succession de Ga\u00ebl Perdriau se retire, qui le remplace\u00a0?"},"content":{"rendered":"<p>                    Par<br \/>\n        <strong><br \/>\n            <a href=\"https:\/\/actu.fr\/auteur\/julien-sournies\" title=\"Consulter tous les articles de Julien Sournies\" target=\"_blank\" rel=\"noopener\">Julien Sournies<\/a><br \/>\n                    <\/strong><\/p>\n<p>        Publi\u00e9 le<\/p>\n<p>            9 d\u00e9c. 2025 \u00e0 15h04        <\/p>\n<p>C\u2019\u00e9tait pourtant le candidat choisi par la majorit\u00e9 municipale de <a href=\"https:\/\/actu.fr\/saint-etienne\/\" target=\"_blank\" rel=\"noopener\">Saint-\u00c9tienne<\/a> (<a href=\"https:\/\/actu.fr\/auvergne-rhone-alpes\/loire_42\" target=\"_blank\" rel=\"noopener\">Loire<\/a>). \u00c0 la suite de la <a href=\"https:\/\/actu.fr\/auvergne-rhone-alpes\/saint-etienne_42218\/saint-etienne-proces-du-chantage-a-la-sextape-a-la-mairie-gael-perdriau-condamne_63497428.html\" target=\"_blank\" rel=\"noopener\">condamnation* de Ga\u00ebl Perdriau dans l\u2019affaire du chantage \u00e0 la sextape<\/a>, la majorit\u00e9 et les quelques rares \u00e9lus qui soutenaient encore l\u2019\u00e9dile st\u00e9phanois avaient d\u00e9sign\u00e9 <a href=\"https:\/\/actu.fr\/auvergne-rhone-alpes\/saint-etienne_42218\/saint-etienne-condamnation-de-perdriau-voici-le-candidat-de-la-majorite-pour-devenir-maire_63516363.html\" target=\"_blank\" rel=\"noopener\">Marc Chassaub\u00e9n\u00e9, adjoint charg\u00e9 de la culture, du patrimoine, du design et de la lutte contre les discriminations, pour prendre sa succession<\/a>.<br \/>Malgr\u00e9 ce vote en sa faveur, Marc Chassaub\u00e9n\u00e9 a finalement <strong>d\u00e9cid\u00e9 de renoncer \u00e0 sa candidature<\/strong>, proposant \u00e0 un autre candidat de reprendre les r\u00eanes de la mairie st\u00e9phanoise en attendant les \u00e9lections municipales de mars\u00a02026.<\/p>\n<p>Un retrait dans \u00ab\u2009l\u2019int\u00e9r\u00eat de la ville et de la vie municipale\u2009\u00bb<\/p>\n<p class=\" wall-content\">Dans un communiqu\u00e9 transmis aux r\u00e9dactions, la municipalit\u00e9 indique qu\u2019une ultime r\u00e9union entre les \u00e9lus de la majorit\u00e9 s\u2019est d\u00e9roul\u00e9e ce lundi 8\u00a0d\u00e9cembre 2025, afin de confirmer qu\u2019une \u00ab\u2009solution constructive et raisonnable avait \u00e9t\u00e9 trouv\u00e9e\u2009\u00bb.<\/p>\n<p class=\" wall-content\">Une r\u00e9union \u00e0 l\u2019issue de laquelle Marc Chassaub\u00e9n\u00e9 a expliqu\u00e9 les raisons de son retrait, malgr\u00e9 les voix en sa faveur. Selon la mairie de Saint-\u00c9tienne, cette d\u00e9cision r\u00e9pond \u00e0 \u00ab\u2009un <strong>souci d\u2019apaisement<\/strong>, d\u2019unit\u00e9, de dialogue et de coh\u00e9sion\u2009\u00bb.<\/p>\n<p class=\" wall-content\">Ainsi, dans \u00ab\u2009l\u2019int\u00e9r\u00eat de la ville et de la vie municipale\u2009\u00bb, l\u2019adjoint \u00e0 la culture a propos\u00e9 \u00e0 <strong>Jean-Pierre Berger<\/strong>, jusqu\u2019alors premier adjoint de Ga\u00ebl Perdriau, d\u2019\u00eatre le candidat de la majorit\u00e9 municipale \u00e0 la fonction de maire au conseil municipal de Saint-\u00c9tienne ce jeudi 11\u00a0d\u00e9cembre.<\/p>\n<p>Marc Chassaub\u00e9n\u00e9 finalement premier adjoint\u2009?<\/p>\n<p class=\" wall-content\">Si Marc Chassaub\u00e9n\u00e9 ne deviendra pas le prochain \u00e9dile de Saint-\u00c9tienne, ce dernier occupera toutefois un r\u00f4le central au sein de la municipalit\u00e9 puisque Jean-Pierre Berger l\u2019a d\u00e9sign\u00e9 comme <strong>premier adjoint<\/strong> dans sa liste qu\u2019il pr\u00e9sentera ce jeudi.<\/p>\n<p class=\" wall-content\">Sauf surprise, ce sera donc Jean-Pierre Berger qui pr\u00e9sidera le conseil municipal qui suivra, vendredi 19\u00a0d\u00e9cembre, o\u00f9 quelque <strong>80 dossiers<\/strong>, traitant du \u00ab\u2009quotidien des St\u00e9phanois\u2009\u00bb, seront d\u00e9battus.<\/p>\n<p>(*) Il est condamn\u00e9 \u00e0\u2009: 5\u00a0ans de prison, dont 1 an avec sursis, mandat de d\u00e9p\u00f4t avec ex\u00e9cution provisoire, interdiction de d\u00e9tenir une arme, une amende de 50\u2009000\u00a0euros, l\u2019objet d\u2019in\u00e9ligibilit\u00e9 avec ex\u00e9cution provisoire.<\/p>\n<p class=\" wall-content\">Personnalisez votre actualit\u00e9 en ajoutant vos villes et m\u00e9dias en favori avec <a href=\"https:\/\/moncompte.actu.fr\" title=\"D\u00e9couvez Mon Actu\" rel=\"nofollow noopener\" data-trk=\"{&quot;cta&quot;:{&quot;action&quot;:&quot;https:\\\/\\\/moncompte.actu.fr&quot;,&quot;category&quot;:&quot;mon compte&quot;,&quot;from&quot;:&quot;article footer&quot;,&quot;name&quot;:&quot;Mon actu&quot;,&quot;type&quot;:&quot;cta&quot;}}\" target=\"_blank\">Mon Actu<\/a>.<\/p>\n","protected":false},"excerpt":{"rendered":"Par Julien Sournies Publi\u00e9 le 9 d\u00e9c. 2025 \u00e0 15h04 C\u2019\u00e9tait pourtant le candidat choisi par la majorit\u00e9&hellip;\n","protected":false},"author":2,"featured_media":589900,"comment_status":"","ping_status":"","sticky":false,"template":"","format":"standard","meta":{"footnotes":""},"categories":[9653],"tags":[1111,11,2430,1777,674,1011,27,12242,303,12,316,25,4001],"class_list":{"0":"post-589899","1":"post","2":"type-post","3":"status-publish","4":"format-standard","5":"has-post-thumbnail","7":"category-saint-etienne","8":"tag-actu","9":"tag-actualites","10":"tag-auvergne-rhone-alpes","11":"tag-eu","12":"tag-europe","13":"tag-fr","14":"tag-france","15":"tag-gael-perdriau","16":"tag-justice","17":"tag-news","18":"tag-politique","19":"tag-republique-francaise","20":"tag-saint-etienne"},"share_on_mastodon":{"url":"https:\/\/pubeurope.com\/@fr\/115693407649231324","error":""},"_links":{"self":[{"href":"https:\/\/www.europesays.com\/fr\/wp-json\/wp\/v2\/posts\/589899","targetHints":{"allow":["GET"]}}],"collection":[{"href":"https:\/\/www.europesays.com\/fr\/wp-json\/wp\/v2\/posts"}],"about":[{"href":"https:\/\/www.europesays.com\/fr\/wp-json\/wp\/v2\/types\/post"}],"author":[{"embeddable":true,"href":"https:\/\/www.europesays.com\/fr\/wp-json\/wp\/v2\/users\/2"}],"replies":[{"embeddable":true,"href":"https:\/\/www.europesays.com\/fr\/wp-json\/wp\/v2\/comments?post=589899"}],"version-history":[{"count":0,"href":"https:\/\/www.europesays.com\/fr\/wp-json\/wp\/v2\/posts\/589899\/revisions"}],"wp:featuredmedia":[{"embeddable":true,"href":"https:\/\/www.europesays.com\/fr\/wp-json\/wp\/v2\/media\/589900"}],"wp:attachment":[{"href":"https:\/\/www.europesays.com\/fr\/wp-json\/wp\/v2\/media?parent=589899"}],"wp:term":[{"taxonomy":"category","embeddable":true,"href":"https:\/\/www.europesays.com\/fr\/wp-json\/wp\/v2\/categories?post=589899"},{"taxonomy":"post_tag","embeddable":true,"href":"https:\/\/www.europesays.com\/fr\/wp-json\/wp\/v2\/tags?post=589899"}],"curies":[{"name":"wp","href":"https:\/\/api.w.org\/{rel}","templated":true}]}}