{"id":589914,"date":"2025-12-10T04:44:22","date_gmt":"2025-12-10T04:44:22","guid":{"rendered":"https:\/\/www.europesays.com\/fr\/589914\/"},"modified":"2025-12-10T04:44:22","modified_gmt":"2025-12-10T04:44:22","slug":"faits-divers-reglements-de-comptes-fusillades-douze-morts-par-balles-dans-nos-departements-en-2025","status":"publish","type":"post","link":"https:\/\/www.europesays.com\/fr\/589914\/","title":{"rendered":"Faits divers. R\u00e9glements de comptes, fusillades&#8230;\u00a0Douze\u00a0morts par balles dans nos d\u00e9partements en 2025"},"content":{"rendered":"<p><strong>En Is\u00e8re<\/strong>, deux jeunes hommes de 22 et 18 ans <a href=\"https:\/\/www.ledauphine.com\/faits-divers-justice\/2025\/12\/07\/deux-morts-par-balles-d-abord-a-echirolles-puis-a-grenoble-apres-une-rixe-dans-un-fast-food\" target=\"_blank\" rel=\"noopener\">sont d\u00e9c\u00e9d\u00e9s le 6 d\u00e9cembre<\/a>. <br \/>Le premier, alors qu&rsquo;il se trouvait dans le centre d\u2019\u00c9chirolles, a re\u00e7u trois balles. Il serait une victime collat\u00e9rale alors qu\u2019il s\u2019\u00e9tait interpos\u00e9 <a href=\"https:\/\/www.ledauphine.com\/faits-divers-justice\/2025\/12\/08\/isere-metropole-de-grenoble-l-hypothese-d-un-sanglant-affrontement-entre-bandes-issues-de-deux-quartiers\" target=\"_blank\" rel=\"noopener\">dans une bagarre g\u00e9n\u00e9rale<\/a> opposant plusieurs dizaines d\u2019individus dans un fast-food. <br \/>Le deuxi\u00e8me a \u00e9t\u00e9 pass\u00e9 \u00e0 tabac puis pouss\u00e9 de force dans une voiture. Son corps a \u00e9t\u00e9 d\u00e9couvert le lendemain matin dans le quartier de la Villeneuve \u00e0 Grenoble.<\/p>\n<p>Jean-Pierre Mald\u00e9ra assassin\u00e9 sur l&rsquo;A41<\/p>\n<p>D\u00e9but d\u00e9cembre, le 3, <a href=\"https:\/\/www.ledauphine.com\/faits-divers-justice\/2025\/12\/03\/isere-metropole-de-grenoble-meurtre-par-balle-a-echirolles-la-victime-etait-connue-pour-trafic-de-stupefiants\" target=\"_blank\" rel=\"noopener\">c&rsquo;est un homme de 33 ans<\/a> qui perdait la vie, touch\u00e9 par une balle. Le 12 mars, Jean-Pierre Mald\u00e9ra, 71 ans, figure du grand banditisme grenoblois des ann\u00e9es 80 et 90, <a href=\"https:\/\/www.ledauphine.com\/faits-divers-justice\/2025\/03\/12\/fusillade-sur-l-autoroute-un-homme-en-arret-cardio-respiratoire\" target=\"_blank\" rel=\"noopener\">a \u00e9t\u00e9 assassin\u00e9 sur l\u2019A41<\/a>, \u00e0 hauteur de la commune de Montbonnot-Saint-Martin. La BMW dans laquelle il se trouvait a \u00e9t\u00e9 prise pour cible par des tirs d\u2019arme automatique provenant d\u2019une autre voiture.<\/p>\n<p><strong>Dans le Vaucluse<\/strong>, deux personnes sont mortes dans <a href=\"https:\/\/www.ledauphine.com\/faits-divers-justice\/2025\/06\/23\/bain-de-sang-dans-le-luberon-deux-jeunes-hommes-en-garde-a-vue\" target=\"_blank\" rel=\"noopener\">un r\u00e8glement de comptes sur fond de narcotrafic<\/a> lors d&rsquo;un mariage dans le Luberon \u00e0 Goult. Alors que c&rsquo;est le mari\u00e9 qui semblait \u00eatre vis\u00e9, c&rsquo;est son \u00e9pouse, \u00e2g\u00e9e de 27 ans qui a \u00e9t\u00e9 tu\u00e9e. Lui a \u00e9t\u00e9 gri\u00e8vement bless\u00e9e. L&rsquo;un des quatre assaillants a \u00e9galement perdu la vie.<\/p>\n<p>Deux fusillades en deux jours<\/p>\n<p>Le 6 mai, un homme de 43 ans <a href=\"https:\/\/www.ledauphine.com\/faits-divers-justice\/2025\/05\/07\/tue-par-balles-dans-son-epicerie-de-nuit-a-valreas-on-est-choque\" target=\"_blank\" rel=\"noopener\">a \u00e9t\u00e9 abattu de cinq balles<\/a> au niveau de la cage thoracique et de la t\u00eate, dans son \u00e9picerie de nuit en centre-ville de Valr\u00e9as. Un mois auparavant, le 5 avril, c&rsquo;est un homme de 29 ans qui a \u00e9t\u00e9 tu\u00e9 par un ou plusieurs tirs d\u2019armes \u00e0 feu, touch\u00e9 au niveau du thorax, dans le centre d\u2019Aubignan.<\/p>\n<p>En f\u00e9vrier, les 16 et 17,\u00a0<a href=\"https:\/\/www.ledauphine.com\/faits-divers-justice\/2025\/02\/17\/nouvelle-attaque-a-l-arme-de-guerre-un-jeune-tue-d-une-balle-dans-la-tete\" target=\"_blank\" rel=\"noopener\">deux fusillades<\/a> ont fait en tout cinq bless\u00e9s et un mort \u00e0 Avignon dans le quartier de La Barbi\u00e8re. La victime avait 21 ans.<\/p>\n<p>  <strong>Cible de plusieurs tirs, une femme de 19 ans d\u00e9c\u00e8de<\/strong><\/p>\n<p><strong>Dans la Dr\u00f4me<\/strong>, \u00e0 Mercurol-Veaunes, pr\u00e8s de Tain-l\u2019Hermitage, une voiture dans laquelle se trouvaient deux jeunes femmes a \u00e9t\u00e9 <a href=\"https:\/\/www.ledauphine.com\/faits-divers-justice\/2025\/12\/01\/une-jeune-femme-tuee-par-balle-j-etais-derriere-ma-porte-quand-j-ai-entendu-clac-clac-clac\" target=\"_blank\" rel=\"noopener\">la cible d&rsquo;une fusillade<\/a>, li\u00e9e au narcotrafic, le 26 novembre. L&rsquo;une des deux, \u00e2g\u00e9e de 19 ans, a \u00e9t\u00e9 tu\u00e9e, l&rsquo;autre a \u00e9t\u00e9 gravement bless\u00e9e.<\/p>\n<p><strong>En Savoie<\/strong>, le 21 mars, \u00e0 Valgelon-La-Rochette, un habitant \u00e2g\u00e9 de 41 ans, a \u00e9t\u00e9 tu\u00e9 par arme \u00e0 feu, apr\u00e8s qu\u2019<a href=\"https:\/\/www.ledauphine.com\/faits-divers-justice\/2025\/03\/21\/un-homme-de-40-ans-tue-par-balles-il-y-avait-du-sang-partout\" target=\"_blank\" rel=\"noopener\">une rixe a \u00e9clat\u00e9 entre au moins cinq personnes<\/a>. Deux autres personnes ont \u00e9t\u00e9 bless\u00e9es dont une gravement.<\/p>\n<p>Le 23 f\u00e9vrier, \u00e0 Gilly-sur-Is\u00e8re, <a href=\"https:\/\/www.ledauphine.com\/faits-divers-justice\/2025\/02\/26\/homicide-a-gilly-sur-isere-l-ex-compagnon-de-la-petite-amie-de-la-victime-mis-en-examen-pour-assassinat-et-ecroue-a-aiton\" target=\"_blank\" rel=\"noopener\">un homme de 23 ans a \u00e9t\u00e9 abattu<\/a> par arme \u00e0 feu sur un parking. Un individu de 31 ans, d\u2019origine savoyarde, a \u00e9t\u00e9 interpell\u00e9, il est l\u2019ex-compagnon de la petite amie actuelle de la victime.<\/p>\n","protected":false},"excerpt":{"rendered":"En Is\u00e8re, deux jeunes hommes de 22 et 18 ans sont d\u00e9c\u00e9d\u00e9s le 6 d\u00e9cembre. Le premier, alors&hellip;\n","protected":false},"author":2,"featured_media":589915,"comment_status":"","ping_status":"","sticky":false,"template":"","format":"standard","meta":{"footnotes":""},"categories":[9566],"tags":[1111,11,70304,2430,6184,271,272,2730,7001,112,113,4521,3859,2737,7003,1777,674,274,107,1011,27,329,1085,70305,70303,2731,881,108,60195,68381,26950,8721,12,25,5508,273,23498,24716,4520],"class_list":{"0":"post-589914","1":"post","2":"type-post","3":"status-publish","4":"format-standard","5":"has-post-thumbnail","7":"category-grenoble","8":"tag-actu","9":"tag-actualites","10":"tag-aubignan","11":"tag-auvergne-rhone-alpes","12":"tag-avignon","13":"tag-crime","14":"tag-delit-et-contravention","15":"tag-drome","16":"tag-edition-chambery-aix-les-bains","17":"tag-edition-grenoble-agglomeration","18":"tag-edition-gresivaudan-oisans","19":"tag-edition-hautes-alpes-alpes-de-haute-provence","20":"tag-edition-provencale","21":"tag-edition-romans-nord-drome","22":"tag-edition-tarentaise-maurienne","23":"tag-eu","24":"tag-europe","25":"tag-faits-divers-justice","26":"tag-fil-info","27":"tag-fr","28":"tag-france","29":"tag-france-monde","30":"tag-gap","31":"tag-gilly-sur-isere","32":"tag-goult","33":"tag-grenoble","34":"tag-hautes-alpes","35":"tag-isere","36":"tag-la-batie-neuve","37":"tag-mercurol-veaunes","38":"tag-montbonnot-saint-martin","39":"tag-narcotrafic","40":"tag-news","41":"tag-republique-francaise","42":"tag-savoie","43":"tag-selection-de-la-redaction","44":"tag-valgelon-la-rochette","45":"tag-valreas","46":"tag-vaucluse"},"share_on_mastodon":{"url":"","error":"Validation failed: Text character limit of 500 exceeded"},"_links":{"self":[{"href":"https:\/\/www.europesays.com\/fr\/wp-json\/wp\/v2\/posts\/589914","targetHints":{"allow":["GET"]}}],"collection":[{"href":"https:\/\/www.europesays.com\/fr\/wp-json\/wp\/v2\/posts"}],"about":[{"href":"https:\/\/www.europesays.com\/fr\/wp-json\/wp\/v2\/types\/post"}],"author":[{"embeddable":true,"href":"https:\/\/www.europesays.com\/fr\/wp-json\/wp\/v2\/users\/2"}],"replies":[{"embeddable":true,"href":"https:\/\/www.europesays.com\/fr\/wp-json\/wp\/v2\/comments?post=589914"}],"version-history":[{"count":0,"href":"https:\/\/www.europesays.com\/fr\/wp-json\/wp\/v2\/posts\/589914\/revisions"}],"wp:featuredmedia":[{"embeddable":true,"href":"https:\/\/www.europesays.com\/fr\/wp-json\/wp\/v2\/media\/589915"}],"wp:attachment":[{"href":"https:\/\/www.europesays.com\/fr\/wp-json\/wp\/v2\/media?parent=589914"}],"wp:term":[{"taxonomy":"category","embeddable":true,"href":"https:\/\/www.europesays.com\/fr\/wp-json\/wp\/v2\/categories?post=589914"},{"taxonomy":"post_tag","embeddable":true,"href":"https:\/\/www.europesays.com\/fr\/wp-json\/wp\/v2\/tags?post=589914"}],"curies":[{"name":"wp","href":"https:\/\/api.w.org\/{rel}","templated":true}]}}