{"id":589916,"date":"2025-12-10T04:45:18","date_gmt":"2025-12-10T04:45:18","guid":{"rendered":"https:\/\/www.europesays.com\/fr\/589916\/"},"modified":"2025-12-10T04:45:18","modified_gmt":"2025-12-10T04:45:18","slug":"zoumana-camara-recoit-une-tres-bonne-nouvelle-avant-grenoble","status":"publish","type":"post","link":"https:\/\/www.europesays.com\/fr\/589916\/","title":{"rendered":"Zoumana Camara re\u00e7oit une tr\u00e8s bonne nouvelle avant Grenoble"},"content":{"rendered":"<p>\t\t\t\t\t Comme le rapporte Midi Libre, Mbuku (RD Congo) et Ngapandouetnbu (Cameroun), tous deux convoqu\u00e9s pour la CAN au Maroc (21 d\u00e9cembre 2025 \u2013 18 janvier 2026), seront bien du voyage dans l\u2019Is\u00e8re pour affronter Grenoble lors de la 17e journ\u00e9e de Ligue 2.\u200b <\/p>\n<p>La FIFA ayant repouss\u00e9 au 15 d\u00e9cembre la date officielle de mise \u00e0 disposition des internationaux africains, Montpellier b\u00e9n\u00e9ficie d\u2019une fen\u00eatre inesp\u00e9r\u00e9e pour conserver ses deux titulaires un match de plus. Interrog\u00e9 sur ce cas particulier, Zoumana Camara avait annonc\u00e9 en conf\u00e9rence de presse qu\u2019il \u00ab laisserait les joueurs d\u00e9cider \u00bb de leur participation \u00e0 la rencontre, insistant sur la n\u00e9cessit\u00e9 de respecter \u00e0 la fois le club et les s\u00e9lections nationales.\u200b <\/p>\n<p>Les discussions ont \u00e9t\u00e9 rapides : \u00ab Spontan\u00e9ment, ils ont fait part de leur volont\u00e9 de jouer \u00e0 Grenoble. C\u2019est leur choix, c\u2019est bien \u00bb, s\u2019est r\u00e9joui l\u2019entra\u00eeneur du MHSC. De son c\u00f4t\u00e9, Nathana\u00ebl Mbuku a confi\u00e9 \u00e0 AllezPaillade qu\u2019il voulait \u00ab aider l\u2019\u00e9quipe jusqu\u2019\u00e0 la tr\u00eave du championnat, \u00e0 Grenoble \u00bb, avant de rejoindre les L\u00e9opards pour la CAN.\u200b <\/p>\n<p>Des d\u00e9cisions qui prouvent que les deux joueurs sont totalement investis \u00e0 Montpellier HSC.\n\t\t\t\t <\/p>\n","protected":false},"excerpt":{"rendered":"Comme le rapporte Midi Libre, Mbuku (RD Congo) et Ngapandouetnbu (Cameroun), tous deux convoqu\u00e9s pour la CAN au&hellip;\n","protected":false},"author":2,"featured_media":589917,"comment_status":"","ping_status":"","sticky":false,"template":"","format":"standard","meta":{"footnotes":""},"categories":[9566],"tags":[1111,11,2430,1777,674,1011,27,2731,12,25],"class_list":{"0":"post-589916","1":"post","2":"type-post","3":"status-publish","4":"format-standard","5":"has-post-thumbnail","7":"category-grenoble","8":"tag-actu","9":"tag-actualites","10":"tag-auvergne-rhone-alpes","11":"tag-eu","12":"tag-europe","13":"tag-fr","14":"tag-france","15":"tag-grenoble","16":"tag-news","17":"tag-republique-francaise"},"share_on_mastodon":{"url":"https:\/\/pubeurope.com\/@fr\/115693455021349957","error":""},"_links":{"self":[{"href":"https:\/\/www.europesays.com\/fr\/wp-json\/wp\/v2\/posts\/589916","targetHints":{"allow":["GET"]}}],"collection":[{"href":"https:\/\/www.europesays.com\/fr\/wp-json\/wp\/v2\/posts"}],"about":[{"href":"https:\/\/www.europesays.com\/fr\/wp-json\/wp\/v2\/types\/post"}],"author":[{"embeddable":true,"href":"https:\/\/www.europesays.com\/fr\/wp-json\/wp\/v2\/users\/2"}],"replies":[{"embeddable":true,"href":"https:\/\/www.europesays.com\/fr\/wp-json\/wp\/v2\/comments?post=589916"}],"version-history":[{"count":0,"href":"https:\/\/www.europesays.com\/fr\/wp-json\/wp\/v2\/posts\/589916\/revisions"}],"wp:featuredmedia":[{"embeddable":true,"href":"https:\/\/www.europesays.com\/fr\/wp-json\/wp\/v2\/media\/589917"}],"wp:attachment":[{"href":"https:\/\/www.europesays.com\/fr\/wp-json\/wp\/v2\/media?parent=589916"}],"wp:term":[{"taxonomy":"category","embeddable":true,"href":"https:\/\/www.europesays.com\/fr\/wp-json\/wp\/v2\/categories?post=589916"},{"taxonomy":"post_tag","embeddable":true,"href":"https:\/\/www.europesays.com\/fr\/wp-json\/wp\/v2\/tags?post=589916"}],"curies":[{"name":"wp","href":"https:\/\/api.w.org\/{rel}","templated":true}]}}