{"id":589921,"date":"2025-12-10T04:49:15","date_gmt":"2025-12-10T04:49:15","guid":{"rendered":"https:\/\/www.europesays.com\/fr\/589921\/"},"modified":"2025-12-10T04:49:15","modified_gmt":"2025-12-10T04:49:15","slug":"levee-de-la-zone-reglementee-mais-le-parc-friedel-est-toujours-ferme","status":"publish","type":"post","link":"https:\/\/www.europesays.com\/fr\/589921\/","title":{"rendered":"lev\u00e9e de la zone r\u00e9glement\u00e9e, mais le parc Friedel est toujours ferm\u00e9"},"content":{"rendered":"<p>Apr\u00e8s <a href=\"https:\/\/www.dna.fr\/sante\/2025\/11\/05\/grippe-aviaire-deux-cas-detectes-l-un-a-illkirch-graffenstaden-dans-le-bas-rhin-et-l-autre-a-bollwiller-dans-le-haut-rhin\" target=\"_blank\" rel=\"noopener\">la d\u00e9couverte de deux paons morts de l\u2019influenza aviaire hautement pathog\u00e8ne (IAHP) au parc animalier Friedel \u00e0 Illkirch-Graffenstaden<\/a> , celui-ci avait d\u00fb fermer ses portes, le 5\u00a0novembre dernier, tandis que les autorit\u00e9s sanitaires avaient ordonn\u00e9 l\u2019abattage pr\u00e9ventif de tous les oiseaux domestiques du parc. En parall\u00e8le, une zone r\u00e9glement\u00e9e d\u2019un rayon de 10 kilom\u00e8tres avait \u00e9t\u00e9 \u00e9tablie autour du foyer de grippe aviaire, dans laquelle la surveillance sanitaire de la maladie \u00e9tait renforc\u00e9e dans les \u00e9levages. Dans un communiqu\u00e9 diffus\u00e9 ce mardi 9\u00a0d\u00e9cembre, la pr\u00e9fecture indique\u00a0: \u00ab\u00a0Aucune nouvelle suspicion clinique ou analytique d\u2019IAHP n\u2019ayant \u00e9t\u00e9 mise en \u00e9vidence apr\u00e8s 30 jours de surveillance renforc\u00e9e, cette zone r\u00e9glement\u00e9e a pu \u00eatre lev\u00e9e le 6\u00a0d\u00e9cembre.\u00a0\u00bb<\/p>\n<p>Cependant, <a href=\"https:\/\/www.dna.fr\/economie\/2025\/10\/15\/le-risque-de-grippe-aviaire-releve-a-modere-apres-un-nouveau-foyer-detecte-pres-de-dieppe#:~:text=Le%2520risque%2520de%2520grippe%2520aviaire%2520%25C3%25A9tait%2520consid%25C3%25A9r%25C3%25A9%2520comme%2520%25C2%25AB%2520n%25C3%25A9gligeable%2520%25C2%25BB%2520depuis,%252C%2520puis%2520%25C3%25A0%2520%25C2%25AB%2520n%25C3%25A9gligeable%2520%25C2%25BB.\" target=\"_blank\" rel=\"noopener\">le risque de propagation de la grippe aviaire<\/a> reste \u00e9lev\u00e9, ainsi \u00ab\u00a0les mesures associ\u00e9es de pr\u00e9vention et de bios\u00e9curit\u00e9 sont donc maintenues\u00a0\u00bb, comme l\u2019interdiction de rassemblements et la mise \u00e0 l\u2019abri des volailles, lesquels s\u2019appliquent aux professionnels et aux particuliers. Quant au parc Friedel, il demeure ferm\u00e9 au public, \u00ab\u00a0en confinement encore quatre mois, peut-\u00eatre moins, selon les services v\u00e9t\u00e9rinaires\u00a0\u00bb, pr\u00e9cise la Ville.<\/p>\n<p class=\"note\">La d\u00e9couverte de cadavres d\u2019oiseaux sauvages, morts sans cause \u00e9vidente, doit \u00eatre signal\u00e9e \u00e0 l\u2019Office fran\u00e7ais de la biodiversit\u00e9 (OFB)\u00a0: 06\u00a007\u00a069\u00a091\u00a031 ou par courriel\u00a0: sd67@ofb.gouv.fr<\/p>\n","protected":false},"excerpt":{"rendered":"Apr\u00e8s la d\u00e9couverte de deux paons morts de l\u2019influenza aviaire hautement pathog\u00e8ne (IAHP) au parc animalier Friedel \u00e0&hellip;\n","protected":false},"author":2,"featured_media":589922,"comment_status":"","ping_status":"","sticky":false,"template":"","format":"standard","meta":{"footnotes":""},"categories":[2820],"tags":[1111,11,1867,2880,1777,674,107,1011,27,775,3088,12,25,71,104,640,3089],"class_list":{"0":"post-589921","1":"post","2":"type-post","3":"status-publish","4":"format-standard","5":"has-post-thumbnail","7":"category-strasbourg","8":"tag-actu","9":"tag-actualites","10":"tag-animaux","11":"tag-edition-strasbourg","12":"tag-eu","13":"tag-europe","14":"tag-fil-info","15":"tag-fr","16":"tag-france","17":"tag-grand-est","18":"tag-illkirch-graffenstaden","19":"tag-news","20":"tag-republique-francaise","21":"tag-sante","22":"tag-societe","23":"tag-strasbourg","24":"tag-strasbourg-sud"},"share_on_mastodon":{"url":"https:\/\/pubeurope.com\/@fr\/115693470736106614","error":""},"_links":{"self":[{"href":"https:\/\/www.europesays.com\/fr\/wp-json\/wp\/v2\/posts\/589921","targetHints":{"allow":["GET"]}}],"collection":[{"href":"https:\/\/www.europesays.com\/fr\/wp-json\/wp\/v2\/posts"}],"about":[{"href":"https:\/\/www.europesays.com\/fr\/wp-json\/wp\/v2\/types\/post"}],"author":[{"embeddable":true,"href":"https:\/\/www.europesays.com\/fr\/wp-json\/wp\/v2\/users\/2"}],"replies":[{"embeddable":true,"href":"https:\/\/www.europesays.com\/fr\/wp-json\/wp\/v2\/comments?post=589921"}],"version-history":[{"count":0,"href":"https:\/\/www.europesays.com\/fr\/wp-json\/wp\/v2\/posts\/589921\/revisions"}],"wp:featuredmedia":[{"embeddable":true,"href":"https:\/\/www.europesays.com\/fr\/wp-json\/wp\/v2\/media\/589922"}],"wp:attachment":[{"href":"https:\/\/www.europesays.com\/fr\/wp-json\/wp\/v2\/media?parent=589921"}],"wp:term":[{"taxonomy":"category","embeddable":true,"href":"https:\/\/www.europesays.com\/fr\/wp-json\/wp\/v2\/categories?post=589921"},{"taxonomy":"post_tag","embeddable":true,"href":"https:\/\/www.europesays.com\/fr\/wp-json\/wp\/v2\/tags?post=589921"}],"curies":[{"name":"wp","href":"https:\/\/api.w.org\/{rel}","templated":true}]}}