{"id":589929,"date":"2025-12-10T04:54:20","date_gmt":"2025-12-10T04:54:20","guid":{"rendered":"https:\/\/www.europesays.com\/fr\/589929\/"},"modified":"2025-12-10T04:54:20","modified_gmt":"2025-12-10T04:54:20","slug":"litineraire-atypique-dun-architecte-fraichement-diplome","status":"publish","type":"post","link":"https:\/\/www.europesays.com\/fr\/589929\/","title":{"rendered":"L\u2019itin\u00e9raire atypique d\u2019un architecte fra\u00eechement dipl\u00f4m\u00e9 &#8211;"},"content":{"rendered":"<p class=\"has-vivid-red-color has-text-color has-link-color has-medium-font-size wp-elements-cfca0d5b196bae29230a21f8f55591ff\">Le 11\u202fseptembre dernier, Marcel Toulgoat a officiellement re\u00e7u son dipl\u00f4me d\u2019architecte apr\u00e8s six ans d\u2019\u00e9tudes\u2009; une exp\u00e9rience qui force le respect vis-\u00e0-vis du jeune \u00e9l\u00e8ve dyslexique qu\u2019il \u00e9tait \u00e0 l\u2019\u00e9cole qui explique aujourd\u2019hui, fort de son parcours atypique, que rien n\u2019est jamais perdu.<\/p>\n<p class=\"has-medium-font-size\">\u00ab\u202fLa breloque est belle\u202f\u00bb, image Marcel Toulgoat. \u00c0 tout juste 60 ans, le Lennonais vient d\u2019obtenir son dipl\u00f4me d\u2019architecte, apr\u00e8s avoir repris ses \u00e9tudes pendant six ans \u00e0 l\u2019\u00c9cole nationale sup\u00e9rieure d\u2019architecture de Nantes. Il en a pourtant fallu de l\u2019opini\u00e2tret\u00e9 pour avaler \u00e0 d\u2019innombrables reprises les 250 kilom\u00e8tres qui s\u00e9parent sa commune du Finist\u00e8re \u00e0 la Loire-Atlantique. \u00ab\u202fJ\u2019y allais entre deux et trois jours, tous les dix jours. Les cours commen\u00e7aient le jeudi \u00e0 9\u202fh. \u00c7a supposait de se lever \u00e0 4\u202fh du matin, avec des journ\u00e9es qui finissaient \u00e0 22\u202fh. C\u2019est lourd, psychologiquement et physiquement, admet-il r\u00e9trospectivement\u2009; financi\u00e8rement aussi parce qu\u2019au bout de six ans, \u00e7a commence \u00e0 tirer sur les comptes de la famille, entre le transport, l\u2019h\u00f4tel, etc.\u202f\u00bb<\/p>\n<p class=\"has-medium-font-size\">L\u2019id\u00e9e d\u2019exercer le m\u00e9tier d\u2019architecte tourne dans l\u2019esprit du Finist\u00e9rien depuis un moment d\u00e9j\u00e0. \u00ab\u202fC\u2019est une forme de libert\u00e9 par rapport \u00e0 mon m\u00e9tier pr\u00e9c\u00e9dent de dessinateur en b\u00e2timent, sans les contraintes habituelles, et \u00e7a permet d\u2019acc\u00e9der \u00e0 certaines commandes auxquelles je n\u2019aurais pas eu acc\u00e8s avant.\u202f\u00bb Y arriver a cependant n\u00e9cessit\u00e9 de franchir plusieurs paliers. \u00ab\u202fAvant d\u2019en arriver l\u00e0, j\u2019avais fait deux VAE [validation des acquis de l\u2019exp\u00e9rience], une certification en dessinateur projeteur en 2013 et une licence de g\u00e9nie civile en 2014. \u00c7a permet de prendre conscience des capacit\u00e9s qu\u2019on acquiert au fur et \u00e0 mesure de son exp\u00e9rience professionnelle, et \u00e7a fait du bien.\u202f\u00bb<\/p>\n<p>\u00ab\u202fIl faut d\u00e9sapprendre beaucoup de choses\u202f\u00bb<\/p>\n<p class=\"has-medium-font-size\">En 2019, le voil\u00e0 qui entame sa reprise d\u2019\u00e9tudes en int\u00e9grant une FPC [formation professionnelle continue]. \u00ab\u202fJ\u2019ai de grosses bases techniques, mais c\u2019est aussi un handicap contrairement \u00e0 ce qu\u2019on pourrait penser, puisqu\u2019il faut d\u00e9sapprendre beaucoup de choses.\u202f\u00bb Il y c\u00f4toie 18 autres \u00e9l\u00e8ves, de 29 \u00e0 54 ans, eux aussi en reconversion. \u00ab\u202fIl y avait des gens titulaires de bac pro, des bacs plus\u202fcinq, des ing\u00e9nieurs, des gens qui ont fait les Beaux-Arts, etc., et qui ne s\u2019y retrouvaient plus dans leurs domaines respectifs. Durant la quatri\u00e8me ann\u00e9e, on bascule dans le cycle normal des autres \u00e9tudiants de l\u2019\u00e9cole d\u2019architecture. C\u2019\u00e9tait d\u2019ailleurs int\u00e9ressant de passer avec les jeunes et voir comment ils travaillent. Je suis toujours dubitatif quand j\u2019entends dire que les jeunes ne veulent pas bosser. J\u2019ai vu les jeunes cravacher comme des b\u00eates. Ils analysent vite, ils bossent vite, ils bossent bien\u2009; ils sont bons quoi. Techniquement, ils ne sont pas encore fiables, mais pour le reste, nos \u00e9changes ont \u00e9t\u00e9 tr\u00e8s int\u00e9ressants.\u202f\u00bb<\/p>\n<p class=\"has-medium-font-size\">Durant six ans, le Finist\u00e9rien ne m\u00e9nage pas sa peine. \u00ab\u202fLa quantit\u00e9 de travail fourni est dingue. C\u2019est mon \u00e9pouse, qui \u00e9tait un peu ext\u00e9rieure \u00e0 \u00e7a, qui me l\u2019a fait remarquer.\u202f\u00bb Un tiers des \u00e9l\u00e8ves n\u2019ira d\u2019ailleurs pas au bout de la formation. Malgr\u00e9 son m\u00e9tier qu\u2019il doit exercer en parall\u00e8le pour continuer \u00e0 gagner sa vie, le doyen de la promotion tient bon. \u00ab\u202fJe pense qu\u2019on a une capacit\u00e9 de travail \u00e9norme lorsque l\u2019on veut atteindre un objectif. Quand \u00e7a s\u2019est arr\u00eat\u00e9, le 11\u202fseptembre dernier, \u00e7a a fait une esp\u00e8ce de gros vide. J\u2019imagine que c\u2019est ce que doivent vivre les sportifs de haut niveau quand ils prennent leur retraite\u202f\u00bb, sourit-il\u2009; \u00e0 la diff\u00e9rence pr\u00e8s que lui a d\u00e9croch\u00e9 la plus belle des m\u00e9dailles en voyant son nom inscrit, le 7\u202fnovembre dernier, \u00e0 l\u2019ordre des architectes, lui permettant, par l\u00e0 m\u00eame, d\u2019exercer d\u00e9sormais officiellement comme architecte DEA-HMONP [dipl\u00f4me d\u2019\u00c9tat habilit\u00e9 \u00e0 la ma\u00eetrise d\u2019\u0153uvre en son nom propre].<\/p>\n<p>La dyslexie dans les ann\u00e9es 1970\u2026<\/p>\n<p class=\"has-medium-font-size\">Reprendre des \u00e9tudes \u00e0 son \u00e2ge, sans faire injure \u00e0 Marcel Toulgoat, sort d\u00e9j\u00e0 de l\u2019ordinaire\u2009; le faire lorsque l\u2019on sait que ce dernier a v\u00e9cu une \u00ab\u202fscolarit\u00e9 chaotique\u202f\u00bb du fait de sa dyslexie force le respect. \u00ab\u202fJe sais d\u2019o\u00f9 je viens, je sais combien j\u2019ai gal\u00e9r\u00e9\u202f\u00bb, indique-t-il sobrement.<\/p>\n<p class=\"has-medium-font-size\">La dyslexie n\u2019est pas un obstacle insurmontable. Sans \u00e7a, Mozart, L\u00e9onard de Vinci, Winston Churchill, Jules Verne ou Albert Einstein ne nous auraient pas g\u00e2t\u00e9s de leurs talents. Le parcours scolaire du jeune Marcel n\u2019a cependant pas \u00e9t\u00e9 sans emb\u00fbche. \u00ab\u202fLire en public, \u00e7a m\u2019\u00e9tait impossible, je ne connais toujours pas mes tables de multiplication au-del\u00e0 de 6 X 6, \u00e9num\u00e8re-t-il. Les handicaps, comme la dyslexie, la dysphasie et compagnie, dans la scolarit\u00e9 des ann\u00e9es 1970, \u00e7a n\u2019\u00e9tait vraiment pas au c\u0153ur des pr\u00e9occupations. On n\u2019est pas b\u00eate, c\u2019est juste que le cerveau ne fonctionne pas de la m\u00eame mani\u00e8re. Par contre, toute notre vie, \u00e7a oblige \u00e0 se cr\u00e9er des capacit\u00e9s d\u2019\u00e9vitements.\u202f\u00bb<\/p>\n<p class=\"has-medium-font-size\">L\u2019architecte redit combien nommer les choses l\u2019a consid\u00e9rablement aid\u00e9. \u00ab\u202fJ\u2019aimerais montrer comment on peut s\u2019en sortir parce que quand je pense aux gamins d\u2019aujourd\u2019hui, m\u00eame si on conna\u00eet un peu mieux ce handicap, je me dis que certains vont souffrir. Malgr\u00e9 cela, il ne faut pas qu\u2019ils l\u00e2chent l\u2019affaire. Il faut juste trouver les cl\u00e9s qui vont leur permettre d\u2019avancer dans la vie et dans les \u00e9tudes. Ce qui est dr\u00f4le, c\u2019est que mon \u00e9pouse est enseignante et conna\u00eet bien ce genre de situations. Elle est tr\u00e8s positive dans sa pratique p\u00e9dagogique et fait attention dans la mani\u00e8re dont elle am\u00e8ne les choses avec les enfants.\u202f\u00bb<\/p>\n<p>\u00ab\u202fLes \u00e9tudes techniques m\u2019ont sauv\u00e9\u202f\u00bb<\/p>\n<p class=\"has-medium-font-size\">Dans la premi\u00e8re moiti\u00e9 des ann\u00e9es 1980, les \u00e9tudes techniques ont \u00e9t\u00e9 la planche de salut du jeune coll\u00e9gien. \u00ab\u202fC\u2019est ce qui m\u2019a sauv\u00e9. J\u2019ai suivi des \u00e9tudes en \u00e9conomie de la construction, et j\u2019ai encha\u00een\u00e9 au lyc\u00e9e Freyssinet de Saint-Brieuc. \u00c7a n\u2019a pas toujours \u00e9t\u00e9 une partie de plaisir, mais la partie technique m\u2019a plu\u202f\u00bb, se rem\u00e9more-t-il. Marcel Toulgoat redit \u00e9galement l\u2019importance d\u00e9terminante de certains enseignants. Plus de 40 ans apr\u00e8s, il se souvient encore d\u2019un professeur de fran\u00e7ais, mati\u00e8re qui n\u2019avait pourtant pas sa pr\u00e9f\u00e9rence. \u00ab\u202fCe gars-l\u00e0 \u00e9tait fut\u00e9 parce qu\u2019il savait qu\u2019avec les autres \u00e9l\u00e8ves, on n\u2019\u00e9tait pas des \u00e9p\u00e9es en fran\u00e7ais. C\u2019\u00e9tait l\u2019un des rares qui lisait les textes \u00e0 haute voix, l\u00e0 o\u00f9 les autres professeurs nous demandaient de lire nous-m\u00eames. Sauf que, suivant le handicap, c\u2019est hyperdur de lire. Ce prof, en lisant le texte tout haut, savait que tout le monde comprenait et qu\u2019on \u00e9tait tous sur un pied d\u2019\u00e9galit\u00e9. C\u2019\u00e9tait tr\u00e8s intelligent de sa part.\u202f\u00bb Marcel Toulgoat, lui non plus, n\u2019h\u00e9site pas \u00e0 aller aux devants des jeunes en difficult\u00e9 scolaire. \u00ab\u202fQuand je rencontre des parents avec leurs enfants, je leur dis que rien n\u2019est perdu. Il y a forc\u00e9ment une porte pour eux quelque part et certaines pratiques dans lesquelles ils vont exceller.\u202f\u00bb<\/p>\n<p class=\"has-medium-font-size\">Cet automne, fort de ces \u00e9tudes couronn\u00e9es de succ\u00e8s, Marcel Toulgoat a donc entam\u00e9 un nouveau chapitre de sa vie professionnelle, avec un carnet de commandes qui se remplit d\u2019ores et d\u00e9j\u00e0 petit \u00e0 petit. \u00ab\u202fJ\u2019ai m\u00eame des clients qui savaient que j\u2019\u00e9tais en \u00e9tudes et qui ont retard\u00e9 leur projet pour attendre que je sois architecte avant de faire appel \u00e0 moi.\u202f\u00bb D\u00e9cid\u00e9ment insatiable, le Finist\u00e9rien n\u2019entend toujours pas se contenter de son dipl\u00f4me et envisage tr\u00e8s s\u00e9rieusement de poursuivre un doctorat dans les ann\u00e9es \u00e0 venir. \u00ab\u202fCe serait dommage d\u2019arr\u00eater l\u00e0. Si je le fais, ce sera sur le R\u00e9seau breton\u202f\u00bb, promet-il.<\/p>\n","protected":false},"excerpt":{"rendered":"Le 11\u202fseptembre dernier, Marcel Toulgoat a officiellement re\u00e7u son dipl\u00f4me d\u2019architecte apr\u00e8s six ans d\u2019\u00e9tudes\u2009; une exp\u00e9rience qui&hellip;\n","protected":false},"author":2,"featured_media":589930,"comment_status":"","ping_status":"","sticky":false,"template":"","format":"standard","meta":{"footnotes":""},"categories":[2818],"tags":[1111,11,31324,70306,70307,1777,674,1011,27,1943,20219,70308,766,12,2636,70309,25],"class_list":{"0":"post-589929","1":"post","2":"type-post","3":"status-publish","4":"format-standard","5":"has-post-thumbnail","7":"category-nantes","8":"tag-actu","9":"tag-actualites","10":"tag-architecte","11":"tag-centre-ouest-bretagne","12":"tag-dyslexie","13":"tag-eu","14":"tag-europe","15":"tag-fr","16":"tag-france","17":"tag-handicap","18":"tag-leuhan","19":"tag-marcel-toulgoat","20":"tag-nantes","21":"tag-news","22":"tag-pays-de-la-loire","23":"tag-reprise-detudes","24":"tag-republique-francaise"},"share_on_mastodon":{"url":"https:\/\/pubeurope.com\/@fr\/115693490260077032","error":""},"_links":{"self":[{"href":"https:\/\/www.europesays.com\/fr\/wp-json\/wp\/v2\/posts\/589929","targetHints":{"allow":["GET"]}}],"collection":[{"href":"https:\/\/www.europesays.com\/fr\/wp-json\/wp\/v2\/posts"}],"about":[{"href":"https:\/\/www.europesays.com\/fr\/wp-json\/wp\/v2\/types\/post"}],"author":[{"embeddable":true,"href":"https:\/\/www.europesays.com\/fr\/wp-json\/wp\/v2\/users\/2"}],"replies":[{"embeddable":true,"href":"https:\/\/www.europesays.com\/fr\/wp-json\/wp\/v2\/comments?post=589929"}],"version-history":[{"count":0,"href":"https:\/\/www.europesays.com\/fr\/wp-json\/wp\/v2\/posts\/589929\/revisions"}],"wp:featuredmedia":[{"embeddable":true,"href":"https:\/\/www.europesays.com\/fr\/wp-json\/wp\/v2\/media\/589930"}],"wp:attachment":[{"href":"https:\/\/www.europesays.com\/fr\/wp-json\/wp\/v2\/media?parent=589929"}],"wp:term":[{"taxonomy":"category","embeddable":true,"href":"https:\/\/www.europesays.com\/fr\/wp-json\/wp\/v2\/categories?post=589929"},{"taxonomy":"post_tag","embeddable":true,"href":"https:\/\/www.europesays.com\/fr\/wp-json\/wp\/v2\/tags?post=589929"}],"curies":[{"name":"wp","href":"https:\/\/api.w.org\/{rel}","templated":true}]}}